{"id":11505,"date":"2021-12-04T10:19:32","date_gmt":"2021-12-04T13:19:32","guid":{"rendered":"https:\/\/radiorevelacionfm.cl\/?p=11505"},"modified":"2021-12-04T10:19:32","modified_gmt":"2021-12-04T13:19:32","slug":"corte-suprema-rechaza-apelaciones-y-confirma-fallos-que-ordenaron-la-reincorporacion-de-funcionarios-desvinculados-del-gobierno-regional-de-aysen","status":"publish","type":"post","link":"https:\/\/radiorevelacionfm.cl\/?p=11505","title":{"rendered":"Corte Suprema rechaza apelaciones y confirma fallos que ordenaron la reincorporaci\u00f3n de funcionarios desvinculados del Gobierno Regional de Ays\u00e9n"},"content":{"rendered":"<div class=\"flex_column av_one_full  flex_column_div av-zero-column-padding first  avia-builder-el-0  el_before_av_one_full  avia-builder-el-first  \" style='border-radius:0px; '><div  class='avia-image-container  av-styling-    avia-builder-el-1  avia-builder-el-no-sibling  avia-align-center '  itemprop=\"image\" itemscope=\"itemscope\" itemtype=\"https:\/\/schema.org\/ImageObject\"  ><div class='avia-image-container-inner'><div class='avia-image-overlay-wrap'><img decoding=\"async\" class='wp-image-9083 avia-img-lazy-loading-not-9083 avia_image' src=\"https:\/\/radiorevelacionfm.cl\/wp-content\/uploads\/2021\/09\/gobierno-regional-1_optimized.jpg\" alt='' title='gobierno-regional-(1)_optimized' height=\"600\" width=\"1066\"  itemprop=\"thumbnailUrl\" srcset=\"https:\/\/radiorevelacionfm.cl\/wp-content\/uploads\/2021\/09\/gobierno-regional-1_optimized.jpg 1066w, https:\/\/radiorevelacionfm.cl\/wp-content\/uploads\/2021\/09\/gobierno-regional-1_optimized-300x169.jpg 300w, https:\/\/radiorevelacionfm.cl\/wp-content\/uploads\/2021\/09\/gobierno-regional-1_optimized-1030x580.jpg 1030w, https:\/\/radiorevelacionfm.cl\/wp-content\/uploads\/2021\/09\/gobierno-regional-1_optimized-768x432.jpg 768w, https:\/\/radiorevelacionfm.cl\/wp-content\/uploads\/2021\/09\/gobierno-regional-1_optimized-705x397.jpg 705w, https:\/\/radiorevelacionfm.cl\/wp-content\/uploads\/2021\/09\/gobierno-regional-1_optimized-600x338.jpg 600w\" sizes=\"(max-width: 1066px) 100vw, 1066px\" \/><\/div><\/div><\/div><\/div><div class=\"flex_column av_one_full  flex_column_div av-zero-column-padding first  avia-builder-el-2  el_after_av_one_full  el_before_av_one_full  column-top-margin\" style='border-radius:0px; '><section class=\"av_textblock_section \"  itemscope=\"itemscope\" itemtype=\"https:\/\/schema.org\/BlogPosting\" itemprop=\"blogPost\" ><div class='avia_textblock  '   itemprop=\"text\" ><p style=\"text-align: center;\"><strong><span style=\"font-size: 18pt;\">Corte Suprema rechaza apelaciones y confirma fallos que ordenaron la reincorporaci\u00f3n de funcionarios desvinculados del Gobierno Regional de Ays\u00e9n <\/span><\/strong><\/p>\n<div id=\"gtx-trans\" style=\"position: absolute; left: -50px; top: 4.31534px;\">\n<div class=\"gtx-trans-icon\"><\/div>\n<\/div>\n<\/div><\/section><\/div><div class=\"flex_column av_one_full  flex_column_div av-zero-column-padding first  avia-builder-el-4  el_after_av_one_full  el_before_av_hr  column-top-margin\" style='border-radius:0px; '><section class=\"av_textblock_section \"  itemscope=\"itemscope\" itemtype=\"https:\/\/schema.org\/BlogPosting\" itemprop=\"blogPost\" ><div class='avia_textblock  '   itemprop=\"text\" ><p class=\"v1MsoNormal\" style=\"text-align: justify;\">La Corte Suprema rechaz\u00f3 recursos de apelaci\u00f3n y confirm\u00f3 la reincorporaci\u00f3n de los funcionarios Felipe Le\u00f3n Maldonado y Mar\u00eda Villegas Almonacid al Gobierno Regional de Ays\u00e9n y al pago de sus remuneraciones durante el tiempo que estuvieron separados de sus labores.<\/p>\n<p class=\"v1MsoNormal\" style=\"text-align: justify;\">En los fallos (causa rol 329-2021 y 330-2021), la Tercera Sala del m\u00e1ximo tribunal \u2013integrada por los ministros Sergio Mu\u00f1oz Gajardo, \u00c1ngela Vivanco Mart\u00ednez, Mario Carroza Espinoza y los abogados (i) Diego Munita Luco y Pedro \u00c1guila Y\u00e1\u00f1ez\u2013 estableci\u00f3 que en ambas sentencias dictadas por la Corte de Apelaciones de Coyhaique se hizo una correcta aplicaci\u00f3n del derecho.<\/p>\n<p class=\"v1MsoNormal\" style=\"text-align: justify;\">En las sentencias de la Corte de Apelaciones de Coyhaique, se estableci\u00f3 \u00abque el actuar arbitrario e ilegal de la recurrida vulnera el derecho a la igualdad ante la ley, consagrado en el arti\u0301culo 19, N\u00b02, de la Constitucio\u0301n Poli\u0301tica de la Repu\u0301blica, desde que se ha discriminado arbitrariamente a la recurrente, por cuanto se prescindio\u0301 de sus servicios, con mayor razo\u0301n si no se basan en cuestiones de me\u0301rito profesional, a cuyo respecto la avalan sus calificaciones previas de desempen\u0303o\u00bb.<\/p>\n<p class=\"v1MsoNormal\" style=\"text-align: justify;\">\u00abAsimismo, tal acto, vulnera el derecho de propiedad, estatuido en el arti\u0301culo 19, N\u00b024, del nuestra Carta Magna, desde que priva de manera ilegi\u0301tima a la recurrente de las remuneraciones a las que teni\u0301a derecho a percibir durante su desempen\u0303o laboral, al menos, hasta el 31 de Diciembre del an\u0303o 2021\u00bb, argumentan las sentencias del tribunal de alzada.<\/p>\n<\/div><\/section><\/div><div  style='height:50px' class='hr hr-invisible   avia-builder-el-6  el_after_av_one_full  el_before_av_social_share '><span class='hr-inner ' ><span class='hr-inner-style'><\/span><\/span><\/div><\/p>\n<div  class='av-social-sharing-box  avia-builder-el-7  el_after_av_hr  el_before_av_hr  '><div class='av-share-box'><h5 class='av-share-link-description av-no-toc '>Compartir esta noticia<\/h5><ul class='av-share-box-list noLightbox'><li class='av-share-link av-social-link-facebook' ><a target=\"_blank\" aria-label=\"Compartir en Facebook\" href='https:\/\/www.facebook.com\/sharer.php?u=https:\/\/radiorevelacionfm.cl\/?p=11505&#038;t=Corte%20Suprema%20rechaza%20apelaciones%20y%20confirma%20fallos%20que%20ordenaron%20la%20reincorporaci%C3%B3n%20de%20funcionarios%20desvinculados%20del%20Gobierno%20Regional%20de%20Ays%C3%A9n' aria-hidden='false' data-av_icon='\ue8f3' data-av_iconfont='entypo-fontello' title='' data-avia-related-tooltip='Compartir en Facebook' rel=\"noopener\"><span class='avia_hidden_link_text'>Compartir en Facebook<\/span><\/a><\/li><li class='av-share-link av-social-link-twitter' ><a target=\"_blank\" aria-label=\"Compartir en Twitter\" href='https:\/\/twitter.com\/share?text=Corte%20Suprema%20rechaza%20apelaciones%20y%20confirma%20fallos%20que%20ordenaron%20la%20reincorporaci%C3%B3n%20de%20funcionarios%20desvinculados%20del%20Gobierno%20Regional%20de%20Ays%C3%A9n&#038;url=https:\/\/radiorevelacionfm.cl\/?p=11505' aria-hidden='false' data-av_icon='\ue8f1' data-av_iconfont='entypo-fontello' title='' data-avia-related-tooltip='Compartir en Twitter' rel=\"noopener\"><span class='avia_hidden_link_text'>Compartir en Twitter<\/span><\/a><\/li><li class='av-share-link av-social-link-whatsapp' ><a target=\"_blank\" aria-label=\"Compartir en Whatsapp\" href='https:\/\/api.whatsapp.com\/send?text=https:\/\/radiorevelacionfm.cl\/?p=11505' aria-hidden='false' data-av_icon='\uf232' data-av_iconfont='entypo-fontello' title='' data-avia-related-tooltip='Compartir en Whatsapp' rel=\"noopener\"><span class='avia_hidden_link_text'>Compartir en Whatsapp<\/span><\/a><\/li><li class='av-share-link av-social-link-linkedin' ><a target=\"_blank\" aria-label=\"Compartir en LinkedIn\" href='https:\/\/linkedin.com\/shareArticle?mini=true&#038;title=Corte%20Suprema%20rechaza%20apelaciones%20y%20confirma%20fallos%20que%20ordenaron%20la%20reincorporaci%C3%B3n%20de%20funcionarios%20desvinculados%20del%20Gobierno%20Regional%20de%20Ays%C3%A9n&#038;url=https:\/\/radiorevelacionfm.cl\/?p=11505' aria-hidden='false' data-av_icon='\ue8fc' data-av_iconfont='entypo-fontello' title='' data-avia-related-tooltip='Compartir en LinkedIn' rel=\"noopener\"><span class='avia_hidden_link_text'>Compartir en LinkedIn<\/span><\/a><\/li><li class='av-share-link av-social-link-mail' ><a  aria-label=\"Compartir por correo\" href='mailto:?subject=Corte%20Suprema%20rechaza%20apelaciones%20y%20confirma%20fallos%20que%20ordenaron%20la%20reincorporaci%C3%B3n%20de%20funcionarios%20desvinculados%20del%20Gobierno%20Regional%20de%20Ays%C3%A9n&#038;body=https:\/\/radiorevelacionfm.cl\/?p=11505' aria-hidden='false' data-av_icon='\ue805' data-av_iconfont='entypo-fontello' title='' data-avia-related-tooltip='Compartir por correo'><span class='avia_hidden_link_text'>Compartir por correo<\/span><\/a><\/li><\/ul><\/div><\/div>\n<div  style='height:50px' class='hr hr-invisible   avia-builder-el-8  el_after_av_social_share  el_before_av_comments_list '><span class='hr-inner ' ><span class='hr-inner-style'><\/span><\/span><\/div>\n<div  class='av-buildercomment  av-blog-meta-html-info-disabled av-blog-meta-tag-disabled  '><\/div>\n","protected":false},"excerpt":{"rendered":"","protected":false},"author":1,"featured_media":9083,"comment_status":"open","ping_status":"open","sticky":false,"template":"","format":"standard","meta":{"footnotes":""},"categories":[55],"tags":[],"class_list":["post-11505","post","type-post","status-publish","format-standard","has-post-thumbnail","hentry","category-justicia"],"jetpack_featured_media_url":"https:\/\/radiorevelacionfm.cl\/wp-content\/uploads\/2021\/09\/gobierno-regional-1_optimized.jpg","_links":{"self":[{"href":"https:\/\/radiorevelacionfm.cl\/index.php?rest_route=\/wp\/v2\/posts\/11505","targetHints":{"allow":["GET"]}}],"collection":[{"href":"https:\/\/radiorevelacionfm.cl\/index.php?rest_route=\/wp\/v2\/posts"}],"about":[{"href":"https:\/\/radiorevelacionfm.cl\/index.php?rest_route=\/wp\/v2\/types\/post"}],"author":[{"embeddable":true,"href":"https:\/\/radiorevelacionfm.cl\/index.php?rest_route=\/wp\/v2\/users\/1"}],"replies":[{"embeddable":true,"href":"https:\/\/radiorevelacionfm.cl\/index.php?rest_route=%2Fwp%2Fv2%2Fcomments&post=11505"}],"version-history":[{"count":2,"href":"https:\/\/radiorevelacionfm.cl\/index.php?rest_route=\/wp\/v2\/posts\/11505\/revisions"}],"predecessor-version":[{"id":11519,"href":"https:\/\/radiorevelacionfm.cl\/index.php?rest_route=\/wp\/v2\/posts\/11505\/revisions\/11519"}],"wp:featuredmedia":[{"embeddable":true,"href":"https:\/\/radiorevelacionfm.cl\/index.php?rest_route=\/wp\/v2\/media\/9083"}],"wp:attachment":[{"href":"https:\/\/radiorevelacionfm.cl\/index.php?rest_route=%2Fwp%2Fv2%2Fmedia&parent=11505"}],"wp:term":[{"taxonomy":"category","embeddable":true,"href":"https:\/\/radiorevelacionfm.cl\/index.php?rest_route=%2Fwp%2Fv2%2Fcategories&post=11505"},{"taxonomy":"post_tag","embeddable":true,"href":"https:\/\/radiorevelacionfm.cl\/index.php?rest_route=%2Fwp%2Fv2%2Ftags&post=11505"}],"curies":[{"name":"wp","href":"https:\/\/api.w.org\/{rel}","templated":true}]}}