{"id":11502,"date":"2021-12-04T10:07:31","date_gmt":"2021-12-04T13:07:31","guid":{"rendered":"https:\/\/radiorevelacionfm.cl\/?p=11502"},"modified":"2021-12-04T10:07:31","modified_gmt":"2021-12-04T13:07:31","slug":"registro-civil-inicio-plan-de-refuerzo-para-renovar-cedulas-de-identidad","status":"publish","type":"post","link":"https:\/\/radiorevelacionfm.cl\/?p=11502","title":{"rendered":"Registro Civil inici\u00f3 Plan de Refuerzo para renovar c\u00e9dulas de identidad"},"content":{"rendered":"<div class=\"flex_column av_one_full  flex_column_div av-zero-column-padding first  avia-builder-el-0  el_before_av_one_full  avia-builder-el-first  \" style='border-radius:0px; '><div  class='avia-image-container  av-styling-    avia-builder-el-1  avia-builder-el-no-sibling  avia-align-center '  itemprop=\"image\" itemscope=\"itemscope\" itemtype=\"https:\/\/schema.org\/ImageObject\"  ><div class='avia-image-container-inner'><div class='avia-image-overlay-wrap'><img decoding=\"async\" class='wp-image-11503 avia-img-lazy-loading-not-11503 avia_image' src=\"https:\/\/radiorevelacionfm.cl\/wp-content\/uploads\/2021\/12\/registro-civil-1-2-1-1.jpg\" alt='' title='registro civil 1 (2) (1) (1)' height=\"600\" width=\"800\"  itemprop=\"thumbnailUrl\" srcset=\"https:\/\/radiorevelacionfm.cl\/wp-content\/uploads\/2021\/12\/registro-civil-1-2-1-1.jpg 800w, https:\/\/radiorevelacionfm.cl\/wp-content\/uploads\/2021\/12\/registro-civil-1-2-1-1-300x225.jpg 300w, https:\/\/radiorevelacionfm.cl\/wp-content\/uploads\/2021\/12\/registro-civil-1-2-1-1-768x576.jpg 768w, https:\/\/radiorevelacionfm.cl\/wp-content\/uploads\/2021\/12\/registro-civil-1-2-1-1-705x529.jpg 705w, https:\/\/radiorevelacionfm.cl\/wp-content\/uploads\/2021\/12\/registro-civil-1-2-1-1-600x450.jpg 600w\" sizes=\"(max-width: 800px) 100vw, 800px\" \/><\/div><\/div><\/div><\/div><div class=\"flex_column av_one_full  flex_column_div av-zero-column-padding first  avia-builder-el-2  el_after_av_one_full  el_before_av_one_full  column-top-margin\" style='border-radius:0px; '><section class=\"av_textblock_section \"  itemscope=\"itemscope\" itemtype=\"https:\/\/schema.org\/BlogPosting\" itemprop=\"blogPost\" ><div class='avia_textblock  '   itemprop=\"text\" ><p style=\"text-align: center;\"><strong><span style=\"font-size: 18pt;\">Registro Civil inici\u00f3 Plan de Refuerzo para renovar c\u00e9dulas de identidad<\/span><\/strong><\/p>\n<div id=\"gtx-trans\" style=\"position: absolute; left: -50px; top: 4.31534px;\">\n<div class=\"gtx-trans-icon\"><\/div>\n<\/div>\n<\/div><\/section><\/div><div class=\"flex_column av_one_full  flex_column_div av-zero-column-padding first  avia-builder-el-4  el_after_av_one_full  el_before_av_hr  column-top-margin\" style='border-radius:0px; '><section class=\"av_textblock_section \"  itemscope=\"itemscope\" itemtype=\"https:\/\/schema.org\/BlogPosting\" itemprop=\"blogPost\" ><div class='avia_textblock  '   itemprop=\"text\" ><p style=\"text-align: justify;\">El Servicio de Registro Civil e Identificaci\u00f3n dio inicio al Plan de Refuerzo para aumentar la capacidad de captura de c\u00e9dulas de identidad, dado que a fines de este mes se extinguen los decretos que extend\u00edan las vigencias de las c\u00e9dulas de identidad, esto producto de la pandemia, y por lo que se espera un incremento en las solicitudes de renovaciones del documento de identificaci\u00f3n.<\/p>\n<p style=\"text-align: justify;\">El Director Regional del Servicio de Registro Civil e Identificaci\u00f3n Rodrigo Aguilera, se refiri\u00f3 a este plan, indicando que estas medidas buscan facilitar la actualizaci\u00f3n de los documentos de identidad para todos quienes los tengan vencidos \u201cnosotros tenemos una disponibilidad de horas que se pueden agendar en la p\u00e1gina web del Registro Civil, no obstante ello, vamos a reforzar la atenci\u00f3n de horas no tomadas, para aquellas personas que no tengan dicha posibilidad o vengan de alg\u00fan sector rural, aumentando a pr\u00e1cticamente el doble la capacidad de emisi\u00f3n de c\u00e9dulas\u201d.<\/p>\n<p style=\"text-align: justify;\">Dicho plan considera la atenci\u00f3n en lugares estrat\u00e9gicos de Coyhaique, con un puesto en BancoEstado entre las 09:00 y las 13:00 horas, y en el Supermercado H\u00edper Patag\u00f3nico del sector alto entre las 14:00 y las 17:30 horas, as\u00ed tambi\u00e9n se duplicar\u00e1 la oferta en las oficinas de Coyhaique y Puerto Ays\u00e9n, y se contar\u00e1 con un m\u00f3dulo de atenci\u00f3n exclusivo de c\u00e9dulas en la oficina del sector alto de Coyhaique.<\/p>\n<p style=\"text-align: justify;\">Mientras que el Seremi de Justicia y DD.HH Luis Prieto hizo un llamado a que las personas a revisen la vigencia de sus c\u00e9dulas de identidad, agregando que \u201cexisten en la regi\u00f3n alrededor de 10 mil c\u00e9dulas que debiesen ser renovadas en los pr\u00f3ximos meses, por ello es necesario no dejar para \u00faltimo momento la renovaci\u00f3n, utilizar el agendamiento en l\u00ednea que existe en las principales oficinas del Registro Civil en la regi\u00f3n, y aprovechar los puestos de atenci\u00f3n que se est\u00e1n desplegando en terreno en la comuna\u201d.<\/p>\n<p style=\"text-align: justify;\">Finalmente, cabe indicar que para c\u00e9dulas de extranjeras los decretos de extensi\u00f3n de vigencia establecen como fecha m\u00e1xima de extensi\u00f3n el 28 de febrero de 2022, y a su vez no se descartan otras medidas como habilitar puestos extras en oficinas y atenciones de fin de semana, todo esto de acuerdo a la demanda existente.<\/p>\n<\/div><\/section><\/div><div  style='height:50px' class='hr hr-invisible   avia-builder-el-6  el_after_av_one_full  el_before_av_social_share '><span class='hr-inner ' ><span class='hr-inner-style'><\/span><\/span><\/div><\/p>\n<div  class='av-social-sharing-box  avia-builder-el-7  el_after_av_hr  el_before_av_hr  '><div class='av-share-box'><h5 class='av-share-link-description av-no-toc '>Compartir esta noticia<\/h5><ul class='av-share-box-list noLightbox'><li class='av-share-link av-social-link-facebook' ><a target=\"_blank\" aria-label=\"Compartir en Facebook\" href='https:\/\/www.facebook.com\/sharer.php?u=https:\/\/radiorevelacionfm.cl\/?p=11502&#038;t=Registro%20Civil%20inici%C3%B3%20Plan%20de%20Refuerzo%20para%20renovar%20c%C3%A9dulas%20de%20identidad' aria-hidden='false' data-av_icon='\ue8f3' data-av_iconfont='entypo-fontello' title='' data-avia-related-tooltip='Compartir en Facebook' rel=\"noopener\"><span class='avia_hidden_link_text'>Compartir en Facebook<\/span><\/a><\/li><li class='av-share-link av-social-link-twitter' ><a target=\"_blank\" aria-label=\"Compartir en Twitter\" href='https:\/\/twitter.com\/share?text=Registro%20Civil%20inici%C3%B3%20Plan%20de%20Refuerzo%20para%20renovar%20c%C3%A9dulas%20de%20identidad&#038;url=https:\/\/radiorevelacionfm.cl\/?p=11502' aria-hidden='false' data-av_icon='\ue8f1' data-av_iconfont='entypo-fontello' title='' data-avia-related-tooltip='Compartir en Twitter' rel=\"noopener\"><span class='avia_hidden_link_text'>Compartir en Twitter<\/span><\/a><\/li><li class='av-share-link av-social-link-whatsapp' ><a target=\"_blank\" aria-label=\"Compartir en Whatsapp\" href='https:\/\/api.whatsapp.com\/send?text=https:\/\/radiorevelacionfm.cl\/?p=11502' aria-hidden='false' data-av_icon='\uf232' data-av_iconfont='entypo-fontello' title='' data-avia-related-tooltip='Compartir en Whatsapp' rel=\"noopener\"><span class='avia_hidden_link_text'>Compartir en Whatsapp<\/span><\/a><\/li><li class='av-share-link av-social-link-linkedin' ><a target=\"_blank\" aria-label=\"Compartir en LinkedIn\" href='https:\/\/linkedin.com\/shareArticle?mini=true&#038;title=Registro%20Civil%20inici%C3%B3%20Plan%20de%20Refuerzo%20para%20renovar%20c%C3%A9dulas%20de%20identidad&#038;url=https:\/\/radiorevelacionfm.cl\/?p=11502' aria-hidden='false' data-av_icon='\ue8fc' data-av_iconfont='entypo-fontello' title='' data-avia-related-tooltip='Compartir en LinkedIn' rel=\"noopener\"><span class='avia_hidden_link_text'>Compartir en LinkedIn<\/span><\/a><\/li><li class='av-share-link av-social-link-mail' ><a  aria-label=\"Compartir por correo\" href='mailto:?subject=Registro%20Civil%20inici%C3%B3%20Plan%20de%20Refuerzo%20para%20renovar%20c%C3%A9dulas%20de%20identidad&#038;body=https:\/\/radiorevelacionfm.cl\/?p=11502' aria-hidden='false' data-av_icon='\ue805' data-av_iconfont='entypo-fontello' title='' data-avia-related-tooltip='Compartir por correo'><span class='avia_hidden_link_text'>Compartir por correo<\/span><\/a><\/li><\/ul><\/div><\/div>\n<div  style='height:50px' class='hr hr-invisible   avia-builder-el-8  el_after_av_social_share  el_before_av_comments_list '><span class='hr-inner ' ><span class='hr-inner-style'><\/span><\/span><\/div>\n<div  class='av-buildercomment  av-blog-meta-html-info-disabled av-blog-meta-tag-disabled  '><\/div>\n","protected":false},"excerpt":{"rendered":"","protected":false},"author":1,"featured_media":11503,"comment_status":"open","ping_status":"open","sticky":false,"template":"","format":"standard","meta":{"footnotes":""},"categories":[38],"tags":[],"class_list":["post-11502","post","type-post","status-publish","format-standard","has-post-thumbnail","hentry","category-regional"],"jetpack_featured_media_url":"https:\/\/radiorevelacionfm.cl\/wp-content\/uploads\/2021\/12\/registro-civil-1-2-1-1.jpg","_links":{"self":[{"href":"https:\/\/radiorevelacionfm.cl\/index.php?rest_route=\/wp\/v2\/posts\/11502","targetHints":{"allow":["GET"]}}],"collection":[{"href":"https:\/\/radiorevelacionfm.cl\/index.php?rest_route=\/wp\/v2\/posts"}],"about":[{"href":"https:\/\/radiorevelacionfm.cl\/index.php?rest_route=\/wp\/v2\/types\/post"}],"author":[{"embeddable":true,"href":"https:\/\/radiorevelacionfm.cl\/index.php?rest_route=\/wp\/v2\/users\/1"}],"replies":[{"embeddable":true,"href":"https:\/\/radiorevelacionfm.cl\/index.php?rest_route=%2Fwp%2Fv2%2Fcomments&post=11502"}],"version-history":[{"count":2,"href":"https:\/\/radiorevelacionfm.cl\/index.php?rest_route=\/wp\/v2\/posts\/11502\/revisions"}],"predecessor-version":[{"id":11518,"href":"https:\/\/radiorevelacionfm.cl\/index.php?rest_route=\/wp\/v2\/posts\/11502\/revisions\/11518"}],"wp:featuredmedia":[{"embeddable":true,"href":"https:\/\/radiorevelacionfm.cl\/index.php?rest_route=\/wp\/v2\/media\/11503"}],"wp:attachment":[{"href":"https:\/\/radiorevelacionfm.cl\/index.php?rest_route=%2Fwp%2Fv2%2Fmedia&parent=11502"}],"wp:term":[{"taxonomy":"category","embeddable":true,"href":"https:\/\/radiorevelacionfm.cl\/index.php?rest_route=%2Fwp%2Fv2%2Fcategories&post=11502"},{"taxonomy":"post_tag","embeddable":true,"href":"https:\/\/radiorevelacionfm.cl\/index.php?rest_route=%2Fwp%2Fv2%2Ftags&post=11502"}],"curies":[{"name":"wp","href":"https:\/\/api.w.org\/{rel}","templated":true}]}}