{"id":11499,"date":"2021-12-04T10:00:50","date_gmt":"2021-12-04T13:00:50","guid":{"rendered":"https:\/\/radiorevelacionfm.cl\/?p=11499"},"modified":"2021-12-04T10:00:50","modified_gmt":"2021-12-04T13:00:50","slug":"alcalde-de-aysen-junto-a-funcionarios-municipales-visitan-proyectos-del-programa-de-mejoramiento-urbano","status":"publish","type":"post","link":"https:\/\/radiorevelacionfm.cl\/?p=11499","title":{"rendered":"Alcalde de Ays\u00e9n junto a funcionarios municipales visitan proyectos del Programa de Mejoramiento Urbano"},"content":{"rendered":"<div class=\"flex_column av_one_full  flex_column_div av-zero-column-padding first  avia-builder-el-0  el_before_av_one_full  avia-builder-el-first  \" style='border-radius:0px; '><div  class='avia-image-container  av-styling-    avia-builder-el-1  avia-builder-el-no-sibling  avia-align-center '  itemprop=\"image\" itemscope=\"itemscope\" itemtype=\"https:\/\/schema.org\/ImageObject\"  ><div class='avia-image-container-inner'><div class='avia-image-overlay-wrap'><img decoding=\"async\" class='wp-image-11500 avia-img-lazy-loading-not-11500 avia_image' src=\"https:\/\/radiorevelacionfm.cl\/wp-content\/uploads\/2021\/12\/estero-barro-pmu-foto-2-1_optimized.jpg\" alt='' title='estero-barro-pmu---foto-2-(1)_optimized' height=\"600\" width=\"800\"  itemprop=\"thumbnailUrl\" srcset=\"https:\/\/radiorevelacionfm.cl\/wp-content\/uploads\/2021\/12\/estero-barro-pmu-foto-2-1_optimized.jpg 800w, https:\/\/radiorevelacionfm.cl\/wp-content\/uploads\/2021\/12\/estero-barro-pmu-foto-2-1_optimized-300x225.jpg 300w, https:\/\/radiorevelacionfm.cl\/wp-content\/uploads\/2021\/12\/estero-barro-pmu-foto-2-1_optimized-768x576.jpg 768w, https:\/\/radiorevelacionfm.cl\/wp-content\/uploads\/2021\/12\/estero-barro-pmu-foto-2-1_optimized-705x529.jpg 705w, https:\/\/radiorevelacionfm.cl\/wp-content\/uploads\/2021\/12\/estero-barro-pmu-foto-2-1_optimized-600x450.jpg 600w\" sizes=\"(max-width: 800px) 100vw, 800px\" \/><\/div><\/div><\/div><\/div><div class=\"flex_column av_one_full  flex_column_div av-zero-column-padding first  avia-builder-el-2  el_after_av_one_full  el_before_av_one_full  column-top-margin\" style='border-radius:0px; '><section class=\"av_textblock_section \"  itemscope=\"itemscope\" itemtype=\"https:\/\/schema.org\/BlogPosting\" itemprop=\"blogPost\" ><div class='avia_textblock  '   itemprop=\"text\" ><p style=\"text-align: center;\"><strong><span style=\"font-size: 18pt;\">Alcalde de Ays\u00e9n junto a funcionarios municipales visitan proyectos del Programa de Mejoramiento Urbano<\/span><\/strong><\/p>\n<div id=\"gtx-trans\" style=\"position: absolute; left: -50px; top: 4.31534px;\">\n<div class=\"gtx-trans-icon\"><\/div>\n<\/div>\n<\/div><\/section><\/div><div class=\"flex_column av_one_full  flex_column_div av-zero-column-padding first  avia-builder-el-4  el_after_av_one_full  el_before_av_hr  column-top-margin\" style='border-radius:0px; '><section class=\"av_textblock_section \"  itemscope=\"itemscope\" itemtype=\"https:\/\/schema.org\/BlogPosting\" itemprop=\"blogPost\" ><div class='avia_textblock  '   itemprop=\"text\" ><p style=\"text-align: justify;\">La tarde del martes 30 de noviembre, el alcalde Julio Uribe Alvarado junto a personal administrativo del Programa de Mejoramiento Urbano (PMU), recorrieron el proyecto Estero Barro y la obra Jos\u00e9 Miguel Carrera Pinto de Puerto Chacabuco para reforzar v\u00ednculos con el personal en terreno y atender sus requerimientos t\u00e9cnicos.<\/p>\n<p style=\"text-align: justify;\">Con una comitiva que involucr\u00f3 diferentes \u00e1reas del municipio, entre la que se encontraban funcionarias administrativas de la Direcci\u00f3n de Aseo, Ornato y Medio Ambiente relacionadas a la ejecuci\u00f3n de los Fondos Regionales de Iniciativa Local (FRIL) que posee la casa edilicia, el alcalde de Ays\u00e9n visit\u00f3 a trabajadores y capataces a cargo de los proyectos en desarrollo del PMU de la localidad costera.<\/p>\n<p style=\"text-align: justify;\">Carolina Gonz\u00e1lez y Katerin Valdera, supervisoras de proyectos del FRIL, que estuvieron en la ocasi\u00f3n, tras visitar las faenas e intercambiar miras con el personal en terreno, agradecieron la iniciativa municipal con el fin de estar informadas de los requerimientos y as\u00ed posibilitar un \u00f3ptimo avance de las obras. \u201cHoy d\u00eda vinimos a la primera visita en terreno al proyecto Estero Barro de Puerto Chacabuco para realizar las compras que faltan y estar al tanto de lo que cada proyecto necesita\u201d, expres\u00f3 Gonz\u00e1lez.<\/p>\n<p style=\"text-align: justify;\">En la misma l\u00ednea, el alcalde Julio Uribe Alvarado recalc\u00f3 que acciones como las presentes son inminentes \u201cpara que estos proyectos funcionen. Hoy d\u00eda sobre todo con lo caro que est\u00e1n los materiales, que ellos tambi\u00e9n puedan discernir el c\u00f3mo se distribuyen los materiales, c\u00f3mo se ocupan, cu\u00e1les son las urgencias de cada uno, eso lo pueden comprobar solamente en terreno\u201d.<\/p>\n<p style=\"text-align: justify;\">En tanto, Miguel P\u00e9rez, capataz de la obra Jos\u00e9 Miguel Carrera Pinto, valor\u00f3 la instancia generada entre funcionarios, alcalde y personal del PMU. \u201cEs bueno porque realmente se van dando cuenta de los materiales que se necesitan en las obras\u201d, manifest\u00f3.<\/p>\n<p style=\"text-align: justify;\">Finalmente, la autoridad municipal expres\u00f3 que \u201ces fundamental que se pueda trabajar con nuestros trabajadores de los PMU y que salgan de la mejor forma. Que est\u00e9n con una distribuci\u00f3n de trabajo en el largo del tiempo. Son cosas que son importantes, de poder sacar nuevos proyectos para que ellos no tengan que esperar tanto tiempo desde que termina uno y parte el otro\u201d, y agreg\u00f3 que en \u201ceso nos estamos preocupando y esperamos que en 2022 sea mucho mejor para todo este tipo de proyectos\u201d.<\/p>\n<\/div><\/section><\/div><div  style='height:50px' class='hr hr-invisible   avia-builder-el-6  el_after_av_one_full  el_before_av_social_share '><span class='hr-inner ' ><span class='hr-inner-style'><\/span><\/span><\/div><\/p>\n<div  class='av-social-sharing-box  avia-builder-el-7  el_after_av_hr  el_before_av_hr  '><div class='av-share-box'><h5 class='av-share-link-description av-no-toc '>Compartir esta noticia<\/h5><ul class='av-share-box-list noLightbox'><li class='av-share-link av-social-link-facebook' ><a target=\"_blank\" aria-label=\"Compartir en Facebook\" href='https:\/\/www.facebook.com\/sharer.php?u=https:\/\/radiorevelacionfm.cl\/?p=11499&#038;t=Alcalde%20de%20Ays%C3%A9n%20junto%20a%20funcionarios%20municipales%20visitan%20proyectos%20del%20Programa%20de%20Mejoramiento%20Urbano' aria-hidden='false' data-av_icon='\ue8f3' data-av_iconfont='entypo-fontello' title='' data-avia-related-tooltip='Compartir en Facebook' rel=\"noopener\"><span class='avia_hidden_link_text'>Compartir en Facebook<\/span><\/a><\/li><li class='av-share-link av-social-link-twitter' ><a target=\"_blank\" aria-label=\"Compartir en Twitter\" href='https:\/\/twitter.com\/share?text=Alcalde%20de%20Ays%C3%A9n%20junto%20a%20funcionarios%20municipales%20visitan%20proyectos%20del%20Programa%20de%20Mejoramiento%20Urbano&#038;url=https:\/\/radiorevelacionfm.cl\/?p=11499' aria-hidden='false' data-av_icon='\ue8f1' data-av_iconfont='entypo-fontello' title='' data-avia-related-tooltip='Compartir en Twitter' rel=\"noopener\"><span class='avia_hidden_link_text'>Compartir en Twitter<\/span><\/a><\/li><li class='av-share-link av-social-link-whatsapp' ><a target=\"_blank\" aria-label=\"Compartir en Whatsapp\" href='https:\/\/api.whatsapp.com\/send?text=https:\/\/radiorevelacionfm.cl\/?p=11499' aria-hidden='false' data-av_icon='\uf232' data-av_iconfont='entypo-fontello' title='' data-avia-related-tooltip='Compartir en Whatsapp' rel=\"noopener\"><span class='avia_hidden_link_text'>Compartir en Whatsapp<\/span><\/a><\/li><li class='av-share-link av-social-link-linkedin' ><a target=\"_blank\" aria-label=\"Compartir en LinkedIn\" href='https:\/\/linkedin.com\/shareArticle?mini=true&#038;title=Alcalde%20de%20Ays%C3%A9n%20junto%20a%20funcionarios%20municipales%20visitan%20proyectos%20del%20Programa%20de%20Mejoramiento%20Urbano&#038;url=https:\/\/radiorevelacionfm.cl\/?p=11499' aria-hidden='false' data-av_icon='\ue8fc' data-av_iconfont='entypo-fontello' title='' data-avia-related-tooltip='Compartir en LinkedIn' rel=\"noopener\"><span class='avia_hidden_link_text'>Compartir en LinkedIn<\/span><\/a><\/li><li class='av-share-link av-social-link-mail' ><a  aria-label=\"Compartir por correo\" href='mailto:?subject=Alcalde%20de%20Ays%C3%A9n%20junto%20a%20funcionarios%20municipales%20visitan%20proyectos%20del%20Programa%20de%20Mejoramiento%20Urbano&#038;body=https:\/\/radiorevelacionfm.cl\/?p=11499' aria-hidden='false' data-av_icon='\ue805' data-av_iconfont='entypo-fontello' title='' data-avia-related-tooltip='Compartir por correo'><span class='avia_hidden_link_text'>Compartir por correo<\/span><\/a><\/li><\/ul><\/div><\/div>\n<div  style='height:50px' class='hr hr-invisible   avia-builder-el-8  el_after_av_social_share  el_before_av_comments_list '><span class='hr-inner ' ><span class='hr-inner-style'><\/span><\/span><\/div>\n<div  class='av-buildercomment  av-blog-meta-html-info-disabled av-blog-meta-tag-disabled  '><\/div>\n","protected":false},"excerpt":{"rendered":"","protected":false},"author":1,"featured_media":11500,"comment_status":"open","ping_status":"open","sticky":false,"template":"","format":"standard","meta":{"footnotes":""},"categories":[38],"tags":[],"class_list":["post-11499","post","type-post","status-publish","format-standard","has-post-thumbnail","hentry","category-regional"],"jetpack_featured_media_url":"https:\/\/radiorevelacionfm.cl\/wp-content\/uploads\/2021\/12\/estero-barro-pmu-foto-2-1_optimized.jpg","_links":{"self":[{"href":"https:\/\/radiorevelacionfm.cl\/index.php?rest_route=\/wp\/v2\/posts\/11499","targetHints":{"allow":["GET"]}}],"collection":[{"href":"https:\/\/radiorevelacionfm.cl\/index.php?rest_route=\/wp\/v2\/posts"}],"about":[{"href":"https:\/\/radiorevelacionfm.cl\/index.php?rest_route=\/wp\/v2\/types\/post"}],"author":[{"embeddable":true,"href":"https:\/\/radiorevelacionfm.cl\/index.php?rest_route=\/wp\/v2\/users\/1"}],"replies":[{"embeddable":true,"href":"https:\/\/radiorevelacionfm.cl\/index.php?rest_route=%2Fwp%2Fv2%2Fcomments&post=11499"}],"version-history":[{"count":2,"href":"https:\/\/radiorevelacionfm.cl\/index.php?rest_route=\/wp\/v2\/posts\/11499\/revisions"}],"predecessor-version":[{"id":11517,"href":"https:\/\/radiorevelacionfm.cl\/index.php?rest_route=\/wp\/v2\/posts\/11499\/revisions\/11517"}],"wp:featuredmedia":[{"embeddable":true,"href":"https:\/\/radiorevelacionfm.cl\/index.php?rest_route=\/wp\/v2\/media\/11500"}],"wp:attachment":[{"href":"https:\/\/radiorevelacionfm.cl\/index.php?rest_route=%2Fwp%2Fv2%2Fmedia&parent=11499"}],"wp:term":[{"taxonomy":"category","embeddable":true,"href":"https:\/\/radiorevelacionfm.cl\/index.php?rest_route=%2Fwp%2Fv2%2Fcategories&post=11499"},{"taxonomy":"post_tag","embeddable":true,"href":"https:\/\/radiorevelacionfm.cl\/index.php?rest_route=%2Fwp%2Fv2%2Ftags&post=11499"}],"curies":[{"name":"wp","href":"https:\/\/api.w.org\/{rel}","templated":true}]}}