{"id":11492,"date":"2021-12-04T15:57:47","date_gmt":"2021-12-04T18:57:47","guid":{"rendered":"https:\/\/radiorevelacionfm.cl\/?p=11492"},"modified":"2021-12-04T15:57:47","modified_gmt":"2021-12-04T18:57:47","slug":"concejal-figueroa-valora-respaldo-de-parlamentarios-por-situacion-de-pasos-fronterizos","status":"publish","type":"post","link":"https:\/\/radiorevelacionfm.cl\/?p=11492","title":{"rendered":"Concejal Figueroa valora respaldo de parlamentarios por situaci\u00f3n de pasos fronterizos"},"content":{"rendered":"<div class=\"flex_column av_one_full  flex_column_div av-zero-column-padding first  avia-builder-el-0  el_before_av_one_full  avia-builder-el-first  \" style='border-radius:0px; '><div  class='avia-image-container  av-styling-    avia-builder-el-1  avia-builder-el-no-sibling  avia-align-center '  itemprop=\"image\" itemscope=\"itemscope\" itemtype=\"https:\/\/schema.org\/ImageObject\"  ><div class='avia-image-container-inner'><div class='avia-image-overlay-wrap'><img decoding=\"async\" class='wp-image-11493 avia-img-lazy-loading-not-11493 avia_image' src=\"https:\/\/radiorevelacionfm.cl\/wp-content\/uploads\/2021\/12\/MARIO-FIGUEROA-3-1-1.jpg\" alt='' title='MARIO FIGUEROA 3 (1) (1)' height=\"600\" width=\"1067\"  itemprop=\"thumbnailUrl\" srcset=\"https:\/\/radiorevelacionfm.cl\/wp-content\/uploads\/2021\/12\/MARIO-FIGUEROA-3-1-1.jpg 1067w, https:\/\/radiorevelacionfm.cl\/wp-content\/uploads\/2021\/12\/MARIO-FIGUEROA-3-1-1-300x169.jpg 300w, https:\/\/radiorevelacionfm.cl\/wp-content\/uploads\/2021\/12\/MARIO-FIGUEROA-3-1-1-1030x579.jpg 1030w, https:\/\/radiorevelacionfm.cl\/wp-content\/uploads\/2021\/12\/MARIO-FIGUEROA-3-1-1-768x432.jpg 768w, https:\/\/radiorevelacionfm.cl\/wp-content\/uploads\/2021\/12\/MARIO-FIGUEROA-3-1-1-705x396.jpg 705w, https:\/\/radiorevelacionfm.cl\/wp-content\/uploads\/2021\/12\/MARIO-FIGUEROA-3-1-1-600x337.jpg 600w\" sizes=\"(max-width: 1067px) 100vw, 1067px\" \/><\/div><\/div><\/div><\/div><div class=\"flex_column av_one_full  flex_column_div av-zero-column-padding first  avia-builder-el-2  el_after_av_one_full  el_before_av_one_full  column-top-margin\" style='border-radius:0px; '><section class=\"av_textblock_section \"  itemscope=\"itemscope\" itemtype=\"https:\/\/schema.org\/BlogPosting\" itemprop=\"blogPost\" ><div class='avia_textblock  '   itemprop=\"text\" ><p style=\"text-align: center;\"><strong><span style=\"font-size: 18pt;\">Concejal Figueroa valora respaldo de parlamentarios por situaci\u00f3n de pasos fronterizos<\/span><\/strong><\/p>\n<div id=\"gtx-trans\" style=\"position: absolute; left: -50px; top: 4.31534px;\">\n<div class=\"gtx-trans-icon\"><\/div>\n<\/div>\n<\/div><\/section><\/div><div class=\"flex_column av_one_full  flex_column_div av-zero-column-padding first  avia-builder-el-4  el_after_av_one_full  el_before_av_hr  column-top-margin\" style='border-radius:0px; '><section class=\"av_textblock_section \"  itemscope=\"itemscope\" itemtype=\"https:\/\/schema.org\/BlogPosting\" itemprop=\"blogPost\" ><div class='avia_textblock  '   itemprop=\"text\" ><p style=\"text-align: justify;\">Diversas han sido las gestiones que ha desarrollado el Concejal de la comuna de Chile Chico, Mario Figueroa, con la finalidad de que las autoridades de Gobierno Chileno y Argentino, puedan analizar alternativas que permitan a familiares de ambos pa\u00edses reencontrarse luego de dos a\u00f1os de pandemia.<\/p>\n<p style=\"text-align: justify;\">El Concejal Figueroa, valor\u00f3 el inter\u00e9s y respaldo que ha encontrado en la Senadora Ximena Ordenes y el Diputado Miguel \u00c1ngel Calisto, para sumar gestiones y apoyos que permitan, ojala a la brevedad, abrir la fronteras por temas humanitarios, de manera gradual, con el fin de que tanto chilenos y argentinos puedan visitarse tras tanto tiempo sin poder hacerlo.<\/p>\n<p style=\"text-align: justify;\">\u201cHe tenido la posibilidad de encontrar eco en la Senadora Ximena Ordenes, el Diputado Miguel \u00c1ngel Calisto, en funcionarios tambi\u00e9n de reparticiones p\u00fablicas de Argentina, en este medio de comunicaci\u00f3n, que nos ha dado la cobertura para seguir insistiendo. Creemos que es necesario atender esta demanda humanitaria, social, porque aqu\u00ed hay adultos mayores, hay familias, que est\u00e1n pasando por una crisis emocional, al borde ya de la depresi\u00f3n. Son m\u00e1s de dos a\u00f1os que no pueden visitar a sus familiares y creemos que esto es necesario de atender\u201d.<\/p>\n<p style=\"text-align: justify;\">El Concejal Mario Figueroa, asegura que es posible instalar una barrera sanitaria para dar mayor seguridad a quienes utilicen el paso fronterizo Jeinimeni, teniendo en cuenta que ya la gran mayor\u00eda de las personas cuentan con sus vacunas al d\u00eda.<\/p>\n<p style=\"text-align: justify;\">\u201cLa comunidad ha cumplido con sus vacunas, ha cumplido con mantener sus cuidados, por lo tanto, creemos y lo hemos conversado con especialistas de la salud, creemos que se puede habilitar este cord\u00f3n sanitario ac\u00e1 en el paso fronterizo Jeinimeni, que permita a los familiares reencontrarse y porque no entregar ese abrazo tan necesario que nos reconforta y que es una inyecci\u00f3n an\u00edmica importante\u201d, se\u00f1al\u00f3 Figueroa.<\/p>\n<p style=\"text-align: justify;\">Mario Figueroa, inform\u00f3 tambi\u00e9n que, en el \u00faltimo Concejo se solicit\u00f3 acuerdo para derivar un documento a la Delegada Presidencial, con el fin de que se agilicen las gestiones en torno a la habilitaci\u00f3n del paso fronterizo Jeinimeni, porque \u201cno podemos permitir que un nuevo caso como el de Santiago Foitzick vuelva a ocurrir\u201d, puntualiz\u00f3 el Concejal de la comuna de Chile Chico.<\/p>\n<\/div><\/section><\/div><div  style='height:50px' class='hr hr-invisible   avia-builder-el-6  el_after_av_one_full  el_before_av_social_share '><span class='hr-inner ' ><span class='hr-inner-style'><\/span><\/span><\/div><\/p>\n<div  class='av-social-sharing-box  avia-builder-el-7  el_after_av_hr  el_before_av_hr  '><div class='av-share-box'><h5 class='av-share-link-description av-no-toc '>Compartir esta noticia<\/h5><ul class='av-share-box-list noLightbox'><li class='av-share-link av-social-link-facebook' ><a target=\"_blank\" aria-label=\"Compartir en Facebook\" href='https:\/\/www.facebook.com\/sharer.php?u=https:\/\/radiorevelacionfm.cl\/?p=11492&#038;t=Concejal%20Figueroa%20valora%20respaldo%20de%20parlamentarios%20por%20situaci%C3%B3n%20de%20pasos%20fronterizos' aria-hidden='false' data-av_icon='\ue8f3' data-av_iconfont='entypo-fontello' title='' data-avia-related-tooltip='Compartir en Facebook' rel=\"noopener\"><span class='avia_hidden_link_text'>Compartir en Facebook<\/span><\/a><\/li><li class='av-share-link av-social-link-twitter' ><a target=\"_blank\" aria-label=\"Compartir en Twitter\" href='https:\/\/twitter.com\/share?text=Concejal%20Figueroa%20valora%20respaldo%20de%20parlamentarios%20por%20situaci%C3%B3n%20de%20pasos%20fronterizos&#038;url=https:\/\/radiorevelacionfm.cl\/?p=11492' aria-hidden='false' data-av_icon='\ue8f1' data-av_iconfont='entypo-fontello' title='' data-avia-related-tooltip='Compartir en Twitter' rel=\"noopener\"><span class='avia_hidden_link_text'>Compartir en Twitter<\/span><\/a><\/li><li class='av-share-link av-social-link-whatsapp' ><a target=\"_blank\" aria-label=\"Compartir en Whatsapp\" href='https:\/\/api.whatsapp.com\/send?text=https:\/\/radiorevelacionfm.cl\/?p=11492' aria-hidden='false' data-av_icon='\uf232' data-av_iconfont='entypo-fontello' title='' data-avia-related-tooltip='Compartir en Whatsapp' rel=\"noopener\"><span class='avia_hidden_link_text'>Compartir en Whatsapp<\/span><\/a><\/li><li class='av-share-link av-social-link-linkedin' ><a target=\"_blank\" aria-label=\"Compartir en LinkedIn\" href='https:\/\/linkedin.com\/shareArticle?mini=true&#038;title=Concejal%20Figueroa%20valora%20respaldo%20de%20parlamentarios%20por%20situaci%C3%B3n%20de%20pasos%20fronterizos&#038;url=https:\/\/radiorevelacionfm.cl\/?p=11492' aria-hidden='false' data-av_icon='\ue8fc' data-av_iconfont='entypo-fontello' title='' data-avia-related-tooltip='Compartir en LinkedIn' rel=\"noopener\"><span class='avia_hidden_link_text'>Compartir en LinkedIn<\/span><\/a><\/li><li class='av-share-link av-social-link-mail' ><a  aria-label=\"Compartir por correo\" href='mailto:?subject=Concejal%20Figueroa%20valora%20respaldo%20de%20parlamentarios%20por%20situaci%C3%B3n%20de%20pasos%20fronterizos&#038;body=https:\/\/radiorevelacionfm.cl\/?p=11492' aria-hidden='false' data-av_icon='\ue805' data-av_iconfont='entypo-fontello' title='' data-avia-related-tooltip='Compartir por correo'><span class='avia_hidden_link_text'>Compartir por correo<\/span><\/a><\/li><\/ul><\/div><\/div>\n<div  style='height:50px' class='hr hr-invisible   avia-builder-el-8  el_after_av_social_share  el_before_av_comments_list '><span class='hr-inner ' ><span class='hr-inner-style'><\/span><\/span><\/div>\n<div  class='av-buildercomment  av-blog-meta-html-info-disabled av-blog-meta-tag-disabled  '><\/div>\n","protected":false},"excerpt":{"rendered":"","protected":false},"author":1,"featured_media":11493,"comment_status":"open","ping_status":"open","sticky":false,"template":"","format":"standard","meta":{"footnotes":""},"categories":[38],"tags":[],"class_list":["post-11492","post","type-post","status-publish","format-standard","has-post-thumbnail","hentry","category-regional"],"jetpack_featured_media_url":"https:\/\/radiorevelacionfm.cl\/wp-content\/uploads\/2021\/12\/MARIO-FIGUEROA-3-1-1.jpg","_links":{"self":[{"href":"https:\/\/radiorevelacionfm.cl\/index.php?rest_route=\/wp\/v2\/posts\/11492","targetHints":{"allow":["GET"]}}],"collection":[{"href":"https:\/\/radiorevelacionfm.cl\/index.php?rest_route=\/wp\/v2\/posts"}],"about":[{"href":"https:\/\/radiorevelacionfm.cl\/index.php?rest_route=\/wp\/v2\/types\/post"}],"author":[{"embeddable":true,"href":"https:\/\/radiorevelacionfm.cl\/index.php?rest_route=\/wp\/v2\/users\/1"}],"replies":[{"embeddable":true,"href":"https:\/\/radiorevelacionfm.cl\/index.php?rest_route=%2Fwp%2Fv2%2Fcomments&post=11492"}],"version-history":[{"count":2,"href":"https:\/\/radiorevelacionfm.cl\/index.php?rest_route=\/wp\/v2\/posts\/11492\/revisions"}],"predecessor-version":[{"id":11527,"href":"https:\/\/radiorevelacionfm.cl\/index.php?rest_route=\/wp\/v2\/posts\/11492\/revisions\/11527"}],"wp:featuredmedia":[{"embeddable":true,"href":"https:\/\/radiorevelacionfm.cl\/index.php?rest_route=\/wp\/v2\/media\/11493"}],"wp:attachment":[{"href":"https:\/\/radiorevelacionfm.cl\/index.php?rest_route=%2Fwp%2Fv2%2Fmedia&parent=11492"}],"wp:term":[{"taxonomy":"category","embeddable":true,"href":"https:\/\/radiorevelacionfm.cl\/index.php?rest_route=%2Fwp%2Fv2%2Fcategories&post=11492"},{"taxonomy":"post_tag","embeddable":true,"href":"https:\/\/radiorevelacionfm.cl\/index.php?rest_route=%2Fwp%2Fv2%2Ftags&post=11492"}],"curies":[{"name":"wp","href":"https:\/\/api.w.org\/{rel}","templated":true}]}}