{"id":11485,"date":"2021-12-03T22:43:31","date_gmt":"2021-12-04T01:43:31","guid":{"rendered":"https:\/\/radiorevelacionfm.cl\/?p=11485"},"modified":"2021-12-03T22:43:31","modified_gmt":"2021-12-04T01:43:31","slug":"senadores-de-aysen-consiguen-se-financie-equipamiento-clave-para-unidad-de-hemodinamia-del-hospital-regional","status":"publish","type":"post","link":"https:\/\/radiorevelacionfm.cl\/?p=11485","title":{"rendered":"Senadores de Ays\u00e9n consiguen se financie equipamiento clave para unidad de Hemodinamia del Hospital Regional"},"content":{"rendered":"<div class=\"flex_column av_one_full  flex_column_div av-zero-column-padding first  avia-builder-el-0  el_before_av_one_full  avia-builder-el-first  \" style='border-radius:0px; '><div  class='avia-image-container  av-styling-    avia-builder-el-1  avia-builder-el-no-sibling  avia-align-center '  itemprop=\"image\" itemscope=\"itemscope\" itemtype=\"https:\/\/schema.org\/ImageObject\"  ><div class='avia-image-container-inner'><div class='avia-image-overlay-wrap'><img decoding=\"async\" class='wp-image-11486 avia-img-lazy-loading-not-11486 avia_image' src=\"https:\/\/radiorevelacionfm.cl\/wp-content\/uploads\/2021\/12\/reuniOn-3-1_optimized.jpg\" alt='' title='reuni\u00d3n-3-(1)_optimized' height=\"600\" width=\"1067\"  itemprop=\"thumbnailUrl\" srcset=\"https:\/\/radiorevelacionfm.cl\/wp-content\/uploads\/2021\/12\/reuniOn-3-1_optimized.jpg 1067w, https:\/\/radiorevelacionfm.cl\/wp-content\/uploads\/2021\/12\/reuniOn-3-1_optimized-300x169.jpg 300w, https:\/\/radiorevelacionfm.cl\/wp-content\/uploads\/2021\/12\/reuniOn-3-1_optimized-1030x579.jpg 1030w, https:\/\/radiorevelacionfm.cl\/wp-content\/uploads\/2021\/12\/reuniOn-3-1_optimized-768x432.jpg 768w, https:\/\/radiorevelacionfm.cl\/wp-content\/uploads\/2021\/12\/reuniOn-3-1_optimized-705x396.jpg 705w, https:\/\/radiorevelacionfm.cl\/wp-content\/uploads\/2021\/12\/reuniOn-3-1_optimized-600x337.jpg 600w\" sizes=\"(max-width: 1067px) 100vw, 1067px\" \/><\/div><\/div><\/div><\/div><div class=\"flex_column av_one_full  flex_column_div av-zero-column-padding first  avia-builder-el-2  el_after_av_one_full  el_before_av_one_full  column-top-margin\" style='border-radius:0px; '><section class=\"av_textblock_section \"  itemscope=\"itemscope\" itemtype=\"https:\/\/schema.org\/BlogPosting\" itemprop=\"blogPost\" ><div class='avia_textblock  '   itemprop=\"text\" ><p style=\"text-align: center;\"><strong><span style=\"font-size: 18pt;\">Senadores de Ays\u00e9n consiguen se financie equipamiento clave para unidad de Hemodinamia del Hospital Regional <\/span><\/strong><\/p>\n<div id=\"gtx-trans\" style=\"position: absolute; left: -50px; top: 4.31534px;\">\n<div class=\"gtx-trans-icon\"><\/div>\n<\/div>\n<\/div><\/section><\/div><div class=\"flex_column av_one_full  flex_column_div av-zero-column-padding first  avia-builder-el-4  el_after_av_one_full  el_before_av_hr  column-top-margin\" style='border-radius:0px; '><section class=\"av_textblock_section \"  itemscope=\"itemscope\" itemtype=\"https:\/\/schema.org\/BlogPosting\" itemprop=\"blogPost\" ><div class='avia_textblock  '   itemprop=\"text\" ><p style=\"text-align: justify;\">Los accidentes cerebro vasculares son una de las principales causas de muerte en la regi\u00f3n de Ays\u00e9n. De ah\u00ed la relevancia de las numerosas gestiones que realizaron los senadores Ximena \u00d3rdenes y David Sandoval, las que llegaron a buen puerto, luego de que se asegurara, por parte del Ministerio de Hacienda, el financiamiento para la adquisici\u00f3n de un angi\u00f3grafo, equipamiento esencial para la puesta en marcha de una unidad de Hemodinamia en el Hospital Regional de Coyhaique.<\/p>\n<p style=\"text-align: justify;\">En ese contexto fue que en los \u00faltimos d\u00edas, ambos parlamentarios se reunieron con el director del Servicio de Salud Ays\u00e9n, Gabriel Burgos, el director del Hospital Regional, Jaime L\u00f3pez, y profesionales del principal recinto hospitalario regional, con el objetivo de abordar este tema.<\/p>\n<p style=\"text-align: justify;\">Y esto, considerando que Ays\u00e9n es la \u00fanica regi\u00f3n de Chile que no cuenta con m\u00e9todos diagn\u00f3sticos y terap\u00e9uticos modernos para resolver las patolog\u00edas aguda cardiovascular, a\u00fan cuando cuenta con especialistas radicados en la misma regi\u00f3n.<\/p>\n<p style=\"text-align: justify;\">Al respecto, la senadora Ximena \u00d3rdenes destac\u00f3 las gestiones conjuntas, recordando que la regi\u00f3n de Ays\u00e9n tiene grandes desaf\u00edos en el \u00e1rea de salud. \u201cAcudimos al ministerio de Hacienda y conseguimos el apoyo y compromiso del MINSAL para que se pueda comprar este equipamiento\u201d, se\u00f1al\u00f3.<\/p>\n<p style=\"text-align: justify;\">\u00d3rdenes adem\u00e1s reconoci\u00f3 el trabajo de los cardi\u00f3logos Patricio Julio y Marcelo Reynaud, resaltando tambi\u00e9n el trabajo que se realiza con los equipos t\u00e9cnicos de salud en la zona. \u201cFinalmente logramos hacer un buen equipo para sacar adelante una necesidad que a nosotros nos parece importante\u201d, indic\u00f3.<\/p>\n<p style=\"text-align: justify;\">Por su parte, el senador David Sandoval, subray\u00f3 que esto permitir\u00e1 \u201csalvar vidas, eliminar y reducir secuelas a consecuencia de un accidente cerebro vascular\u201d, precisando que el proyecto cuenta con la pertinencia t\u00e9cnica de la Subsecretar\u00eda de Redes Asistenciales, teniendo una inversi\u00f3n de aproximadamente 2,5 millones de d\u00f3lares, recursos comprometidos por Hacienda. \u201cAhora lo que corresponde es que los equipos t\u00e9cnicos de la regi\u00f3n, se aboquen a ponerle ruedas a este proyecto y llevarlo a cabo a la brevedad posible. Ya no es problema de recursos ni de voluntad t\u00e9cnica, y lo \u00fanico que hay que hacer es ponerlo en ejecuci\u00f3n\u201d, subray\u00f3.<\/p>\n<p style=\"text-align: justify;\">\u201cCuando se trabaja en conjunto por los temas de la regi\u00f3n, se obtienen estos resultados\u201d, destac\u00f3.<\/p>\n<p style=\"text-align: justify;\"><strong>M\u00f3dulos cr\u00edticos <\/strong><\/p>\n<p style=\"text-align: justify;\">En este contexto, actualmente se est\u00e1 impulsando el proyecto \u201cConstrucci\u00f3n de M\u00f3dulos Cr\u00edticos Hospital Regional Coyhaique\u201d, el cual considera tres unidades:\u00a0 Esterilizaci\u00f3n, UCI Pedi\u00e1trica y Hemodinamia.<\/p>\n<p style=\"text-align: justify;\">Sin embargo, el proceso t\u00e9cnico y de eventual licitaci\u00f3n de la iniciativa, podr\u00eda tardar hasta 5 a\u00f1os en su materializaci\u00f3n, por lo cual los parlamentarios decidieron acelerar las gestiones para avanzar en la adquisici\u00f3n de este angi\u00f3grafo, el cual es fundamental para la unidad de hemodinamia.<\/p>\n<p style=\"text-align: justify;\">En ese sentido, el director del Servicio de Salud Ays\u00e9n, Gabriel Burgos\u00a0 se\u00f1al\u00f3 que este instrumento ser\u00e1 de gran beneficio para la comunidad, agradeciendo las gestiones de ambos senadores, insistiendo adem\u00e1s en la importancia del proyecto de m\u00f3dulos cr\u00edticos. \u201cAhora nos queda trabajar en el proyecto, diferenciarlo del proyecto que hab\u00edamos estado trabajando y poder avanzar en cuanto a hacer los respectivos estudios y licitaciones, para contar con el angi\u00f3grafo y el equipo asociado lo antes posible\u201d, puntualiz\u00f3.<\/p>\n<p style=\"text-align: justify;\">En la misma l\u00ednea, el director del hospital regional de Coyhaique, Jaime L\u00f3pez, se\u00f1al\u00f3 que este equipo cl\u00ednico \u201cva a entregar una oferta de prestaciones que mejora la equidad en la atenci\u00f3n de salud de nuestros pacientes\u201d, resaltando que \u00e9ste permitir\u00e1 intervenir en infartos al miocardio y la enfermedad coronaria aguda en general, la que no puede ser tratada por v\u00eda medicamentosa cuando ya han pasado demasiadas horas.<\/p>\n<p style=\"text-align: justify;\">Y como la regi\u00f3n no cuenta con este equipamiento, los pacientes deben ser trasladados, por ejemplo a los hospitales del T\u00f3rax o San Borja Arriar\u00e1n, en Santiago, lo que resulta relevante considerando que las primeras horas de atenci\u00f3n son claves. \u201cCon una poblaci\u00f3n altamente dispersa, tenemos que muchas veces sacar a nuestros pacientes a otras regiones, con tiempos de demora por lo que significan los rescate aerom\u00e9dicos, que ponen en riesgo la estabilidad del paciente y la posibilidad de que se generen secuelas\u201d, explic\u00f3 L\u00f3pez.<\/p>\n<p style=\"text-align: justify;\">Finalmente, uno de los cardi\u00f3logos del hospital Regional, doctor Patricio Julio, dijo estar muy contento por la aprobaci\u00f3n de los recursos, insistiendo en la relevancia del pabell\u00f3n de hemodinamia: \u201cTanto en el mundo como en Chile, y principalmente en nuestra regi\u00f3n de Ays\u00e9n, las enfermedades cardiovasculares dan cuenta de la principal causa de mortalidad. Existen varios factores en nuestra regi\u00f3n y uno de ellas es no contar con el pabell\u00f3n de hemodinamia\u201d, se\u00f1al\u00f3.<\/p>\n<p style=\"text-align: justify;\">Adquirir este pabell\u00f3n para el pr\u00f3ximo a\u00f1o, agreg\u00f3 Julio, resuelve un gran problema de salud y se hace un acto de justicia territorial. \u201cAqu\u00ed esta ocurriendo un acto tremendamente importante, que es que tenemos a todos unidos para que esto salga adelante. Esto es una muy buena se\u00f1al que estamos dando como regi\u00f3n de c\u00f3mo hacer buenas pol\u00edticas p\u00fablicas\u201d, concluy\u00f3.<\/p>\n<\/div><\/section><\/div><div  style='height:50px' class='hr hr-invisible   avia-builder-el-6  el_after_av_one_full  el_before_av_social_share '><span class='hr-inner ' ><span class='hr-inner-style'><\/span><\/span><\/div><\/p>\n<div  class='av-social-sharing-box  avia-builder-el-7  el_after_av_hr  el_before_av_hr  '><div class='av-share-box'><h5 class='av-share-link-description av-no-toc '>Compartir esta noticia<\/h5><ul class='av-share-box-list noLightbox'><li class='av-share-link av-social-link-facebook' ><a target=\"_blank\" aria-label=\"Compartir en Facebook\" href='https:\/\/www.facebook.com\/sharer.php?u=https:\/\/radiorevelacionfm.cl\/?p=11485&#038;t=Senadores%20de%20Ays%C3%A9n%20consiguen%20se%20financie%20equipamiento%20clave%20para%20unidad%20de%20Hemodinamia%20del%20Hospital%20Regional' aria-hidden='false' data-av_icon='\ue8f3' data-av_iconfont='entypo-fontello' title='' data-avia-related-tooltip='Compartir en Facebook' rel=\"noopener\"><span class='avia_hidden_link_text'>Compartir en Facebook<\/span><\/a><\/li><li class='av-share-link av-social-link-twitter' ><a target=\"_blank\" aria-label=\"Compartir en Twitter\" href='https:\/\/twitter.com\/share?text=Senadores%20de%20Ays%C3%A9n%20consiguen%20se%20financie%20equipamiento%20clave%20para%20unidad%20de%20Hemodinamia%20del%20Hospital%20Regional&#038;url=https:\/\/radiorevelacionfm.cl\/?p=11485' aria-hidden='false' data-av_icon='\ue8f1' data-av_iconfont='entypo-fontello' title='' data-avia-related-tooltip='Compartir en Twitter' rel=\"noopener\"><span class='avia_hidden_link_text'>Compartir en Twitter<\/span><\/a><\/li><li class='av-share-link av-social-link-whatsapp' ><a target=\"_blank\" aria-label=\"Compartir en Whatsapp\" href='https:\/\/api.whatsapp.com\/send?text=https:\/\/radiorevelacionfm.cl\/?p=11485' aria-hidden='false' data-av_icon='\uf232' data-av_iconfont='entypo-fontello' title='' data-avia-related-tooltip='Compartir en Whatsapp' rel=\"noopener\"><span class='avia_hidden_link_text'>Compartir en Whatsapp<\/span><\/a><\/li><li class='av-share-link av-social-link-linkedin' ><a target=\"_blank\" aria-label=\"Compartir en LinkedIn\" href='https:\/\/linkedin.com\/shareArticle?mini=true&#038;title=Senadores%20de%20Ays%C3%A9n%20consiguen%20se%20financie%20equipamiento%20clave%20para%20unidad%20de%20Hemodinamia%20del%20Hospital%20Regional&#038;url=https:\/\/radiorevelacionfm.cl\/?p=11485' aria-hidden='false' data-av_icon='\ue8fc' data-av_iconfont='entypo-fontello' title='' data-avia-related-tooltip='Compartir en LinkedIn' rel=\"noopener\"><span class='avia_hidden_link_text'>Compartir en LinkedIn<\/span><\/a><\/li><li class='av-share-link av-social-link-mail' ><a  aria-label=\"Compartir por correo\" href='mailto:?subject=Senadores%20de%20Ays%C3%A9n%20consiguen%20se%20financie%20equipamiento%20clave%20para%20unidad%20de%20Hemodinamia%20del%20Hospital%20Regional&#038;body=https:\/\/radiorevelacionfm.cl\/?p=11485' aria-hidden='false' data-av_icon='\ue805' data-av_iconfont='entypo-fontello' title='' data-avia-related-tooltip='Compartir por correo'><span class='avia_hidden_link_text'>Compartir por correo<\/span><\/a><\/li><\/ul><\/div><\/div>\n<div  style='height:50px' class='hr hr-invisible   avia-builder-el-8  el_after_av_social_share  el_before_av_comments_list '><span class='hr-inner ' ><span class='hr-inner-style'><\/span><\/span><\/div>\n<div  class='av-buildercomment  av-blog-meta-html-info-disabled av-blog-meta-tag-disabled  '><\/div>\n","protected":false},"excerpt":{"rendered":"","protected":false},"author":1,"featured_media":11486,"comment_status":"open","ping_status":"open","sticky":false,"template":"","format":"standard","meta":{"footnotes":""},"categories":[46],"tags":[],"class_list":["post-11485","post","type-post","status-publish","format-standard","has-post-thumbnail","hentry","category-salud"],"jetpack_featured_media_url":"https:\/\/radiorevelacionfm.cl\/wp-content\/uploads\/2021\/12\/reuniOn-3-1_optimized.jpg","_links":{"self":[{"href":"https:\/\/radiorevelacionfm.cl\/index.php?rest_route=\/wp\/v2\/posts\/11485","targetHints":{"allow":["GET"]}}],"collection":[{"href":"https:\/\/radiorevelacionfm.cl\/index.php?rest_route=\/wp\/v2\/posts"}],"about":[{"href":"https:\/\/radiorevelacionfm.cl\/index.php?rest_route=\/wp\/v2\/types\/post"}],"author":[{"embeddable":true,"href":"https:\/\/radiorevelacionfm.cl\/index.php?rest_route=\/wp\/v2\/users\/1"}],"replies":[{"embeddable":true,"href":"https:\/\/radiorevelacionfm.cl\/index.php?rest_route=%2Fwp%2Fv2%2Fcomments&post=11485"}],"version-history":[{"count":2,"href":"https:\/\/radiorevelacionfm.cl\/index.php?rest_route=\/wp\/v2\/posts\/11485\/revisions"}],"predecessor-version":[{"id":11488,"href":"https:\/\/radiorevelacionfm.cl\/index.php?rest_route=\/wp\/v2\/posts\/11485\/revisions\/11488"}],"wp:featuredmedia":[{"embeddable":true,"href":"https:\/\/radiorevelacionfm.cl\/index.php?rest_route=\/wp\/v2\/media\/11486"}],"wp:attachment":[{"href":"https:\/\/radiorevelacionfm.cl\/index.php?rest_route=%2Fwp%2Fv2%2Fmedia&parent=11485"}],"wp:term":[{"taxonomy":"category","embeddable":true,"href":"https:\/\/radiorevelacionfm.cl\/index.php?rest_route=%2Fwp%2Fv2%2Fcategories&post=11485"},{"taxonomy":"post_tag","embeddable":true,"href":"https:\/\/radiorevelacionfm.cl\/index.php?rest_route=%2Fwp%2Fv2%2Ftags&post=11485"}],"curies":[{"name":"wp","href":"https:\/\/api.w.org\/{rel}","templated":true}]}}