{"id":11482,"date":"2021-12-04T13:44:43","date_gmt":"2021-12-04T16:44:43","guid":{"rendered":"https:\/\/radiorevelacionfm.cl\/?p=11482"},"modified":"2021-12-04T13:44:43","modified_gmt":"2021-12-04T16:44:43","slug":"funcionarios-del-ssa-se-capacitaron-en-atencion-a-personas-transgenero","status":"publish","type":"post","link":"https:\/\/radiorevelacionfm.cl\/?p=11482","title":{"rendered":"Funcionarios del SSA se capacitaron en atenci\u00f3n a personas transg\u00e9nero"},"content":{"rendered":"<div class=\"flex_column av_one_full  flex_column_div av-zero-column-padding first  avia-builder-el-0  el_before_av_one_full  avia-builder-el-first  \" style='border-radius:0px; '><div  class='avia-image-container  av-styling-    avia-builder-el-1  avia-builder-el-no-sibling  avia-align-center '  itemprop=\"image\" itemscope=\"itemscope\" itemtype=\"https:\/\/schema.org\/ImageObject\"  ><div class='avia-image-container-inner'><div class='avia-image-overlay-wrap'><img decoding=\"async\" class='wp-image-11483 avia-img-lazy-loading-not-11483 avia_image' src=\"https:\/\/radiorevelacionfm.cl\/wp-content\/uploads\/2021\/12\/IMG_Capacitacion-SSA-1-1.jpg\" alt='' title='IMG_Capacitacion SSA (1) (1)' height=\"600\" width=\"1067\"  itemprop=\"thumbnailUrl\" srcset=\"https:\/\/radiorevelacionfm.cl\/wp-content\/uploads\/2021\/12\/IMG_Capacitacion-SSA-1-1.jpg 1067w, https:\/\/radiorevelacionfm.cl\/wp-content\/uploads\/2021\/12\/IMG_Capacitacion-SSA-1-1-300x169.jpg 300w, https:\/\/radiorevelacionfm.cl\/wp-content\/uploads\/2021\/12\/IMG_Capacitacion-SSA-1-1-1030x579.jpg 1030w, https:\/\/radiorevelacionfm.cl\/wp-content\/uploads\/2021\/12\/IMG_Capacitacion-SSA-1-1-768x432.jpg 768w, https:\/\/radiorevelacionfm.cl\/wp-content\/uploads\/2021\/12\/IMG_Capacitacion-SSA-1-1-705x396.jpg 705w, https:\/\/radiorevelacionfm.cl\/wp-content\/uploads\/2021\/12\/IMG_Capacitacion-SSA-1-1-600x337.jpg 600w\" sizes=\"(max-width: 1067px) 100vw, 1067px\" \/><\/div><\/div><\/div><\/div><div class=\"flex_column av_one_full  flex_column_div av-zero-column-padding first  avia-builder-el-2  el_after_av_one_full  el_before_av_one_full  column-top-margin\" style='border-radius:0px; '><section class=\"av_textblock_section \"  itemscope=\"itemscope\" itemtype=\"https:\/\/schema.org\/BlogPosting\" itemprop=\"blogPost\" ><div class='avia_textblock  '   itemprop=\"text\" ><p style=\"text-align: center;\"><span style=\"font-size: 18pt;\"><strong>Funcionarios del SSA se capacitaron en atenci\u00f3n a personas transg\u00e9nero<\/strong><\/span><\/p>\n<div id=\"gtx-trans\" style=\"position: absolute; left: -50px; top: 4.31534px;\">\n<div class=\"gtx-trans-icon\"><\/div>\n<\/div>\n<\/div><\/section><\/div><div class=\"flex_column av_one_full  flex_column_div av-zero-column-padding first  avia-builder-el-4  el_after_av_one_full  el_before_av_hr  column-top-margin\" style='border-radius:0px; '><section class=\"av_textblock_section \"  itemscope=\"itemscope\" itemtype=\"https:\/\/schema.org\/BlogPosting\" itemprop=\"blogPost\" ><div class='avia_textblock  '   itemprop=\"text\" ><p style=\"text-align: justify;\">Con los objetivos de revisar los alcances de la Ley N\u00b0 21.120, que reconoce y da protecci\u00f3n al derecho de la Identidad de G\u00e9nero, y de reforzar su implementaci\u00f3n en los establecimientos de la Red Asistencial Regional, se efectu\u00f3 el curso \u201cAtenci\u00f3n Integral de las Personas Trans en el Curso de Vida\u201d, charla presencial y v\u00eda telem\u00e1tica, ofrecida a trabajadores encargados de atenci\u00f3n a usuarios.<\/p>\n<p style=\"text-align: justify;\">La actividad, que cont\u00f3 con la presencia de profesionales de los Servicios de Salud de Chilo\u00e9, Los Lagos, Talcahuano, Ays\u00e9n, Hospital Regional Coyhaique, Universidad de Ays\u00e9n, MIDESO y las ONG Diversa Patagonia y Transforma, sirvi\u00f3 como espacio de informaci\u00f3n, retroalimentaci\u00f3n y di\u00e1logo en torno a esta tem\u00e1tica, y de lo que significa dar atenci\u00f3n a este grupo objetivo en los establecimientos de la Red Asistencial de la regi\u00f3n de Ays\u00e9n, acercando sus visiones y experiencia.<\/p>\n<p style=\"text-align: justify;\">Es as\u00ed, que de acuerdo al programa de la actividad, Israel Cort\u00e9s, de la ONG Diversa Patagonia, efectu\u00f3 una presentaci\u00f3n did\u00e1ctica, con charlas y din\u00e1micas de grupos, con el objetivo de evitar la discriminaci\u00f3n en los establecimientos de la Red Asistencial, se\u00f1al\u00f3 que \u201cla instancia de participaci\u00f3n y capacitaci\u00f3n a los funcionarios nace de conversaciones a nivel territorial con distintas instituciones y de las cuales hemos tenido una buena respuesta desde el Servicio de Salud Ays\u00e9n. Es un tema que el d\u00eda de hoy est\u00e1 en boga, porque no se ha logrado llegar a esa poblaci\u00f3n. Hay ciertas barreras en salud que tenemos que trabajar en conjunto y es por eso que estamos realizando estas capacitaciones, para poder sensibilizar a la gente, al profesional que se desempe\u00f1a en el Servicio de Salud y en estos protocolos internos que se tienen que empezar a implementar, en el hospital y las atenciones a p\u00fablico\u201d, enfatiz\u00f3 el dirigente.<\/p>\n<p style=\"text-align: justify;\">Daniel Carrillo por su parte, abogado de la ONG Transformade la regi\u00f3n penquista, sobre la iniciativa de generar estos espacios de encuentro e informativos, se\u00f1al\u00f3 que \u201crecibimos esta invitaci\u00f3n del Servicio de Salud Ays\u00e9n, para compartir un poco la experiencia que se vive en Talcahuano con el Policl\u00ednico que tiene m\u00e1s de 10 a\u00f1os y la construcci\u00f3n que ha surgido desde los profesionales del Servicio y tambi\u00e9n la comunidad representada por parte de la colectividad Transforma. La idea fue contar un poco como esto ha influenciado en el desarrollo de las pol\u00edticas de salud dentro de cada servicio y de cada hospital, adem\u00e1s de las distintas problem\u00e1ticas que se van dando ante la falta y ausencia de una pol\u00edtica nacional de salud en estas tem\u00e1ticas.\u201d<\/p>\n<p style=\"text-align: justify;\">El profesional aprovech\u00f3 de destacar que \u201cvemos con alegr\u00eda que en el Servicio de Salud Ays\u00e9n tambi\u00e9n exista esta voluntad de trabajar, de desarrollar programas de salud para personas trans y prestar servicios a una comunidad que se encuentra totalmente alejada de la institucionalidad que requiere prestaciones que son necesarias y esenciales para su desarrollo personal\u201d.<\/p>\n<p style=\"text-align: justify;\">Por otra parte, Mireya Fern\u00e1ndez, asesora de Satisfacci\u00f3n Usuaria del Servicio de Salud Talcahuano se refiri\u00f3 a la experiencia que, como Red Asistencial, han venido desarrollando \u201ccontamos c\u00f3mo hemos trabajado junto a la comunidad, junto al \u00e1mbito cl\u00ednico y desde la participaci\u00f3n social instalando este policl\u00ednico y tambi\u00e9n todo lo que se ha hecho junto a la Red del Servicio de Salud Talcahuano junto a nuestras comunas, a nivel de atenci\u00f3n primaria. Lo importante es que en todo Chile se est\u00e1 abriendo el tema, se est\u00e1 conversando. Desde 2019 contamos con una ley de identidad de g\u00e9nero que tenemos que dar a conocer y como Salud somos los primeros llamados en acoger y atender a nuestros usuarios trans contando nuestra experiencia y c\u00f3mo hemos dado origen a un protocolo de atenci\u00f3n, trato y derivaci\u00f3n de las personas trans\u201d.<\/p>\n<p style=\"text-align: justify;\">Finalmente, para Gabriel Burgos Salas, Director del Servicio de Salud Ays\u00e9n, la capacitaci\u00f3n \u201ctuvo su centro en poder colocar el tema de sexualidad y de g\u00e9nero, analizando la visi\u00f3n nacional y regional, dando la facilidad y trato digno en la atenci\u00f3n a todas las personas asociadas a estas comunidades dentro de la regi\u00f3n accediendo a la misma calidad de servicio y empat\u00eda que nosotros podamos brindar. Es un curso que agradecemos que se nos pueda brindar por parte de la Unidad de Capacitaci\u00f3n y todos los que han colaborado como los referentes del Servicio, la ONG Diversa Patagonia, la ONG Transforma de Talcahuano, el propio Servicio de Salud Talcahuano que nos est\u00e1 colaborando, la Seremi de Salud de la regi\u00f3n de Los Lagos y otras quienes nos contribuyen en traspasarnos todas sus experiencias para entregar un mejor servicio ac\u00e1 en la regi\u00f3n\u201d, concluy\u00f3 el directivo.<\/p>\n<\/div><\/section><\/div><div  style='height:50px' class='hr hr-invisible   avia-builder-el-6  el_after_av_one_full  el_before_av_social_share '><span class='hr-inner ' ><span class='hr-inner-style'><\/span><\/span><\/div><\/p>\n<div  class='av-social-sharing-box  avia-builder-el-7  el_after_av_hr  el_before_av_hr  '><div class='av-share-box'><h5 class='av-share-link-description av-no-toc '>Compartir esta noticia<\/h5><ul class='av-share-box-list noLightbox'><li class='av-share-link av-social-link-facebook' ><a target=\"_blank\" aria-label=\"Compartir en Facebook\" href='https:\/\/www.facebook.com\/sharer.php?u=https:\/\/radiorevelacionfm.cl\/?p=11482&#038;t=Funcionarios%20del%20SSA%20se%20capacitaron%20en%20atenci%C3%B3n%20a%20personas%20transg%C3%A9nero' aria-hidden='false' data-av_icon='\ue8f3' data-av_iconfont='entypo-fontello' title='' data-avia-related-tooltip='Compartir en Facebook' rel=\"noopener\"><span class='avia_hidden_link_text'>Compartir en Facebook<\/span><\/a><\/li><li class='av-share-link av-social-link-twitter' ><a target=\"_blank\" aria-label=\"Compartir en Twitter\" href='https:\/\/twitter.com\/share?text=Funcionarios%20del%20SSA%20se%20capacitaron%20en%20atenci%C3%B3n%20a%20personas%20transg%C3%A9nero&#038;url=https:\/\/radiorevelacionfm.cl\/?p=11482' aria-hidden='false' data-av_icon='\ue8f1' data-av_iconfont='entypo-fontello' title='' data-avia-related-tooltip='Compartir en Twitter' rel=\"noopener\"><span class='avia_hidden_link_text'>Compartir en Twitter<\/span><\/a><\/li><li class='av-share-link av-social-link-whatsapp' ><a target=\"_blank\" aria-label=\"Compartir en Whatsapp\" href='https:\/\/api.whatsapp.com\/send?text=https:\/\/radiorevelacionfm.cl\/?p=11482' aria-hidden='false' data-av_icon='\uf232' data-av_iconfont='entypo-fontello' title='' data-avia-related-tooltip='Compartir en Whatsapp' rel=\"noopener\"><span class='avia_hidden_link_text'>Compartir en Whatsapp<\/span><\/a><\/li><li class='av-share-link av-social-link-linkedin' ><a target=\"_blank\" aria-label=\"Compartir en LinkedIn\" href='https:\/\/linkedin.com\/shareArticle?mini=true&#038;title=Funcionarios%20del%20SSA%20se%20capacitaron%20en%20atenci%C3%B3n%20a%20personas%20transg%C3%A9nero&#038;url=https:\/\/radiorevelacionfm.cl\/?p=11482' aria-hidden='false' data-av_icon='\ue8fc' data-av_iconfont='entypo-fontello' title='' data-avia-related-tooltip='Compartir en LinkedIn' rel=\"noopener\"><span class='avia_hidden_link_text'>Compartir en LinkedIn<\/span><\/a><\/li><li class='av-share-link av-social-link-mail' ><a  aria-label=\"Compartir por correo\" href='mailto:?subject=Funcionarios%20del%20SSA%20se%20capacitaron%20en%20atenci%C3%B3n%20a%20personas%20transg%C3%A9nero&#038;body=https:\/\/radiorevelacionfm.cl\/?p=11482' aria-hidden='false' data-av_icon='\ue805' data-av_iconfont='entypo-fontello' title='' data-avia-related-tooltip='Compartir por correo'><span class='avia_hidden_link_text'>Compartir por correo<\/span><\/a><\/li><\/ul><\/div><\/div>\n<div  style='height:50px' class='hr hr-invisible   avia-builder-el-8  el_after_av_social_share  el_before_av_comments_list '><span class='hr-inner ' ><span class='hr-inner-style'><\/span><\/span><\/div>\n<div  class='av-buildercomment  av-blog-meta-html-info-disabled av-blog-meta-tag-disabled  '><\/div>\n","protected":false},"excerpt":{"rendered":"","protected":false},"author":1,"featured_media":11483,"comment_status":"open","ping_status":"open","sticky":false,"template":"","format":"standard","meta":{"footnotes":""},"categories":[46],"tags":[],"class_list":["post-11482","post","type-post","status-publish","format-standard","has-post-thumbnail","hentry","category-salud"],"jetpack_featured_media_url":"https:\/\/radiorevelacionfm.cl\/wp-content\/uploads\/2021\/12\/IMG_Capacitacion-SSA-1-1.jpg","_links":{"self":[{"href":"https:\/\/radiorevelacionfm.cl\/index.php?rest_route=\/wp\/v2\/posts\/11482","targetHints":{"allow":["GET"]}}],"collection":[{"href":"https:\/\/radiorevelacionfm.cl\/index.php?rest_route=\/wp\/v2\/posts"}],"about":[{"href":"https:\/\/radiorevelacionfm.cl\/index.php?rest_route=\/wp\/v2\/types\/post"}],"author":[{"embeddable":true,"href":"https:\/\/radiorevelacionfm.cl\/index.php?rest_route=\/wp\/v2\/users\/1"}],"replies":[{"embeddable":true,"href":"https:\/\/radiorevelacionfm.cl\/index.php?rest_route=%2Fwp%2Fv2%2Fcomments&post=11482"}],"version-history":[{"count":2,"href":"https:\/\/radiorevelacionfm.cl\/index.php?rest_route=\/wp\/v2\/posts\/11482\/revisions"}],"predecessor-version":[{"id":11522,"href":"https:\/\/radiorevelacionfm.cl\/index.php?rest_route=\/wp\/v2\/posts\/11482\/revisions\/11522"}],"wp:featuredmedia":[{"embeddable":true,"href":"https:\/\/radiorevelacionfm.cl\/index.php?rest_route=\/wp\/v2\/media\/11483"}],"wp:attachment":[{"href":"https:\/\/radiorevelacionfm.cl\/index.php?rest_route=%2Fwp%2Fv2%2Fmedia&parent=11482"}],"wp:term":[{"taxonomy":"category","embeddable":true,"href":"https:\/\/radiorevelacionfm.cl\/index.php?rest_route=%2Fwp%2Fv2%2Fcategories&post=11482"},{"taxonomy":"post_tag","embeddable":true,"href":"https:\/\/radiorevelacionfm.cl\/index.php?rest_route=%2Fwp%2Fv2%2Ftags&post=11482"}],"curies":[{"name":"wp","href":"https:\/\/api.w.org\/{rel}","templated":true}]}}