{"id":11477,"date":"2021-12-03T21:50:39","date_gmt":"2021-12-04T00:50:39","guid":{"rendered":"https:\/\/radiorevelacionfm.cl\/?p=11477"},"modified":"2021-12-03T21:50:39","modified_gmt":"2021-12-04T00:50:39","slug":"proyecto-colaborativo-de-economia-circular-busca-reutilizar-botellas-de-vidrio-en-aysen","status":"publish","type":"post","link":"https:\/\/radiorevelacionfm.cl\/?p=11477","title":{"rendered":"Proyecto colaborativo de econom\u00eda circular busca reutilizar botellas de vidrio en Ays\u00e9n"},"content":{"rendered":"<div class=\"flex_column av_one_full  flex_column_div av-zero-column-padding first  avia-builder-el-0  el_before_av_one_full  avia-builder-el-first  \" style='border-radius:0px; '><div  class='avia-image-container  av-styling-    avia-builder-el-1  avia-builder-el-no-sibling  avia-align-center '  itemprop=\"image\" itemscope=\"itemscope\" itemtype=\"https:\/\/schema.org\/ImageObject\"  ><div class='avia-image-container-inner'><div class='avia-image-overlay-wrap'><img decoding=\"async\" class='wp-image-11479 avia-img-lazy-loading-not-11479 avia_image' src=\"https:\/\/radiorevelacionfm.cl\/wp-content\/uploads\/2021\/12\/CyC-Corfo-Aysen1-1-1.jpg\" alt='' title='CyC Corfo Ays\u00e9n1 (1) (1)' height=\"600\" width=\"898\"  itemprop=\"thumbnailUrl\" srcset=\"https:\/\/radiorevelacionfm.cl\/wp-content\/uploads\/2021\/12\/CyC-Corfo-Aysen1-1-1.jpg 898w, https:\/\/radiorevelacionfm.cl\/wp-content\/uploads\/2021\/12\/CyC-Corfo-Aysen1-1-1-300x200.jpg 300w, https:\/\/radiorevelacionfm.cl\/wp-content\/uploads\/2021\/12\/CyC-Corfo-Aysen1-1-1-768x513.jpg 768w, https:\/\/radiorevelacionfm.cl\/wp-content\/uploads\/2021\/12\/CyC-Corfo-Aysen1-1-1-705x471.jpg 705w, https:\/\/radiorevelacionfm.cl\/wp-content\/uploads\/2021\/12\/CyC-Corfo-Aysen1-1-1-600x401.jpg 600w\" sizes=\"(max-width: 898px) 100vw, 898px\" \/><\/div><\/div><\/div><\/div><div class=\"flex_column av_one_full  flex_column_div av-zero-column-padding first  avia-builder-el-2  el_after_av_one_full  el_before_av_one_full  column-top-margin\" style='border-radius:0px; '><section class=\"av_textblock_section \"  itemscope=\"itemscope\" itemtype=\"https:\/\/schema.org\/BlogPosting\" itemprop=\"blogPost\" ><div class='avia_textblock  '   itemprop=\"text\" ><p style=\"text-align: center;\"><span style=\"font-size: 18pt;\"><b><span lang=\"ES-CL\">Proyecto colaborativo de econom\u00eda circular busca reutilizar botellas de vidrio en Ays\u00e9n<\/span><\/b><\/span><\/p>\n<div id=\"gtx-trans\" style=\"position: absolute; left: -50px; top: 4.31534px;\">\n<div class=\"gtx-trans-icon\"><\/div>\n<\/div>\n<\/div><\/section><\/div><div class=\"flex_column av_one_full  flex_column_div av-zero-column-padding first  avia-builder-el-4  el_after_av_one_full  el_before_av_hr  column-top-margin\" style='border-radius:0px; '><section class=\"av_textblock_section \"  itemscope=\"itemscope\" itemtype=\"https:\/\/schema.org\/BlogPosting\" itemprop=\"blogPost\" ><div class='avia_textblock  '   itemprop=\"text\" ><p style=\"text-align: justify;\"><span lang=\"ES-CL\">Desde noviembre que\u00a0<\/span><a href=\"https:\/\/www.antiguagranel.com\/nosotros\/\" target=\"_blank\" rel=\"noopener\" data-saferedirecturl=\"https:\/\/www.google.com\/url?q=https:\/\/www.antiguagranel.com\/nosotros\/&amp;source=gmail&amp;ust=1638652269691000&amp;usg=AOvVaw34AQ6U3tvYLm5xh-DdFqvZ\"><span lang=\"ES-CL\">Antigua Granel<\/span><\/a><span lang=\"ES-CL\">,\u00a0<\/span><a href=\"https:\/\/www.instagram.com\/fecundaspa\/\" target=\"_blank\" rel=\"noopener\" data-saferedirecturl=\"https:\/\/www.google.com\/url?q=https:\/\/www.instagram.com\/fecundaspa\/&amp;source=gmail&amp;ust=1638652269691000&amp;usg=AOvVaw3QVQOGtFxfGPzu3ITmhMyc\"><span lang=\"ES-CL\">Fecunda Patagonia<\/span><\/a><span lang=\"ES-CL\">\u00a0<\/span><span lang=\"ES-CL\">y\u00a0<\/span><a href=\"https:\/\/www.instagram.com\/trazosur\/\" target=\"_blank\" rel=\"noopener\" data-saferedirecturl=\"https:\/\/www.google.com\/url?q=https:\/\/www.instagram.com\/trazosur\/&amp;source=gmail&amp;ust=1638652269691000&amp;usg=AOvVaw0wnpIGm_RktAT96Ti3dcqm\"><span lang=\"ES-CL\">Trazosur<\/span><\/a><span lang=\"ES-CL\">\u00a0<\/span><span lang=\"ES-CL\">se unieron para llevar adelante un innovador proyecto colaborativo que busca reducir los residuos de vidrio generados en la regi\u00f3n, captando y limpiando botellas utilizadas para reinsertarlas en la econom\u00eda local.<\/span><\/p>\n<p style=\"text-align: justify;\"><span lang=\"ES-CL\">El proyecto nace, principalmente, de dos necesidades detectadas: por un lado, la falta de stock, junto al alto costo y dificultad log\u00edstica de traer botellas nuevas desde la Regi\u00f3n Metropolitana para peque\u00f1os y medianos productores de cervezas y otras bebidas; y, por otro, el mejorar el manejo de residuos y el grave problema ambiental que \u00e9stos generan.<\/span><\/p>\n<p style=\"text-align: justify;\"><span lang=\"ES-CL\">In\u00e9s Chabalgoity, representante de Antigua Granel, empresa ejecutora del proyecto, explica el marco general del proyecto. \u201c<\/span><span lang=\"ES-CL\">En este proyecto nos conectamos tres empresas de la regi\u00f3n. Por un lado, Fecunda Patagonia quienes se encargar\u00e1n de la recolecci\u00f3n y clasificaci\u00f3n de los envases; Trazosur quien dise\u00f1ar\u00e1 dispensadores para facilitar el proceso de recolecci\u00f3n y posterior venta; y, por \u00faltimo, Antigua Granel, quienes nos encargamos del lavado, sanitizado de envases con una m\u00e1quina especial para este proceso, que adquirimos a trav\u00e9s de un fondo Corfo de Econom\u00eda Circular\u201d.<\/span><\/p>\n<p style=\"text-align: justify;\"><span lang=\"ES-CL\">Una de las aristas claves del proyecto es su contribuci\u00f3n al proceso de reciclaje en la regi\u00f3n. \u201cA nivel regional se reciclan s\u00f3lo 290 toneladas anuales de vidrio, que representa el 15% de la generaci\u00f3n de este residuo, lo que est\u00e1 muy lejos del 55% que se recicla a nivel nacional\u201d, explica Paulina Monsalve, representante de Fecunda Patagonia, empresa dedicada el reciclaje con m\u00e1s de 4 a\u00f1os de trayectoria en la regi\u00f3n. \u201cHay que saber que el vidrio es 100% reciclable e infinitas veces reciclable. De hecho, si todo el vidrio del planeta se reciclara, la humanidad ya no tendr\u00eda que producir vidrio nuevo nunca m\u00e1s\u2026 ser\u00eda lindo, \u00bfno?\u201d, agrega.<\/span><\/p>\n<p style=\"text-align: justify;\"><span lang=\"ES-CL\">Adem\u00e1s de los beneficios medioambientales y econ\u00f3micos, el proyecto busca generar mayor consciencia de cooperaci\u00f3n y reciclaje en toda la poblaci\u00f3n, creando instancias y facilidades para que todo usuario de botellas de vidrio pueda tambi\u00e9n ser parte de esta iniciativa regenerativa para nuestro entorno. En ese contexto, un rol clave lo va a desempe\u00f1ar Trazosur, empresa regional de dise\u00f1o y fabricaci\u00f3n que combina tecnolog\u00eda digital CNC y m\u00e9todos artesanales de fabricaci\u00f3n. \u201cComo empresa estamos muy contentos de ser parte de este tipo de iniciativas de circularidad regional. Proyectos como \u00e9ste, nos permiten apoyar nuestra econom\u00eda local y desarrollar soluciones de mayor calidad dentro del territorio que agreguen valor a la producci\u00f3n regional\u201d comenta Nicole Vernal, arquitecta y fundadora de la empresa.<\/span><\/p>\n<p style=\"text-align: justify;\"><span lang=\"ES-CL\">Omar Mu\u00f1oz Sierra, director de Corfo Ays\u00e9n destac\u00f3 esta iniciativa \u201cdonde vemos c\u00f3mo el trabajo colaborativo genera una relaci\u00f3n virtuosa en torno a la econom\u00eda circular, que creemos tendr\u00e1 un impacto positivo en lo econ\u00f3mico, social y medioambiental. Desde Corfo estamos apoyando este tipo de iniciativas pues esta nueva l\u00f3gica de producci\u00f3n otorga un valor a lo que antes pens\u00e1bamos que era un desecho. Como corporaci\u00f3n estamos comprometidos con la reactivaci\u00f3n econ\u00f3mica de nuestro territorio, y proyectos como estos, que ponen el acento en el crecimiento de la mano con la sustentabilidad, es lo que buscamos para el desarrollo de nuestro territorio\u201d.<\/span><\/p>\n<p style=\"text-align: justify;\"><span lang=\"ES-CL\">El proyecto se plantea como meta, en el mes de abril, estar recuperando y recirculando al mercado del orden de 3.000 botellas de 330 ml, lo que significa que al menos 3.000 botellas en vez de terminar en la basura o regresar a Santiago para ser recicladas, ser\u00e1n aprovechadas para ser nuevamente utilizadas por los productores artesanales de la Regi\u00f3n.<\/span><\/p>\n<p style=\"text-align: justify;\"><span lang=\"ES-CL\">Finalmente, las representantes de las empresas hicieron un llamado a la comunidad regional, a conocer m\u00e1s del proyecto, en el sitio web\u00a0<\/span><a href=\"http:\/\/www.antiguagranel.com\/\" target=\"_blank\" rel=\"noopener\" data-saferedirecturl=\"https:\/\/www.google.com\/url?q=http:\/\/www.antiguagranel.com\/&amp;source=gmail&amp;ust=1638652269692000&amp;usg=AOvVaw3s7XUTQvAtyxbo2470b_97\"><span lang=\"ES-CL\">www.antiguagranel.com<\/span><\/a><\/p>\n<\/div><\/section><\/div><div  style='height:50px' class='hr hr-invisible   avia-builder-el-6  el_after_av_one_full  el_before_av_social_share '><span class='hr-inner ' ><span class='hr-inner-style'><\/span><\/span><\/div><\/p>\n<div  class='av-social-sharing-box  avia-builder-el-7  el_after_av_hr  el_before_av_hr  '><div class='av-share-box'><h5 class='av-share-link-description av-no-toc '>Compartir esta noticia<\/h5><ul class='av-share-box-list noLightbox'><li class='av-share-link av-social-link-facebook' ><a target=\"_blank\" aria-label=\"Compartir en Facebook\" href='https:\/\/www.facebook.com\/sharer.php?u=https:\/\/radiorevelacionfm.cl\/?p=11477&#038;t=Proyecto%20colaborativo%20de%20econom%C3%ADa%20circular%20busca%20reutilizar%20botellas%20de%20vidrio%20en%20Ays%C3%A9n' aria-hidden='false' data-av_icon='\ue8f3' data-av_iconfont='entypo-fontello' title='' data-avia-related-tooltip='Compartir en Facebook' rel=\"noopener\"><span class='avia_hidden_link_text'>Compartir en Facebook<\/span><\/a><\/li><li class='av-share-link av-social-link-twitter' ><a target=\"_blank\" aria-label=\"Compartir en Twitter\" href='https:\/\/twitter.com\/share?text=Proyecto%20colaborativo%20de%20econom%C3%ADa%20circular%20busca%20reutilizar%20botellas%20de%20vidrio%20en%20Ays%C3%A9n&#038;url=https:\/\/radiorevelacionfm.cl\/?p=11477' aria-hidden='false' data-av_icon='\ue8f1' data-av_iconfont='entypo-fontello' title='' data-avia-related-tooltip='Compartir en Twitter' rel=\"noopener\"><span class='avia_hidden_link_text'>Compartir en Twitter<\/span><\/a><\/li><li class='av-share-link av-social-link-whatsapp' ><a target=\"_blank\" aria-label=\"Compartir en Whatsapp\" href='https:\/\/api.whatsapp.com\/send?text=https:\/\/radiorevelacionfm.cl\/?p=11477' aria-hidden='false' data-av_icon='\uf232' data-av_iconfont='entypo-fontello' title='' data-avia-related-tooltip='Compartir en Whatsapp' rel=\"noopener\"><span class='avia_hidden_link_text'>Compartir en Whatsapp<\/span><\/a><\/li><li class='av-share-link av-social-link-linkedin' ><a target=\"_blank\" aria-label=\"Compartir en LinkedIn\" href='https:\/\/linkedin.com\/shareArticle?mini=true&#038;title=Proyecto%20colaborativo%20de%20econom%C3%ADa%20circular%20busca%20reutilizar%20botellas%20de%20vidrio%20en%20Ays%C3%A9n&#038;url=https:\/\/radiorevelacionfm.cl\/?p=11477' aria-hidden='false' data-av_icon='\ue8fc' data-av_iconfont='entypo-fontello' title='' data-avia-related-tooltip='Compartir en LinkedIn' rel=\"noopener\"><span class='avia_hidden_link_text'>Compartir en LinkedIn<\/span><\/a><\/li><li class='av-share-link av-social-link-mail' ><a  aria-label=\"Compartir por correo\" href='mailto:?subject=Proyecto%20colaborativo%20de%20econom%C3%ADa%20circular%20busca%20reutilizar%20botellas%20de%20vidrio%20en%20Ays%C3%A9n&#038;body=https:\/\/radiorevelacionfm.cl\/?p=11477' aria-hidden='false' data-av_icon='\ue805' data-av_iconfont='entypo-fontello' title='' data-avia-related-tooltip='Compartir por correo'><span class='avia_hidden_link_text'>Compartir por correo<\/span><\/a><\/li><\/ul><\/div><\/div>\n<div  style='height:50px' class='hr hr-invisible   avia-builder-el-8  el_after_av_social_share  el_before_av_comments_list '><span class='hr-inner ' ><span class='hr-inner-style'><\/span><\/span><\/div>\n<div  class='av-buildercomment  av-blog-meta-html-info-disabled av-blog-meta-tag-disabled  '><\/div>\n","protected":false},"excerpt":{"rendered":"","protected":false},"author":1,"featured_media":11479,"comment_status":"open","ping_status":"open","sticky":false,"template":"","format":"standard","meta":{"footnotes":""},"categories":[38],"tags":[],"class_list":["post-11477","post","type-post","status-publish","format-standard","has-post-thumbnail","hentry","category-regional"],"jetpack_featured_media_url":"https:\/\/radiorevelacionfm.cl\/wp-content\/uploads\/2021\/12\/CyC-Corfo-Aysen1-1-1.jpg","_links":{"self":[{"href":"https:\/\/radiorevelacionfm.cl\/index.php?rest_route=\/wp\/v2\/posts\/11477","targetHints":{"allow":["GET"]}}],"collection":[{"href":"https:\/\/radiorevelacionfm.cl\/index.php?rest_route=\/wp\/v2\/posts"}],"about":[{"href":"https:\/\/radiorevelacionfm.cl\/index.php?rest_route=\/wp\/v2\/types\/post"}],"author":[{"embeddable":true,"href":"https:\/\/radiorevelacionfm.cl\/index.php?rest_route=\/wp\/v2\/users\/1"}],"replies":[{"embeddable":true,"href":"https:\/\/radiorevelacionfm.cl\/index.php?rest_route=%2Fwp%2Fv2%2Fcomments&post=11477"}],"version-history":[{"count":2,"href":"https:\/\/radiorevelacionfm.cl\/index.php?rest_route=\/wp\/v2\/posts\/11477\/revisions"}],"predecessor-version":[{"id":11481,"href":"https:\/\/radiorevelacionfm.cl\/index.php?rest_route=\/wp\/v2\/posts\/11477\/revisions\/11481"}],"wp:featuredmedia":[{"embeddable":true,"href":"https:\/\/radiorevelacionfm.cl\/index.php?rest_route=\/wp\/v2\/media\/11479"}],"wp:attachment":[{"href":"https:\/\/radiorevelacionfm.cl\/index.php?rest_route=%2Fwp%2Fv2%2Fmedia&parent=11477"}],"wp:term":[{"taxonomy":"category","embeddable":true,"href":"https:\/\/radiorevelacionfm.cl\/index.php?rest_route=%2Fwp%2Fv2%2Fcategories&post=11477"},{"taxonomy":"post_tag","embeddable":true,"href":"https:\/\/radiorevelacionfm.cl\/index.php?rest_route=%2Fwp%2Fv2%2Ftags&post=11477"}],"curies":[{"name":"wp","href":"https:\/\/api.w.org\/{rel}","templated":true}]}}