{"id":11473,"date":"2021-12-03T21:22:18","date_gmt":"2021-12-04T00:22:18","guid":{"rendered":"https:\/\/radiorevelacionfm.cl\/?p=11473"},"modified":"2021-12-03T21:22:18","modified_gmt":"2021-12-04T00:22:18","slug":"condenan-con-mas-de-344-millones-de-multa-a-empresa-los-fiordos-por-mal-manejo-de-mortalidades","status":"publish","type":"post","link":"https:\/\/radiorevelacionfm.cl\/?p=11473","title":{"rendered":"Condenan con m\u00e1s de 344 millones de multa a empresa Los Fiordos por mal manejo de mortalidades"},"content":{"rendered":"<div class=\"flex_column av_one_full  flex_column_div av-zero-column-padding first  avia-builder-el-0  el_before_av_one_full  avia-builder-el-first  \" style='border-radius:0px; '><div  class='avia-image-container  av-styling-    avia-builder-el-1  avia-builder-el-no-sibling  avia-align-center '  itemprop=\"image\" itemscope=\"itemscope\" itemtype=\"https:\/\/schema.org\/ImageObject\"  ><div class='avia-image-container-inner'><div class='avia-image-overlay-wrap'><img decoding=\"async\" class='wp-image-11474 avia-img-lazy-loading-not-11474 avia_image' src=\"https:\/\/radiorevelacionfm.cl\/wp-content\/uploads\/2021\/12\/Gertrudis-2-1-1.jpg\" alt='' title='Gertrudis (2) (1) (1)' height=\"600\" width=\"931\"  itemprop=\"thumbnailUrl\" srcset=\"https:\/\/radiorevelacionfm.cl\/wp-content\/uploads\/2021\/12\/Gertrudis-2-1-1.jpg 931w, https:\/\/radiorevelacionfm.cl\/wp-content\/uploads\/2021\/12\/Gertrudis-2-1-1-300x193.jpg 300w, https:\/\/radiorevelacionfm.cl\/wp-content\/uploads\/2021\/12\/Gertrudis-2-1-1-768x495.jpg 768w, https:\/\/radiorevelacionfm.cl\/wp-content\/uploads\/2021\/12\/Gertrudis-2-1-1-705x454.jpg 705w, https:\/\/radiorevelacionfm.cl\/wp-content\/uploads\/2021\/12\/Gertrudis-2-1-1-600x387.jpg 600w\" sizes=\"(max-width: 931px) 100vw, 931px\" \/><\/div><\/div><\/div><\/div><div class=\"flex_column av_one_full  flex_column_div av-zero-column-padding first  avia-builder-el-2  el_after_av_one_full  el_before_av_one_full  column-top-margin\" style='border-radius:0px; '><section class=\"av_textblock_section \"  itemscope=\"itemscope\" itemtype=\"https:\/\/schema.org\/BlogPosting\" itemprop=\"blogPost\" ><div class='avia_textblock  '   itemprop=\"text\" ><p style=\"text-align: center;\"><strong><span style=\"font-size: 18pt;\">Condenan con m\u00e1s de 344 millones de multa a empresa Los Fiordos por mal manejo de mortalidades<\/span><\/strong><\/p>\n<div id=\"gtx-trans\" style=\"position: absolute; left: -50px; top: 4.31534px;\">\n<div class=\"gtx-trans-icon\"><\/div>\n<\/div>\n<\/div><\/section><\/div><div class=\"flex_column av_one_full  flex_column_div av-zero-column-padding first  avia-builder-el-4  el_after_av_one_full  el_before_av_hr  column-top-margin\" style='border-radius:0px; '><section class=\"av_textblock_section \"  itemscope=\"itemscope\" itemtype=\"https:\/\/schema.org\/BlogPosting\" itemprop=\"blogPost\" ><div class='avia_textblock  '   itemprop=\"text\" ><p style=\"font-weight: 400; text-align: justify;\">Como una sanci\u00f3n ejemplificadora calific\u00f3 el Director Nacional de Sernapesca, Claudio B\u00e1ez Beltr\u00e1n, el reciente fallo del Juzgado de Letras y Garant\u00eda de Puerto Ays\u00e9n, que mult\u00f3 con 6 mil 450 UTM (m\u00e1s de 344 millones de pesos) a la empresa exportadora Los Fiordos Ltda, por distintas infracciones asociadas al mal manejo de mortalidad en la producci\u00f3n de salmones en uno de sus centros.<\/p>\n<p style=\"font-weight: 400; text-align: justify;\">La sentencia de la causa rol C-715-2019 fue dada a conocer la semana pasada y detalla que entre las infracciones cometidas por la empresa est\u00e1 la no extracci\u00f3n oportuna de la mortalidad diaria de sus unidades de cultivo, no ensilar la mortalidad extra\u00edda dentro del plazo de 24 horas; incumplimiento de medidas de contenci\u00f3n y bioseguridad y la entrega de informaci\u00f3n no fidedigna respecto de su condici\u00f3n sanitaria, entre otros.<\/p>\n<p style=\"font-weight: 400; text-align: justify;\">Todos estos incumplimientos quedaron en evidencia durante una serie de fiscalizaciones realizadas entre abril y mayo del 2019 al centro Gertrudis 2, ubicado al norte de la isla del mismo nombre, en el Canal King, comuna de Cisnes (Regi\u00f3n de Ays\u00e9n). De acuerdo con la sentencia, los inspectores de Sernapesca detectaron que, al momento de la fiscalizaci\u00f3n, \u201cel centro no contaba con la capacidad t\u00e9cnica y humana necesaria para la extracci\u00f3n de mortalidad diaria\u201d.<\/p>\n<p style=\"font-weight: 400; text-align: justify;\">La situaci\u00f3n fue confirmada en dos inspecciones posteriores, sin que la empresa subsanara el problema, pese a que el centro hab\u00eda sido calificado en condici\u00f3n de \u201cAlta Diseminaci\u00f3n\u201d (CAD) para Piscirickettsiosis (SRS) y Caligus, lo que obligaba a aumentar la frecuencia de retiro de mortalidad a al menos dos veces al d\u00eda, de acuerdo con el Programa Sanitario Espec\u00edfico de Vigilancia y Control de SRS.<\/p>\n<p style=\"font-weight: 400; text-align: justify;\">Asimismo, el tribunal pudo llegar a la convicci\u00f3n que \u201cla empresa denunciada entreg\u00f3 informaci\u00f3n falsa sobre la condici\u00f3n sanitaria, relacionada con la caligidosis, pues Exportadora Los Fiordos Limitada, ha reportado las cargas parasitarias menores a las que podr\u00eda verificarse de acuerdo a la biolog\u00eda del par\u00e1sito, lo que constituye entrega de informaci\u00f3n no fidedigna o falsa al Servicio, ya que se encontr\u00f3 una diferencia significativa, correspondiente a un 365,15%, variaci\u00f3n que con s\u00f3lo cuatro d\u00edas de diferencia entre monitoreos no se condice con el ciclo biol\u00f3gico del par\u00e1sito\u201d.<\/p>\n<p style=\"font-weight: 400; text-align: justify;\">Todo lo anterior, entre otras infracciones, llevaron al juzgado a establecer la elevada sanci\u00f3n, sin perjuicio de las apelaciones que pueda realizar la empresa denunciada en los respectivos tribunales de alzada.<\/p>\n<p style=\"font-weight: 400; text-align: justify;\"><strong>FALLO EJEMPLIFICADOR<\/strong><\/p>\n<p style=\"font-weight: 400; text-align: justify;\">En Sernapesca destacaron el fallo, ya que establece las m\u00e1ximas sanciones para cada incumplimiento. Asimismo, subrayaron que el tribunal tuvo a la vista que se trat\u00f3 de una conducta reiterada en el tiempo, y que entre las pruebas no s\u00f3lo consideraron la evidencia presentada por el organismo fiscalizador, sino tambi\u00e9n documentaci\u00f3n cient\u00edfica que sirvi\u00f3 para establecer inconsistencias en lo informado por la empresa.<\/p>\n<p style=\"font-weight: 400; text-align: justify;\">\u201cEn el cumplimiento de nuestro rol fiscalizador, no es aceptable que las empresas acu\u00edcolas hagan caso omiso de las notificaciones y observaciones que hacen nuestros equipos durante las inspecciones a los centros de cultivo. En este caso, se hicieron varias fiscalizaciones detectando importantes deficiencias, las cuales no fueron corregidas oportunamente y, lo m\u00e1s grave, en un contexto de riesgo sanitario, atendida la condici\u00f3n del centro\u201d, concluy\u00f3 el Director Nacional de Sernapesca.<\/p>\n<\/div><\/section><\/div><div  style='height:50px' class='hr hr-invisible   avia-builder-el-6  el_after_av_one_full  el_before_av_social_share '><span class='hr-inner ' ><span class='hr-inner-style'><\/span><\/span><\/div><\/p>\n<div  class='av-social-sharing-box  avia-builder-el-7  el_after_av_hr  el_before_av_hr  '><div class='av-share-box'><h5 class='av-share-link-description av-no-toc '>Compartir esta noticia<\/h5><ul class='av-share-box-list noLightbox'><li class='av-share-link av-social-link-facebook' ><a target=\"_blank\" aria-label=\"Compartir en Facebook\" href='https:\/\/www.facebook.com\/sharer.php?u=https:\/\/radiorevelacionfm.cl\/?p=11473&#038;t=Condenan%20con%20m%C3%A1s%20de%20344%20millones%20de%20multa%20a%20empresa%20Los%20Fiordos%20por%20mal%20manejo%20de%20mortalidades' aria-hidden='false' data-av_icon='\ue8f3' data-av_iconfont='entypo-fontello' title='' data-avia-related-tooltip='Compartir en Facebook' rel=\"noopener\"><span class='avia_hidden_link_text'>Compartir en Facebook<\/span><\/a><\/li><li class='av-share-link av-social-link-twitter' ><a target=\"_blank\" aria-label=\"Compartir en Twitter\" href='https:\/\/twitter.com\/share?text=Condenan%20con%20m%C3%A1s%20de%20344%20millones%20de%20multa%20a%20empresa%20Los%20Fiordos%20por%20mal%20manejo%20de%20mortalidades&#038;url=https:\/\/radiorevelacionfm.cl\/?p=11473' aria-hidden='false' data-av_icon='\ue8f1' data-av_iconfont='entypo-fontello' title='' data-avia-related-tooltip='Compartir en Twitter' rel=\"noopener\"><span class='avia_hidden_link_text'>Compartir en Twitter<\/span><\/a><\/li><li class='av-share-link av-social-link-whatsapp' ><a target=\"_blank\" aria-label=\"Compartir en Whatsapp\" href='https:\/\/api.whatsapp.com\/send?text=https:\/\/radiorevelacionfm.cl\/?p=11473' aria-hidden='false' data-av_icon='\uf232' data-av_iconfont='entypo-fontello' title='' data-avia-related-tooltip='Compartir en Whatsapp' rel=\"noopener\"><span class='avia_hidden_link_text'>Compartir en Whatsapp<\/span><\/a><\/li><li class='av-share-link av-social-link-linkedin' ><a target=\"_blank\" aria-label=\"Compartir en LinkedIn\" href='https:\/\/linkedin.com\/shareArticle?mini=true&#038;title=Condenan%20con%20m%C3%A1s%20de%20344%20millones%20de%20multa%20a%20empresa%20Los%20Fiordos%20por%20mal%20manejo%20de%20mortalidades&#038;url=https:\/\/radiorevelacionfm.cl\/?p=11473' aria-hidden='false' data-av_icon='\ue8fc' data-av_iconfont='entypo-fontello' title='' data-avia-related-tooltip='Compartir en LinkedIn' rel=\"noopener\"><span class='avia_hidden_link_text'>Compartir en LinkedIn<\/span><\/a><\/li><li class='av-share-link av-social-link-mail' ><a  aria-label=\"Compartir por correo\" href='mailto:?subject=Condenan%20con%20m%C3%A1s%20de%20344%20millones%20de%20multa%20a%20empresa%20Los%20Fiordos%20por%20mal%20manejo%20de%20mortalidades&#038;body=https:\/\/radiorevelacionfm.cl\/?p=11473' aria-hidden='false' data-av_icon='\ue805' data-av_iconfont='entypo-fontello' title='' data-avia-related-tooltip='Compartir por correo'><span class='avia_hidden_link_text'>Compartir por correo<\/span><\/a><\/li><\/ul><\/div><\/div>\n<div  style='height:50px' class='hr hr-invisible   avia-builder-el-8  el_after_av_social_share  el_before_av_comments_list '><span class='hr-inner ' ><span class='hr-inner-style'><\/span><\/span><\/div>\n<div  class='av-buildercomment  av-blog-meta-html-info-disabled av-blog-meta-tag-disabled  '><\/div>\n","protected":false},"excerpt":{"rendered":"","protected":false},"author":1,"featured_media":11474,"comment_status":"open","ping_status":"open","sticky":false,"template":"","format":"standard","meta":{"footnotes":""},"categories":[60,38],"tags":[],"class_list":["post-11473","post","type-post","status-publish","format-standard","has-post-thumbnail","hentry","category-pesca","category-regional"],"jetpack_featured_media_url":"https:\/\/radiorevelacionfm.cl\/wp-content\/uploads\/2021\/12\/Gertrudis-2-1-1.jpg","_links":{"self":[{"href":"https:\/\/radiorevelacionfm.cl\/index.php?rest_route=\/wp\/v2\/posts\/11473","targetHints":{"allow":["GET"]}}],"collection":[{"href":"https:\/\/radiorevelacionfm.cl\/index.php?rest_route=\/wp\/v2\/posts"}],"about":[{"href":"https:\/\/radiorevelacionfm.cl\/index.php?rest_route=\/wp\/v2\/types\/post"}],"author":[{"embeddable":true,"href":"https:\/\/radiorevelacionfm.cl\/index.php?rest_route=\/wp\/v2\/users\/1"}],"replies":[{"embeddable":true,"href":"https:\/\/radiorevelacionfm.cl\/index.php?rest_route=%2Fwp%2Fv2%2Fcomments&post=11473"}],"version-history":[{"count":2,"href":"https:\/\/radiorevelacionfm.cl\/index.php?rest_route=\/wp\/v2\/posts\/11473\/revisions"}],"predecessor-version":[{"id":11476,"href":"https:\/\/radiorevelacionfm.cl\/index.php?rest_route=\/wp\/v2\/posts\/11473\/revisions\/11476"}],"wp:featuredmedia":[{"embeddable":true,"href":"https:\/\/radiorevelacionfm.cl\/index.php?rest_route=\/wp\/v2\/media\/11474"}],"wp:attachment":[{"href":"https:\/\/radiorevelacionfm.cl\/index.php?rest_route=%2Fwp%2Fv2%2Fmedia&parent=11473"}],"wp:term":[{"taxonomy":"category","embeddable":true,"href":"https:\/\/radiorevelacionfm.cl\/index.php?rest_route=%2Fwp%2Fv2%2Fcategories&post=11473"},{"taxonomy":"post_tag","embeddable":true,"href":"https:\/\/radiorevelacionfm.cl\/index.php?rest_route=%2Fwp%2Fv2%2Ftags&post=11473"}],"curies":[{"name":"wp","href":"https:\/\/api.w.org\/{rel}","templated":true}]}}