{"id":11469,"date":"2021-12-03T20:49:25","date_gmt":"2021-12-03T23:49:25","guid":{"rendered":"https:\/\/radiorevelacionfm.cl\/?p=11469"},"modified":"2021-12-03T20:49:25","modified_gmt":"2021-12-03T23:49:25","slug":"con-exito-se-realizo-seminario-virtual-genero-y-violencia-extrema-en-la-region-de-aysen","status":"publish","type":"post","link":"https:\/\/radiorevelacionfm.cl\/?p=11469","title":{"rendered":"Con \u00e9xito se realiz\u00f3 Seminario Virtual \u00abG\u00e9nero y Violencia Extrema en la regi\u00f3n de Ays\u00e9n\u00bb"},"content":{"rendered":"<div class=\"flex_column av_one_full  flex_column_div av-zero-column-padding first  avia-builder-el-0  el_before_av_one_full  avia-builder-el-first  \" style='border-radius:0px; '><div  class='avia-image-container  av-styling-    avia-builder-el-1  avia-builder-el-no-sibling  avia-align-center '  itemprop=\"image\" itemscope=\"itemscope\" itemtype=\"https:\/\/schema.org\/ImageObject\"  ><div class='avia-image-container-inner'><div class='avia-image-overlay-wrap'><img decoding=\"async\" class='wp-image-11470 avia-img-lazy-loading-not-11470 avia_image' src=\"https:\/\/radiorevelacionfm.cl\/wp-content\/uploads\/2021\/12\/seminario-VIrtual-1-1.jpg\" alt='' title='seminario VIrtual (1) (1)' height=\"600\" width=\"1242\"  itemprop=\"thumbnailUrl\" srcset=\"https:\/\/radiorevelacionfm.cl\/wp-content\/uploads\/2021\/12\/seminario-VIrtual-1-1.jpg 1242w, https:\/\/radiorevelacionfm.cl\/wp-content\/uploads\/2021\/12\/seminario-VIrtual-1-1-300x145.jpg 300w, https:\/\/radiorevelacionfm.cl\/wp-content\/uploads\/2021\/12\/seminario-VIrtual-1-1-1030x498.jpg 1030w, https:\/\/radiorevelacionfm.cl\/wp-content\/uploads\/2021\/12\/seminario-VIrtual-1-1-768x371.jpg 768w, https:\/\/radiorevelacionfm.cl\/wp-content\/uploads\/2021\/12\/seminario-VIrtual-1-1-705x341.jpg 705w, https:\/\/radiorevelacionfm.cl\/wp-content\/uploads\/2021\/12\/seminario-VIrtual-1-1-600x290.jpg 600w\" sizes=\"(max-width: 1242px) 100vw, 1242px\" \/><\/div><\/div><\/div><\/div><div class=\"flex_column av_one_full  flex_column_div av-zero-column-padding first  avia-builder-el-2  el_after_av_one_full  el_before_av_one_full  column-top-margin\" style='border-radius:0px; '><section class=\"av_textblock_section \"  itemscope=\"itemscope\" itemtype=\"https:\/\/schema.org\/BlogPosting\" itemprop=\"blogPost\" ><div class='avia_textblock  '   itemprop=\"text\" ><p style=\"font-weight: 400; text-align: center;\"><strong><span style=\"font-size: 18pt;\">Con \u00e9xito se realiz\u00f3 Seminario Virtual \u00abG\u00e9nero y Violencia Extrema en la regi\u00f3n de Ays\u00e9n\u00bb<\/span><\/strong><\/p>\n<div id=\"gtx-trans\" style=\"position: absolute; left: -50px; top: 4.31534px;\">\n<div class=\"gtx-trans-icon\"><\/div>\n<\/div>\n<\/div><\/section><\/div><div class=\"flex_column av_one_full  flex_column_div av-zero-column-padding first  avia-builder-el-4  el_after_av_one_full  el_before_av_hr  column-top-margin\" style='border-radius:0px; '><section class=\"av_textblock_section \"  itemscope=\"itemscope\" itemtype=\"https:\/\/schema.org\/BlogPosting\" itemprop=\"blogPost\" ><div class='avia_textblock  '   itemprop=\"text\" ><p style=\"text-align: justify;\">Con la asistencia de 70 personas se llev\u00f3 a cabo de forma telem\u00e1tica el seminario \u00abG\u00e9nero y Violencia Extrema en la regi\u00f3n de Ays\u00e9n\u00bb que tuvo como objetivo entregar una mirada transversal sobre este fen\u00f3meno sociocultural, brindar herramientas de orientaci\u00f3n e informaci\u00f3n; y al mismo tiempo, caracterizar la situaci\u00f3n de la violencia contra las mujeres en el territorio; en sus m\u00faltiples manifestaciones y contextos. La actividad fue organizada por el Servicio Nacional de la Mujer y la Equidad de G\u00e9nero junto a la Fiscal\u00eda Regional de Ays\u00e9n y las dem\u00e1s instituciones que conforman el Circuito Intersectorial de Femicidio \u2013 Seremi de la Mujer y la Equidad de G\u00e9nero, Carabineros de Chile, Servicio M\u00e9dico Legal, Polic\u00eda de Investigaciones de Chile, Centro de Atenci\u00f3n a V\u00edctimas del Ministerio del Interior y Seguridad y el Servicio Nacional de Protecci\u00f3n Especializada a la Ni\u00f1ez y Adolescencia.<\/p>\n<p style=\"text-align: justify;\">Junto con destacar la participaci\u00f3n de funcionarias\/os tanto p\u00fablicos como municipales, polic\u00edas y p\u00fablico en general, la Directora Regional de SernamEG, Elizabeth Guti\u00e9rrez Eggers, sostuvo que \u201centre las actividades que tuvimos en el Mes de la Eliminaci\u00f3n de la Violencia contra las Mujeres esta es una de las m\u00e1s significativas, ya que fue una oportunidad para mostrar el trabajo coordinado con los organismos que conforman el Circuito Intersectorial de Femicidio. La asistencia de cada una de las personas a este evento demuestra el inter\u00e9s cada vez mayor que despierta esta problem\u00e1tica sociocultural. Por ejemplo, en\u00a0funcionarias y funcionarios p\u00fablicos que esperan brindar una mejor atenci\u00f3n a las mujeres y actuar con la debida diligencia, incorporando el enfoque de g\u00e9nero; y en la misma comunidad que precisa de informaci\u00f3n actualizada sobre los avances en materia legal que sanciona las distintas manifestaciones de violencia\u201d.<\/p>\n<p style=\"text-align: justify;\">Por su parte, el Jefe de la Unidad de V\u00edctimas y Testigos, URAVIT, de la Fiscal\u00eda Regional de Ays\u00e9n, Julio S\u00e1nchez Meza, dijo: \u201ces importante mencionar que se pudieron conectar a este Seminario personas a nivel nacional e internacional, las que pudieron conocer las ponencias presentadas por las y los expositores; lo que permite en alg\u00fan sentido, no solamente tener conocimientos sobre este importante tema, sino tambi\u00e9n reflexionar sobre el rol de las diversas instituciones en la instalaci\u00f3n de la visi\u00f3n de g\u00e9nero en esta Regi\u00f3n. Tambi\u00e9n es relevante mencionar que participaron personas de diversas instituciones que pudieron exponer sus distintos puntos de vista sobre esta tem\u00e1tica. Por lo tanto, ha sido una actividad muy exitosa y que podemos repetir en otras oportunidades\u201d.<\/p>\n<p style=\"text-align: justify;\">El\u00a0seminario virtual \u00abG\u00e9nero y Violencia Extrema en la regi\u00f3n de Ays\u00e9n\u00bb consisti\u00f3 en 4 ponencias que se transmitieron por el Canal de YouTube de la Fiscal\u00eda Regional. Una de las exposiciones se denomin\u00f3 \u00abLegislaci\u00f3n y Procedimientos Investigativos en Violencia Intrafamiliar y Delitos Sexuales\u00bb a cargo de la Abogada y Directora de la Unidad Especializada en Derechos Humanos, Violencia de G\u00e9nero y Delitos Sexuales de la Fiscal\u00eda Nacional, Imay Ortiz Pulgar.<\/p>\n<p style=\"text-align: justify;\">La Abogada del Programa de Atenci\u00f3n, Protecci\u00f3n y Reparaci\u00f3n en Violencia contra las Mujeres de SernamEG, Alicia Candia Molina, present\u00f3 la ponencia titulada \u00abEl femicidio como un delito de g\u00e9nero contra las mujeres y Circuito Intersectorial de Respuesta\u00bb.\u00a0Al respecto, la profesional precis\u00f3 que se centr\u00f3 en la nueva ley de Femicidio que fue promulgada el a\u00f1o 2020, \u201cla idea fue informar sobre las nuevas figuras legales, porque no s\u00f3lo ampl\u00eda el femicidio \u00edntimo de pareja a aquellas sin convivencia o de pololos, sino que crea un femicidio que b\u00e1sicamente sanciona el asesinato de una mujer por razones de g\u00e9nero en t\u00e9rminos generales; y eso es muy fundamental porque adem\u00e1s incorpora hip\u00f3tesis que pueden hacer entrar a nuevos grupos de personas como las ni\u00f1as y adolescentes. Asimismo, en el caso de que el asesinato ocurra con ocasi\u00f3n de una agresi\u00f3n sexual entre personas desconocidas o entre familiares. Tambi\u00e9n se incorporan asesinatos de la diversidad sexual; es decir, cuando ocurre el asesinato de una mujer por su orientaci\u00f3n sexual o una mujer trans por su identidad sexual\u201d.<\/p>\n<p style=\"text-align: justify;\">Otra de las exposiciones del Seminario fue\u00a0\u00abLa Realidad Regional en el Abordaje de la Violencia contra las Mujeres\u00bb a cargo del Comisario de Coyhaique, Mayor C\u00e9sar Leiva Mart\u00ednez. Finalmente, concluy\u00f3 el ciclo de ponencias la Directora Regional (s) del Servicio Nacional de Protecci\u00f3n Especializada a la Ni\u00f1ez y Adolescencia, Gabriela Opazo Pino, con \u00abReflexiones t\u00e9cnicas, entorno a la atenci\u00f3n multidisciplinar a los ni\u00f1os, ni\u00f1as y adolescentes, v\u00edctimas de la violencia extrema contra la mujer\u00bb.<\/p>\n<\/div><\/section><\/div><div  style='height:50px' class='hr hr-invisible   avia-builder-el-6  el_after_av_one_full  el_before_av_social_share '><span class='hr-inner ' ><span class='hr-inner-style'><\/span><\/span><\/div><\/p>\n<div  class='av-social-sharing-box  avia-builder-el-7  el_after_av_hr  el_before_av_hr  '><div class='av-share-box'><h5 class='av-share-link-description av-no-toc '>Compartir esta noticia<\/h5><ul class='av-share-box-list noLightbox'><li class='av-share-link av-social-link-facebook' ><a target=\"_blank\" aria-label=\"Compartir en Facebook\" href='https:\/\/www.facebook.com\/sharer.php?u=https:\/\/radiorevelacionfm.cl\/?p=11469&#038;t=Con%20%C3%A9xito%20se%20realiz%C3%B3%20Seminario%20Virtual%20%C2%ABG%C3%A9nero%20y%20Violencia%20Extrema%20en%20la%20regi%C3%B3n%20de%20Ays%C3%A9n%C2%BB' aria-hidden='false' data-av_icon='\ue8f3' data-av_iconfont='entypo-fontello' title='' data-avia-related-tooltip='Compartir en Facebook' rel=\"noopener\"><span class='avia_hidden_link_text'>Compartir en Facebook<\/span><\/a><\/li><li class='av-share-link av-social-link-twitter' ><a target=\"_blank\" aria-label=\"Compartir en Twitter\" href='https:\/\/twitter.com\/share?text=Con%20%C3%A9xito%20se%20realiz%C3%B3%20Seminario%20Virtual%20%C2%ABG%C3%A9nero%20y%20Violencia%20Extrema%20en%20la%20regi%C3%B3n%20de%20Ays%C3%A9n%C2%BB&#038;url=https:\/\/radiorevelacionfm.cl\/?p=11469' aria-hidden='false' data-av_icon='\ue8f1' data-av_iconfont='entypo-fontello' title='' data-avia-related-tooltip='Compartir en Twitter' rel=\"noopener\"><span class='avia_hidden_link_text'>Compartir en Twitter<\/span><\/a><\/li><li class='av-share-link av-social-link-whatsapp' ><a target=\"_blank\" aria-label=\"Compartir en Whatsapp\" href='https:\/\/api.whatsapp.com\/send?text=https:\/\/radiorevelacionfm.cl\/?p=11469' aria-hidden='false' data-av_icon='\uf232' data-av_iconfont='entypo-fontello' title='' data-avia-related-tooltip='Compartir en Whatsapp' rel=\"noopener\"><span class='avia_hidden_link_text'>Compartir en Whatsapp<\/span><\/a><\/li><li class='av-share-link av-social-link-linkedin' ><a target=\"_blank\" aria-label=\"Compartir en LinkedIn\" href='https:\/\/linkedin.com\/shareArticle?mini=true&#038;title=Con%20%C3%A9xito%20se%20realiz%C3%B3%20Seminario%20Virtual%20%C2%ABG%C3%A9nero%20y%20Violencia%20Extrema%20en%20la%20regi%C3%B3n%20de%20Ays%C3%A9n%C2%BB&#038;url=https:\/\/radiorevelacionfm.cl\/?p=11469' aria-hidden='false' data-av_icon='\ue8fc' data-av_iconfont='entypo-fontello' title='' data-avia-related-tooltip='Compartir en LinkedIn' rel=\"noopener\"><span class='avia_hidden_link_text'>Compartir en LinkedIn<\/span><\/a><\/li><li class='av-share-link av-social-link-mail' ><a  aria-label=\"Compartir por correo\" href='mailto:?subject=Con%20%C3%A9xito%20se%20realiz%C3%B3%20Seminario%20Virtual%20%C2%ABG%C3%A9nero%20y%20Violencia%20Extrema%20en%20la%20regi%C3%B3n%20de%20Ays%C3%A9n%C2%BB&#038;body=https:\/\/radiorevelacionfm.cl\/?p=11469' aria-hidden='false' data-av_icon='\ue805' data-av_iconfont='entypo-fontello' title='' data-avia-related-tooltip='Compartir por correo'><span class='avia_hidden_link_text'>Compartir por correo<\/span><\/a><\/li><\/ul><\/div><\/div>\n<div  style='height:50px' class='hr hr-invisible   avia-builder-el-8  el_after_av_social_share  el_before_av_comments_list '><span class='hr-inner ' ><span class='hr-inner-style'><\/span><\/span><\/div>\n<div  class='av-buildercomment  av-blog-meta-html-info-disabled av-blog-meta-tag-disabled  '><\/div>\n","protected":false},"excerpt":{"rendered":"","protected":false},"author":1,"featured_media":11470,"comment_status":"open","ping_status":"open","sticky":false,"template":"","format":"standard","meta":{"footnotes":""},"categories":[38],"tags":[],"class_list":["post-11469","post","type-post","status-publish","format-standard","has-post-thumbnail","hentry","category-regional"],"jetpack_featured_media_url":"https:\/\/radiorevelacionfm.cl\/wp-content\/uploads\/2021\/12\/seminario-VIrtual-1-1.jpg","_links":{"self":[{"href":"https:\/\/radiorevelacionfm.cl\/index.php?rest_route=\/wp\/v2\/posts\/11469","targetHints":{"allow":["GET"]}}],"collection":[{"href":"https:\/\/radiorevelacionfm.cl\/index.php?rest_route=\/wp\/v2\/posts"}],"about":[{"href":"https:\/\/radiorevelacionfm.cl\/index.php?rest_route=\/wp\/v2\/types\/post"}],"author":[{"embeddable":true,"href":"https:\/\/radiorevelacionfm.cl\/index.php?rest_route=\/wp\/v2\/users\/1"}],"replies":[{"embeddable":true,"href":"https:\/\/radiorevelacionfm.cl\/index.php?rest_route=%2Fwp%2Fv2%2Fcomments&post=11469"}],"version-history":[{"count":2,"href":"https:\/\/radiorevelacionfm.cl\/index.php?rest_route=\/wp\/v2\/posts\/11469\/revisions"}],"predecessor-version":[{"id":11472,"href":"https:\/\/radiorevelacionfm.cl\/index.php?rest_route=\/wp\/v2\/posts\/11469\/revisions\/11472"}],"wp:featuredmedia":[{"embeddable":true,"href":"https:\/\/radiorevelacionfm.cl\/index.php?rest_route=\/wp\/v2\/media\/11470"}],"wp:attachment":[{"href":"https:\/\/radiorevelacionfm.cl\/index.php?rest_route=%2Fwp%2Fv2%2Fmedia&parent=11469"}],"wp:term":[{"taxonomy":"category","embeddable":true,"href":"https:\/\/radiorevelacionfm.cl\/index.php?rest_route=%2Fwp%2Fv2%2Fcategories&post=11469"},{"taxonomy":"post_tag","embeddable":true,"href":"https:\/\/radiorevelacionfm.cl\/index.php?rest_route=%2Fwp%2Fv2%2Ftags&post=11469"}],"curies":[{"name":"wp","href":"https:\/\/api.w.org\/{rel}","templated":true}]}}