{"id":11465,"date":"2021-12-03T20:16:42","date_gmt":"2021-12-03T23:16:42","guid":{"rendered":"https:\/\/radiorevelacionfm.cl\/?p=11465"},"modified":"2021-12-03T20:16:42","modified_gmt":"2021-12-03T23:16:42","slug":"260-familias-son-beneficiadas-con-ampliacion-del-servicio-sanitario-rural-de-caleta-tortel","status":"publish","type":"post","link":"https:\/\/radiorevelacionfm.cl\/?p=11465","title":{"rendered":"260 familias son beneficiadas con ampliaci\u00f3n del servicio sanitario rural de Caleta Tortel"},"content":{"rendered":"<div class=\"flex_column av_one_full  flex_column_div av-zero-column-padding first  avia-builder-el-0  el_before_av_one_full  avia-builder-el-first  \" style='border-radius:0px; '><div  class='avia-image-container  av-styling-    avia-builder-el-1  avia-builder-el-no-sibling  avia-align-center '  itemprop=\"image\" itemscope=\"itemscope\" itemtype=\"https:\/\/schema.org\/ImageObject\"  ><div class='avia-image-container-inner'><div class='avia-image-overlay-wrap'><img decoding=\"async\" class='wp-image-11466 avia-img-lazy-loading-not-11466 avia_image' src=\"https:\/\/radiorevelacionfm.cl\/wp-content\/uploads\/2021\/12\/img_e-tortel-1_optimized.jpg\" alt='' title='img_e-tortel-(1)_optimized' height=\"600\" width=\"1302\"  itemprop=\"thumbnailUrl\" srcset=\"https:\/\/radiorevelacionfm.cl\/wp-content\/uploads\/2021\/12\/img_e-tortel-1_optimized.jpg 1302w, https:\/\/radiorevelacionfm.cl\/wp-content\/uploads\/2021\/12\/img_e-tortel-1_optimized-300x138.jpg 300w, https:\/\/radiorevelacionfm.cl\/wp-content\/uploads\/2021\/12\/img_e-tortel-1_optimized-1030x475.jpg 1030w, https:\/\/radiorevelacionfm.cl\/wp-content\/uploads\/2021\/12\/img_e-tortel-1_optimized-768x354.jpg 768w, https:\/\/radiorevelacionfm.cl\/wp-content\/uploads\/2021\/12\/img_e-tortel-1_optimized-705x325.jpg 705w, https:\/\/radiorevelacionfm.cl\/wp-content\/uploads\/2021\/12\/img_e-tortel-1_optimized-600x276.jpg 600w\" sizes=\"(max-width: 1302px) 100vw, 1302px\" \/><\/div><\/div><\/div><\/div><div class=\"flex_column av_one_full  flex_column_div av-zero-column-padding first  avia-builder-el-2  el_after_av_one_full  el_before_av_one_full  column-top-margin\" style='border-radius:0px; '><section class=\"av_textblock_section \"  itemscope=\"itemscope\" itemtype=\"https:\/\/schema.org\/BlogPosting\" itemprop=\"blogPost\" ><div class='avia_textblock  '   itemprop=\"text\" ><p style=\"text-align: center;\"><span style=\"font-size: 18pt;\"><strong>260 familias son beneficiadas con ampliaci\u00f3n del servicio sanitario rural de Caleta Tortel<\/strong><\/span><\/p>\n<div id=\"gtx-trans\" style=\"position: absolute; left: -50px; top: 4.31534px;\">\n<div class=\"gtx-trans-icon\"><\/div>\n<\/div>\n<\/div><\/section><\/div><div class=\"flex_column av_one_full  flex_column_div av-zero-column-padding first  avia-builder-el-4  el_after_av_one_full  el_before_av_hr  column-top-margin\" style='border-radius:0px; '><section class=\"av_textblock_section \"  itemscope=\"itemscope\" itemtype=\"https:\/\/schema.org\/BlogPosting\" itemprop=\"blogPost\" ><div class='avia_textblock  '   itemprop=\"text\" ><p style=\"text-align: justify;\">El Secretario Regional Ministerial de Obras P\u00fablicas, N\u00e9stor Mera Mu\u00f1oz, inform\u00f3 que finaliz\u00f3 la construcci\u00f3n de la ampliaci\u00f3n del Servicio Sanitario Rural (SSR) de Caleta Tortel, localidad ubicada en la zona sur de la regi\u00f3n de Ays\u00e9n, en la provincia Capit\u00e1n Prat.<\/p>\n<p style=\"text-align: justify;\">\u201cHemos terminado la ampliaci\u00f3n del Servicio Sanitario Rural en la comuna de Tortel en donde beneficiamos a 260 familias. Este fue un proyecto que se esper\u00f3 por bastante tiempo, en el que trabajamos conjuntamente con la comunidad y en donde se invirtieron m\u00e1s de $390 millones. Los Servicios Sanitarios Rurales han cambiado dr\u00e1sticamente en cuanto a tecnolog\u00eda, en tipo de capacidad que tienen los estanques, en los puntos de extracci\u00f3n y acumulaci\u00f3n, y \u00a0con este sistema de ampliaci\u00f3n pudimos junto con mejorar lo existente y ampliarlo beneficiar a muchos m\u00e1s vecinos\/as, as\u00ed que estamos muy contentos por este trabajo mancomunado, el que se suma al importante esfuerzo que est\u00e1 haciendo nuestra Direcci\u00f3n Regional de Obras Hidr\u00e1ulicas a trav\u00e9s de la Subdirecci\u00f3n de Servicios Sanitarios Rurales que en estos momentos tiene una de las inversiones m\u00e1s altas en la historia en la regi\u00f3n de Ays\u00e9n. Este a\u00f1o vamos a superar los $7 mil millones s\u00f3lo en el \u00e1rea de Servicios Sanitarios Rurales, alcanzando con ello los 24.354 beneficiados que hoy en toda la regi\u00f3n cuentan con abastecimiento de agua potable gracias a este sistema, de ah\u00ed la importancia de este trabajo y de ser oportuno en la resoluci\u00f3n de las distintas inquietudes que tienen los vecinos. Eso es una muestra m\u00e1s del compromiso que tenemos como gobierno y como Ministerio de Obras P\u00fablicas con cada uno de los pobladores de la regi\u00f3n de Ays\u00e9n\u201d, afirm\u00f3 el SEREMI del MOP.<\/p>\n<p style=\"text-align: justify;\">Para Jessica Becerra, secretaria del Servicio Sanitario Rural de Caleta Tortel la ampliaci\u00f3n\u00a0 del SSR ha tenido un positivo impacto en la comunidad, as\u00ed lo manifest\u00f3 al ser consultada al respecto, oportunidad en la que tambi\u00e9n se\u00f1al\u00f3: \u201cMuchos pobladores fueron beneficiados con estas obras, nuevos socios que tenemos ya que hab\u00eda ciertos lugares en Tortel en donde no llegaba la presi\u00f3n del agua y por lo tanto, hab\u00edan personas que ten\u00edan factibilidad de agua y no ten\u00edan conexi\u00f3n a la red, \u00a0y otro sector que tambi\u00e9n fue beneficiado principalmente con estos cambios de presi\u00f3n es playa ancha que estaba bastante al debe ya que todas las instalaciones se encuentran en el otro extremo de Tortel, as\u00ed que ellos igual se vieron beneficiados positivamente con estos cambios que ocurrieron con el estanque nuevo, y hoy en d\u00eda gracias a este proyecto ellos tienen medidores, son nuevos socios del Comit\u00e9 y tienen agua y eso ha significado un gran cambio para ellos, sobre todo para la gente del sector alto de Tortel a los que los ha ayudado a tener agua potable en sus casas. Tambi\u00e9n comentar que este estanque tiene mayor presi\u00f3n y es de mayor cantidad y el agua gracias a su filtro y su tecnolog\u00eda tiene una mejor calidad\u201d.<\/p>\n<p style=\"text-align: justify;\">Entre las obras realizadas en Caleta Tortel destaca la instalaci\u00f3n de una nueva caseta de tratamiento y un nuevo estanque de regulaci\u00f3n para el sector alto de Caleta Tortel. La ampliaci\u00f3n integral de este Servicio Sanitario Rural permiti\u00f3 mejorar los sistemas de tratamiento, de regulaci\u00f3n y la red de distribuci\u00f3n, cumpliendo hoy con el est\u00e1ndar que tiene el Programa de Agua Potable Rural del Ministerio de Obras P\u00fablicas en toda la regi\u00f3n de Ays\u00e9n. Paralelamente, se encuentra en desarrollo un Estudio para buscar nuevas fuentes de abastecimiento lo que viene a cumplir compromiso ministerial con la comunidad.<\/p>\n<\/div><\/section><\/div><div  style='height:50px' class='hr hr-invisible   avia-builder-el-6  el_after_av_one_full  el_before_av_social_share '><span class='hr-inner ' ><span class='hr-inner-style'><\/span><\/span><\/div><\/p>\n<div  class='av-social-sharing-box  avia-builder-el-7  el_after_av_hr  el_before_av_hr  '><div class='av-share-box'><h5 class='av-share-link-description av-no-toc '>Compartir esta noticia<\/h5><ul class='av-share-box-list noLightbox'><li class='av-share-link av-social-link-facebook' ><a target=\"_blank\" aria-label=\"Compartir en Facebook\" href='https:\/\/www.facebook.com\/sharer.php?u=https:\/\/radiorevelacionfm.cl\/?p=11465&#038;t=260%20familias%20son%20beneficiadas%20con%20ampliaci%C3%B3n%20del%20servicio%20sanitario%20rural%20de%20Caleta%20Tortel' aria-hidden='false' data-av_icon='\ue8f3' data-av_iconfont='entypo-fontello' title='' data-avia-related-tooltip='Compartir en Facebook' rel=\"noopener\"><span class='avia_hidden_link_text'>Compartir en Facebook<\/span><\/a><\/li><li class='av-share-link av-social-link-twitter' ><a target=\"_blank\" aria-label=\"Compartir en Twitter\" href='https:\/\/twitter.com\/share?text=260%20familias%20son%20beneficiadas%20con%20ampliaci%C3%B3n%20del%20servicio%20sanitario%20rural%20de%20Caleta%20Tortel&#038;url=https:\/\/radiorevelacionfm.cl\/?p=11465' aria-hidden='false' data-av_icon='\ue8f1' data-av_iconfont='entypo-fontello' title='' data-avia-related-tooltip='Compartir en Twitter' rel=\"noopener\"><span class='avia_hidden_link_text'>Compartir en Twitter<\/span><\/a><\/li><li class='av-share-link av-social-link-whatsapp' ><a target=\"_blank\" aria-label=\"Compartir en Whatsapp\" href='https:\/\/api.whatsapp.com\/send?text=https:\/\/radiorevelacionfm.cl\/?p=11465' aria-hidden='false' data-av_icon='\uf232' data-av_iconfont='entypo-fontello' title='' data-avia-related-tooltip='Compartir en Whatsapp' rel=\"noopener\"><span class='avia_hidden_link_text'>Compartir en Whatsapp<\/span><\/a><\/li><li class='av-share-link av-social-link-linkedin' ><a target=\"_blank\" aria-label=\"Compartir en LinkedIn\" href='https:\/\/linkedin.com\/shareArticle?mini=true&#038;title=260%20familias%20son%20beneficiadas%20con%20ampliaci%C3%B3n%20del%20servicio%20sanitario%20rural%20de%20Caleta%20Tortel&#038;url=https:\/\/radiorevelacionfm.cl\/?p=11465' aria-hidden='false' data-av_icon='\ue8fc' data-av_iconfont='entypo-fontello' title='' data-avia-related-tooltip='Compartir en LinkedIn' rel=\"noopener\"><span class='avia_hidden_link_text'>Compartir en LinkedIn<\/span><\/a><\/li><li class='av-share-link av-social-link-mail' ><a  aria-label=\"Compartir por correo\" href='mailto:?subject=260%20familias%20son%20beneficiadas%20con%20ampliaci%C3%B3n%20del%20servicio%20sanitario%20rural%20de%20Caleta%20Tortel&#038;body=https:\/\/radiorevelacionfm.cl\/?p=11465' aria-hidden='false' data-av_icon='\ue805' data-av_iconfont='entypo-fontello' title='' data-avia-related-tooltip='Compartir por correo'><span class='avia_hidden_link_text'>Compartir por correo<\/span><\/a><\/li><\/ul><\/div><\/div>\n<div  style='height:50px' class='hr hr-invisible   avia-builder-el-8  el_after_av_social_share  el_before_av_comments_list '><span class='hr-inner ' ><span class='hr-inner-style'><\/span><\/span><\/div>\n<div  class='av-buildercomment  av-blog-meta-html-info-disabled av-blog-meta-tag-disabled  '><\/div>\n","protected":false},"excerpt":{"rendered":"","protected":false},"author":1,"featured_media":11466,"comment_status":"open","ping_status":"open","sticky":false,"template":"","format":"standard","meta":{"footnotes":""},"categories":[38],"tags":[],"class_list":["post-11465","post","type-post","status-publish","format-standard","has-post-thumbnail","hentry","category-regional"],"jetpack_featured_media_url":"https:\/\/radiorevelacionfm.cl\/wp-content\/uploads\/2021\/12\/img_e-tortel-1_optimized.jpg","_links":{"self":[{"href":"https:\/\/radiorevelacionfm.cl\/index.php?rest_route=\/wp\/v2\/posts\/11465","targetHints":{"allow":["GET"]}}],"collection":[{"href":"https:\/\/radiorevelacionfm.cl\/index.php?rest_route=\/wp\/v2\/posts"}],"about":[{"href":"https:\/\/radiorevelacionfm.cl\/index.php?rest_route=\/wp\/v2\/types\/post"}],"author":[{"embeddable":true,"href":"https:\/\/radiorevelacionfm.cl\/index.php?rest_route=\/wp\/v2\/users\/1"}],"replies":[{"embeddable":true,"href":"https:\/\/radiorevelacionfm.cl\/index.php?rest_route=%2Fwp%2Fv2%2Fcomments&post=11465"}],"version-history":[{"count":2,"href":"https:\/\/radiorevelacionfm.cl\/index.php?rest_route=\/wp\/v2\/posts\/11465\/revisions"}],"predecessor-version":[{"id":11468,"href":"https:\/\/radiorevelacionfm.cl\/index.php?rest_route=\/wp\/v2\/posts\/11465\/revisions\/11468"}],"wp:featuredmedia":[{"embeddable":true,"href":"https:\/\/radiorevelacionfm.cl\/index.php?rest_route=\/wp\/v2\/media\/11466"}],"wp:attachment":[{"href":"https:\/\/radiorevelacionfm.cl\/index.php?rest_route=%2Fwp%2Fv2%2Fmedia&parent=11465"}],"wp:term":[{"taxonomy":"category","embeddable":true,"href":"https:\/\/radiorevelacionfm.cl\/index.php?rest_route=%2Fwp%2Fv2%2Fcategories&post=11465"},{"taxonomy":"post_tag","embeddable":true,"href":"https:\/\/radiorevelacionfm.cl\/index.php?rest_route=%2Fwp%2Fv2%2Ftags&post=11465"}],"curies":[{"name":"wp","href":"https:\/\/api.w.org\/{rel}","templated":true}]}}