{"id":11461,"date":"2021-12-03T19:55:10","date_gmt":"2021-12-03T22:55:10","guid":{"rendered":"https:\/\/radiorevelacionfm.cl\/?p=11461"},"modified":"2021-12-03T19:55:10","modified_gmt":"2021-12-03T22:55:10","slug":"tras-mas-de-25-anos-escuela-de-puerto-sanchez-tendra-7ano-basico-para-el-2022","status":"publish","type":"post","link":"https:\/\/radiorevelacionfm.cl\/?p=11461","title":{"rendered":"Tras m\u00e1s de 25 a\u00f1os: Escuela de Puerto S\u00e1nchez tendr\u00e1 7\u00b0a\u00f1o b\u00e1sico para el 2022"},"content":{"rendered":"<div class=\"flex_column av_one_full  flex_column_div av-zero-column-padding first  avia-builder-el-0  el_before_av_one_full  avia-builder-el-first  \" style='border-radius:0px; '><div  class='avia-image-container  av-styling-    avia-builder-el-1  avia-builder-el-no-sibling  avia-align-center '  itemprop=\"image\" itemscope=\"itemscope\" itemtype=\"https:\/\/schema.org\/ImageObject\"  ><div class='avia-image-container-inner'><div class='avia-image-overlay-wrap'><img decoding=\"async\" class='wp-image-11462 avia-img-lazy-loading-not-11462 avia_image' src=\"https:\/\/radiorevelacionfm.cl\/wp-content\/uploads\/2021\/12\/foto-1-9-1_optimized.jpeg\" alt='' title='foto-1-(9)-(1)_optimized' height=\"600\" width=\"800\"  itemprop=\"thumbnailUrl\" srcset=\"https:\/\/radiorevelacionfm.cl\/wp-content\/uploads\/2021\/12\/foto-1-9-1_optimized.jpeg 800w, https:\/\/radiorevelacionfm.cl\/wp-content\/uploads\/2021\/12\/foto-1-9-1_optimized-300x225.jpeg 300w, https:\/\/radiorevelacionfm.cl\/wp-content\/uploads\/2021\/12\/foto-1-9-1_optimized-768x576.jpeg 768w, https:\/\/radiorevelacionfm.cl\/wp-content\/uploads\/2021\/12\/foto-1-9-1_optimized-705x529.jpeg 705w, https:\/\/radiorevelacionfm.cl\/wp-content\/uploads\/2021\/12\/foto-1-9-1_optimized-600x450.jpeg 600w\" sizes=\"(max-width: 800px) 100vw, 800px\" \/><\/div><\/div><\/div><\/div><div class=\"flex_column av_one_full  flex_column_div av-zero-column-padding first  avia-builder-el-2  el_after_av_one_full  el_before_av_one_full  column-top-margin\" style='border-radius:0px; '><section class=\"av_textblock_section \"  itemscope=\"itemscope\" itemtype=\"https:\/\/schema.org\/BlogPosting\" itemprop=\"blogPost\" ><div class='avia_textblock  '   itemprop=\"text\" ><p style=\"text-align: center;\"><strong><span style=\"font-size: 18pt;\">Tras m\u00e1s de 25 a\u00f1os: Escuela de Puerto S\u00e1nchez tendr\u00e1 7\u00b0a\u00f1o b\u00e1sico para el 2022<\/span><\/strong><\/p>\n<div id=\"gtx-trans\" style=\"position: absolute; left: -50px; top: 4.31534px;\">\n<div class=\"gtx-trans-icon\"><\/div>\n<\/div>\n<\/div><\/section><\/div><div class=\"flex_column av_one_full  flex_column_div av-zero-column-padding first  avia-builder-el-4  el_after_av_one_full  el_before_av_hr  column-top-margin\" style='border-radius:0px; '><section class=\"av_textblock_section \"  itemscope=\"itemscope\" itemtype=\"https:\/\/schema.org\/BlogPosting\" itemprop=\"blogPost\" ><div class='avia_textblock  '   itemprop=\"text\" ><p style=\"text-align: justify;\">Luego de Resoluci\u00f3n del Ministerio de Educaci\u00f3n, se aprob\u00f3 este nivel educativo para el pr\u00f3ximo a\u00f1o, que, seg\u00fan datos de vecinos de la localidad, no exist\u00eda desde 1993 y que permitir\u00e1 que alumnos de Puerto de S\u00e1nchez puedan asistir a clases sin tener que viajar a otras zonas.<\/p>\n<p style=\"text-align: justify;\">\u201cComo mam\u00e1 me favorece mucho porque anteriormente tuve que sacar a dos hijos m\u00e1s, que tuvieron que salir a la edad de los 11 a\u00f1os y claro, cuesta encontrar una persona que los cuide. Hay veces que se quedan sin residencias familiares y hay que pagar una pensi\u00f3n para que los ni\u00f1os estudien fuera\u201d, estas fueron las palabras de Sandra Jara, apoderada que ser\u00e1 una de las beneficiadas por Resoluci\u00f3n del Ministerio de Educaci\u00f3n que aprueba la creaci\u00f3n del s\u00e9ptimo b\u00e1sico en la Escuela Mar\u00eda Antonieta Parra Monsalve de Puerto S\u00e1nchez para el 2022.<\/p>\n<p style=\"text-align: justify;\">La tutora expres\u00f3 su felicidad debido a que su hijo cursar\u00e1 ese nivel educativo el pr\u00f3ximo a\u00f1o, que, seg\u00fan datos de vecinos de la localidad, no exist\u00eda desde 1993, y espera que para el 2023 se agregue el octavo b\u00e1sico para que los estudiantes puedan terminar la ense\u00f1anza b\u00e1sica cerca de sus hogares.<\/p>\n<p style=\"text-align: justify;\">Sobre esto el alcalde de R\u00edo Ib\u00e1\u00f1ez, Marcelo Santana, afirm\u00f3 que \u201cles hemos comunicado a los padres, estudiantes, al cuerpo de profesores y asistentes de la educaci\u00f3n, que el pr\u00f3ximo a\u00f1o crearemos el s\u00e9ptimo b\u00e1sico en este establecimiento educacional, con proyecci\u00f3n para crear en el 2023 octavo a\u00f1o b\u00e1sico. Que va a significar esto, tener educaci\u00f3n completa de nuevo, despu\u00e9s de m\u00e1s de 25 a\u00f1os\u201d.<\/p>\n<p style=\"text-align: justify;\">Asimismo, el jefe comunal ratific\u00f3 su compromiso con la educaci\u00f3n de R\u00edo Ib\u00e1\u00f1ez. \u201cEsto para nosotros es muy importante como municipio porque cuando hablamos de equidad, es justamente entregarle acceso de la educaci\u00f3n a todos los ni\u00f1os de nuestra comuna de manera equitativa\u201d, asever\u00f3 la autoridad local.<\/p>\n<p style=\"text-align: justify;\"><strong>Una mejor base para el futuro<\/strong><\/p>\n<p style=\"text-align: justify;\">La Resoluci\u00f3n del Ministerio de Educaci\u00f3n es solo el primer paso a nivel educativo para que la Escuela Mar\u00eda Antonieta Parra Monsalve de Puerto S\u00e1nchez tenga educaci\u00f3n b\u00e1sica completa, y as\u00ed seguir beneficiando a padres e hijos.<\/p>\n<p style=\"text-align: justify;\">Asimismo, este proyecto no solamente ayudar\u00e1 a que los estudiantes no se separen de sus familiares o ahorrar dinero, tambi\u00e9n les permitir\u00e1 tener una base mucho mejor para afrontar el futuro. Esto es expresado por el profesor encargado del establecimiento educacional, Juan Osorio, quien coment\u00f3 que \u201cesto es beneficioso para ellos porque nos permite prepararlos de mejor forma para esta nueva etapa que es la ense\u00f1anza media\u201d.<\/p>\n<p style=\"text-align: justify;\">Cabe destacar que la Municipalidad de R\u00edo Ib\u00e1\u00f1ez, en su rol de sostenedor, contratar\u00e1 a un nuevo o nueva docente para realizar estas nuevas labores que conllevan la creaci\u00f3n de un nuevo curso.<\/p>\n<\/div><\/section><\/div><div  style='height:50px' class='hr hr-invisible   avia-builder-el-6  el_after_av_one_full  el_before_av_social_share '><span class='hr-inner ' ><span class='hr-inner-style'><\/span><\/span><\/div><\/p>\n<div  class='av-social-sharing-box  avia-builder-el-7  el_after_av_hr  el_before_av_hr  '><div class='av-share-box'><h5 class='av-share-link-description av-no-toc '>Compartir esta noticia<\/h5><ul class='av-share-box-list noLightbox'><li class='av-share-link av-social-link-facebook' ><a target=\"_blank\" aria-label=\"Compartir en Facebook\" href='https:\/\/www.facebook.com\/sharer.php?u=https:\/\/radiorevelacionfm.cl\/?p=11461&#038;t=Tras%20m%C3%A1s%20de%2025%20a%C3%B1os%3A%20Escuela%20de%20Puerto%20S%C3%A1nchez%20tendr%C3%A1%207%C2%B0a%C3%B1o%20b%C3%A1sico%20para%20el%202022' aria-hidden='false' data-av_icon='\ue8f3' data-av_iconfont='entypo-fontello' title='' data-avia-related-tooltip='Compartir en Facebook' rel=\"noopener\"><span class='avia_hidden_link_text'>Compartir en Facebook<\/span><\/a><\/li><li class='av-share-link av-social-link-twitter' ><a target=\"_blank\" aria-label=\"Compartir en Twitter\" href='https:\/\/twitter.com\/share?text=Tras%20m%C3%A1s%20de%2025%20a%C3%B1os%3A%20Escuela%20de%20Puerto%20S%C3%A1nchez%20tendr%C3%A1%207%C2%B0a%C3%B1o%20b%C3%A1sico%20para%20el%202022&#038;url=https:\/\/radiorevelacionfm.cl\/?p=11461' aria-hidden='false' data-av_icon='\ue8f1' data-av_iconfont='entypo-fontello' title='' data-avia-related-tooltip='Compartir en Twitter' rel=\"noopener\"><span class='avia_hidden_link_text'>Compartir en Twitter<\/span><\/a><\/li><li class='av-share-link av-social-link-whatsapp' ><a target=\"_blank\" aria-label=\"Compartir en Whatsapp\" href='https:\/\/api.whatsapp.com\/send?text=https:\/\/radiorevelacionfm.cl\/?p=11461' aria-hidden='false' data-av_icon='\uf232' data-av_iconfont='entypo-fontello' title='' data-avia-related-tooltip='Compartir en Whatsapp' rel=\"noopener\"><span class='avia_hidden_link_text'>Compartir en Whatsapp<\/span><\/a><\/li><li class='av-share-link av-social-link-linkedin' ><a target=\"_blank\" aria-label=\"Compartir en LinkedIn\" href='https:\/\/linkedin.com\/shareArticle?mini=true&#038;title=Tras%20m%C3%A1s%20de%2025%20a%C3%B1os%3A%20Escuela%20de%20Puerto%20S%C3%A1nchez%20tendr%C3%A1%207%C2%B0a%C3%B1o%20b%C3%A1sico%20para%20el%202022&#038;url=https:\/\/radiorevelacionfm.cl\/?p=11461' aria-hidden='false' data-av_icon='\ue8fc' data-av_iconfont='entypo-fontello' title='' data-avia-related-tooltip='Compartir en LinkedIn' rel=\"noopener\"><span class='avia_hidden_link_text'>Compartir en LinkedIn<\/span><\/a><\/li><li class='av-share-link av-social-link-mail' ><a  aria-label=\"Compartir por correo\" href='mailto:?subject=Tras%20m%C3%A1s%20de%2025%20a%C3%B1os%3A%20Escuela%20de%20Puerto%20S%C3%A1nchez%20tendr%C3%A1%207%C2%B0a%C3%B1o%20b%C3%A1sico%20para%20el%202022&#038;body=https:\/\/radiorevelacionfm.cl\/?p=11461' aria-hidden='false' data-av_icon='\ue805' data-av_iconfont='entypo-fontello' title='' data-avia-related-tooltip='Compartir por correo'><span class='avia_hidden_link_text'>Compartir por correo<\/span><\/a><\/li><\/ul><\/div><\/div>\n<div  style='height:50px' class='hr hr-invisible   avia-builder-el-8  el_after_av_social_share  el_before_av_comments_list '><span class='hr-inner ' ><span class='hr-inner-style'><\/span><\/span><\/div>\n<div  class='av-buildercomment  av-blog-meta-html-info-disabled av-blog-meta-tag-disabled  '><\/div>\n","protected":false},"excerpt":{"rendered":"","protected":false},"author":1,"featured_media":11462,"comment_status":"open","ping_status":"open","sticky":false,"template":"","format":"standard","meta":{"footnotes":""},"categories":[38],"tags":[],"class_list":["post-11461","post","type-post","status-publish","format-standard","has-post-thumbnail","hentry","category-regional"],"jetpack_featured_media_url":"https:\/\/radiorevelacionfm.cl\/wp-content\/uploads\/2021\/12\/foto-1-9-1_optimized.jpeg","_links":{"self":[{"href":"https:\/\/radiorevelacionfm.cl\/index.php?rest_route=\/wp\/v2\/posts\/11461","targetHints":{"allow":["GET"]}}],"collection":[{"href":"https:\/\/radiorevelacionfm.cl\/index.php?rest_route=\/wp\/v2\/posts"}],"about":[{"href":"https:\/\/radiorevelacionfm.cl\/index.php?rest_route=\/wp\/v2\/types\/post"}],"author":[{"embeddable":true,"href":"https:\/\/radiorevelacionfm.cl\/index.php?rest_route=\/wp\/v2\/users\/1"}],"replies":[{"embeddable":true,"href":"https:\/\/radiorevelacionfm.cl\/index.php?rest_route=%2Fwp%2Fv2%2Fcomments&post=11461"}],"version-history":[{"count":2,"href":"https:\/\/radiorevelacionfm.cl\/index.php?rest_route=\/wp\/v2\/posts\/11461\/revisions"}],"predecessor-version":[{"id":11464,"href":"https:\/\/radiorevelacionfm.cl\/index.php?rest_route=\/wp\/v2\/posts\/11461\/revisions\/11464"}],"wp:featuredmedia":[{"embeddable":true,"href":"https:\/\/radiorevelacionfm.cl\/index.php?rest_route=\/wp\/v2\/media\/11462"}],"wp:attachment":[{"href":"https:\/\/radiorevelacionfm.cl\/index.php?rest_route=%2Fwp%2Fv2%2Fmedia&parent=11461"}],"wp:term":[{"taxonomy":"category","embeddable":true,"href":"https:\/\/radiorevelacionfm.cl\/index.php?rest_route=%2Fwp%2Fv2%2Fcategories&post=11461"},{"taxonomy":"post_tag","embeddable":true,"href":"https:\/\/radiorevelacionfm.cl\/index.php?rest_route=%2Fwp%2Fv2%2Ftags&post=11461"}],"curies":[{"name":"wp","href":"https:\/\/api.w.org\/{rel}","templated":true}]}}