{"id":11457,"date":"2021-12-03T19:32:11","date_gmt":"2021-12-03T22:32:11","guid":{"rendered":"https:\/\/radiorevelacionfm.cl\/?p=11457"},"modified":"2021-12-03T19:32:11","modified_gmt":"2021-12-03T22:32:11","slug":"sorprenden-a-embarcaciones-ilegales-operando-en-aysen-tras-fiscalizacion-aerea","status":"publish","type":"post","link":"https:\/\/radiorevelacionfm.cl\/?p=11457","title":{"rendered":"Sorprenden a embarcaciones ilegales operando en Ays\u00e9n tras fiscalizaci\u00f3n a\u00e9rea"},"content":{"rendered":"<div class=\"flex_column av_one_full  flex_column_div av-zero-column-padding first  avia-builder-el-0  el_before_av_one_full  avia-builder-el-first  \" style='border-radius:0px; '><div  class='avia-image-container  av-styling-    avia-builder-el-1  avia-builder-el-no-sibling  avia-align-center '  itemprop=\"image\" itemscope=\"itemscope\" itemtype=\"https:\/\/schema.org\/ImageObject\"  ><div class='avia-image-container-inner'><div class='avia-image-overlay-wrap'><img decoding=\"async\" class='wp-image-11458 avia-img-lazy-loading-not-11458 avia_image' src=\"https:\/\/radiorevelacionfm.cl\/wp-content\/uploads\/2021\/12\/49-1-1.jpg\" alt='' title='49 (1) (1)' height=\"600\" width=\"800\"  itemprop=\"thumbnailUrl\" srcset=\"https:\/\/radiorevelacionfm.cl\/wp-content\/uploads\/2021\/12\/49-1-1.jpg 800w, https:\/\/radiorevelacionfm.cl\/wp-content\/uploads\/2021\/12\/49-1-1-300x225.jpg 300w, https:\/\/radiorevelacionfm.cl\/wp-content\/uploads\/2021\/12\/49-1-1-768x576.jpg 768w, https:\/\/radiorevelacionfm.cl\/wp-content\/uploads\/2021\/12\/49-1-1-705x529.jpg 705w, https:\/\/radiorevelacionfm.cl\/wp-content\/uploads\/2021\/12\/49-1-1-600x450.jpg 600w\" sizes=\"(max-width: 800px) 100vw, 800px\" \/><\/div><\/div><\/div><\/div><div class=\"flex_column av_one_full  flex_column_div av-zero-column-padding first  avia-builder-el-2  el_after_av_one_full  el_before_av_one_full  column-top-margin\" style='border-radius:0px; '><section class=\"av_textblock_section \"  itemscope=\"itemscope\" itemtype=\"https:\/\/schema.org\/BlogPosting\" itemprop=\"blogPost\" ><div class='avia_textblock  '   itemprop=\"text\" ><p style=\"text-align: center;\"><strong><span style=\"font-size: 18pt;\">Sorprenden a embarcaciones ilegales operando en Ays\u00e9n tras fiscalizaci\u00f3n a\u00e9rea<\/span><\/strong><\/p>\n<div id=\"gtx-trans\" style=\"position: absolute; left: -50px; top: 4.31534px;\">\n<div class=\"gtx-trans-icon\"><\/div>\n<\/div>\n<\/div><\/section><\/div><div class=\"flex_column av_one_full  flex_column_div av-zero-column-padding first  avia-builder-el-4  el_after_av_one_full  el_before_av_hr  column-top-margin\" style='border-radius:0px; '><section class=\"av_textblock_section \"  itemscope=\"itemscope\" itemtype=\"https:\/\/schema.org\/BlogPosting\" itemprop=\"blogPost\" ><div class='avia_textblock  '   itemprop=\"text\" ><p style=\"font-weight: 400; text-align: justify;\">El viernes 26 en un nuevo operativo a\u00e9reo, Sernapesca Ays\u00e9n detect\u00f3 embarcaciones de la regi\u00f3n de Magallanes y de Los Lagos operando de manera ilegal sobre el recurso luga roja.<\/p>\n<p style=\"font-weight: 400; text-align: justify;\">La inspecci\u00f3n se llev\u00f3 a cabo en el sector de Golfo de Penas, observando desde el aire un total de 15 embarcaciones de las cuales cuatro eran de la regi\u00f3n de Magallanes y cinco pertenec\u00edan a la regi\u00f3n de Los Lagos y se encontraban extrayendo Luga Roja ilegalmente. Las seis embarcaciones restantes eran de la regi\u00f3n de Ays\u00e9n, contaban con el recurso inscrito y las respectivas autorizaciones, por lo tanto, estaban extrayendo el alga de acuerdo a lo que establece la normativa.<\/p>\n<p style=\"font-weight: 400; text-align: justify;\">A pesar de identificar las 15 embarcaciones, la fiscalizaci\u00f3n no concluy\u00f3 con el sobrevuelo, sino que continu\u00f3 hasta el 30 de noviembre en la certificaci\u00f3n de desembarque en Puerto Yungay, comuna de Tortel, donde 3 de las naves que se encontraban operando de manera ilegal arribaron a desembarcar el alga extra\u00edda incumpliendo la normativa. Las 3 embarcaciones fueron inspeccionadas por funcionarios de Sernapesca, quienes corroboraron los hechos.<\/p>\n<p style=\"font-weight: 400; text-align: justify;\">Se cursaron 3 citaciones al Juzgado Civil de Puerto Ays\u00e9n y se incaut\u00f3 el total de luga roja desembarcada en poder del infractor a disposici\u00f3n de lo que determine el Magistrado.<\/p>\n<p style=\"font-weight: 400; text-align: justify;\">\u201cNuevamente hemos detectado embarcaciones que no son de la regi\u00f3n y que, por lo tanto, no est\u00e1n autorizadas a extraer recursos en esta zona como es el caso de las embarcaciones de Magallanes, mientras que las de Los Lagos pueden ingresar en el marco del r\u00e9gimen de zonas contiguas, siempre que cumplan con los requisitos establecidos en las resoluci\u00f3n 1380. Una vez m\u00e1s reitero que mantendremos la vigilancia, ya sea de manera \u00e1rea o mar\u00edtima con apoyo de la Armada, con el objetivo de resguardar el trabajo de nuestras y nuestros pescadores artesanales y, por supuesto, resguardar la sustentabilidad de las pesquer\u00edas,\u201d finaliz\u00f3 Tom\u00e1s Manr\u00edquez, Director Regional (S) de Sernapesca Ays\u00e9n.<\/p>\n<\/div><\/section><\/div><div  style='height:50px' class='hr hr-invisible   avia-builder-el-6  el_after_av_one_full  el_before_av_social_share '><span class='hr-inner ' ><span class='hr-inner-style'><\/span><\/span><\/div><\/p>\n<div  class='av-social-sharing-box  avia-builder-el-7  el_after_av_hr  el_before_av_hr  '><div class='av-share-box'><h5 class='av-share-link-description av-no-toc '>Compartir esta noticia<\/h5><ul class='av-share-box-list noLightbox'><li class='av-share-link av-social-link-facebook' ><a target=\"_blank\" aria-label=\"Compartir en Facebook\" href='https:\/\/www.facebook.com\/sharer.php?u=https:\/\/radiorevelacionfm.cl\/?p=11457&#038;t=Sorprenden%20a%20embarcaciones%20ilegales%20operando%20en%20Ays%C3%A9n%20tras%20fiscalizaci%C3%B3n%20a%C3%A9rea' aria-hidden='false' data-av_icon='\ue8f3' data-av_iconfont='entypo-fontello' title='' data-avia-related-tooltip='Compartir en Facebook' rel=\"noopener\"><span class='avia_hidden_link_text'>Compartir en Facebook<\/span><\/a><\/li><li class='av-share-link av-social-link-twitter' ><a target=\"_blank\" aria-label=\"Compartir en Twitter\" href='https:\/\/twitter.com\/share?text=Sorprenden%20a%20embarcaciones%20ilegales%20operando%20en%20Ays%C3%A9n%20tras%20fiscalizaci%C3%B3n%20a%C3%A9rea&#038;url=https:\/\/radiorevelacionfm.cl\/?p=11457' aria-hidden='false' data-av_icon='\ue8f1' data-av_iconfont='entypo-fontello' title='' data-avia-related-tooltip='Compartir en Twitter' rel=\"noopener\"><span class='avia_hidden_link_text'>Compartir en Twitter<\/span><\/a><\/li><li class='av-share-link av-social-link-whatsapp' ><a target=\"_blank\" aria-label=\"Compartir en Whatsapp\" href='https:\/\/api.whatsapp.com\/send?text=https:\/\/radiorevelacionfm.cl\/?p=11457' aria-hidden='false' data-av_icon='\uf232' data-av_iconfont='entypo-fontello' title='' data-avia-related-tooltip='Compartir en Whatsapp' rel=\"noopener\"><span class='avia_hidden_link_text'>Compartir en Whatsapp<\/span><\/a><\/li><li class='av-share-link av-social-link-linkedin' ><a target=\"_blank\" aria-label=\"Compartir en LinkedIn\" href='https:\/\/linkedin.com\/shareArticle?mini=true&#038;title=Sorprenden%20a%20embarcaciones%20ilegales%20operando%20en%20Ays%C3%A9n%20tras%20fiscalizaci%C3%B3n%20a%C3%A9rea&#038;url=https:\/\/radiorevelacionfm.cl\/?p=11457' aria-hidden='false' data-av_icon='\ue8fc' data-av_iconfont='entypo-fontello' title='' data-avia-related-tooltip='Compartir en LinkedIn' rel=\"noopener\"><span class='avia_hidden_link_text'>Compartir en LinkedIn<\/span><\/a><\/li><li class='av-share-link av-social-link-mail' ><a  aria-label=\"Compartir por correo\" href='mailto:?subject=Sorprenden%20a%20embarcaciones%20ilegales%20operando%20en%20Ays%C3%A9n%20tras%20fiscalizaci%C3%B3n%20a%C3%A9rea&#038;body=https:\/\/radiorevelacionfm.cl\/?p=11457' aria-hidden='false' data-av_icon='\ue805' data-av_iconfont='entypo-fontello' title='' data-avia-related-tooltip='Compartir por correo'><span class='avia_hidden_link_text'>Compartir por correo<\/span><\/a><\/li><\/ul><\/div><\/div>\n<div  style='height:50px' class='hr hr-invisible   avia-builder-el-8  el_after_av_social_share  el_before_av_comments_list '><span class='hr-inner ' ><span class='hr-inner-style'><\/span><\/span><\/div>\n<div  class='av-buildercomment  av-blog-meta-html-info-disabled av-blog-meta-tag-disabled  '><\/div>\n","protected":false},"excerpt":{"rendered":"","protected":false},"author":1,"featured_media":11458,"comment_status":"open","ping_status":"open","sticky":false,"template":"","format":"standard","meta":{"footnotes":""},"categories":[38],"tags":[],"class_list":["post-11457","post","type-post","status-publish","format-standard","has-post-thumbnail","hentry","category-regional"],"jetpack_featured_media_url":"https:\/\/radiorevelacionfm.cl\/wp-content\/uploads\/2021\/12\/49-1-1.jpg","_links":{"self":[{"href":"https:\/\/radiorevelacionfm.cl\/index.php?rest_route=\/wp\/v2\/posts\/11457","targetHints":{"allow":["GET"]}}],"collection":[{"href":"https:\/\/radiorevelacionfm.cl\/index.php?rest_route=\/wp\/v2\/posts"}],"about":[{"href":"https:\/\/radiorevelacionfm.cl\/index.php?rest_route=\/wp\/v2\/types\/post"}],"author":[{"embeddable":true,"href":"https:\/\/radiorevelacionfm.cl\/index.php?rest_route=\/wp\/v2\/users\/1"}],"replies":[{"embeddable":true,"href":"https:\/\/radiorevelacionfm.cl\/index.php?rest_route=%2Fwp%2Fv2%2Fcomments&post=11457"}],"version-history":[{"count":2,"href":"https:\/\/radiorevelacionfm.cl\/index.php?rest_route=\/wp\/v2\/posts\/11457\/revisions"}],"predecessor-version":[{"id":11460,"href":"https:\/\/radiorevelacionfm.cl\/index.php?rest_route=\/wp\/v2\/posts\/11457\/revisions\/11460"}],"wp:featuredmedia":[{"embeddable":true,"href":"https:\/\/radiorevelacionfm.cl\/index.php?rest_route=\/wp\/v2\/media\/11458"}],"wp:attachment":[{"href":"https:\/\/radiorevelacionfm.cl\/index.php?rest_route=%2Fwp%2Fv2%2Fmedia&parent=11457"}],"wp:term":[{"taxonomy":"category","embeddable":true,"href":"https:\/\/radiorevelacionfm.cl\/index.php?rest_route=%2Fwp%2Fv2%2Fcategories&post=11457"},{"taxonomy":"post_tag","embeddable":true,"href":"https:\/\/radiorevelacionfm.cl\/index.php?rest_route=%2Fwp%2Fv2%2Ftags&post=11457"}],"curies":[{"name":"wp","href":"https:\/\/api.w.org\/{rel}","templated":true}]}}