{"id":11450,"date":"2021-12-03T19:00:40","date_gmt":"2021-12-03T22:00:40","guid":{"rendered":"https:\/\/radiorevelacionfm.cl\/?p=11450"},"modified":"2021-12-03T19:00:40","modified_gmt":"2021-12-03T22:00:40","slug":"carabineros-detuvo-a-cuatro-personas-por-diversos-hechos-en-aysen-puerto-cisnes-y-coyhaique","status":"publish","type":"post","link":"https:\/\/radiorevelacionfm.cl\/?p=11450","title":{"rendered":"Carabineros detuvo a cuatro personas por diversos hechos en Ays\u00e9n, Puerto Cisnes y Coyhaique"},"content":{"rendered":"<div class=\"flex_column av_one_full  flex_column_div av-zero-column-padding first  avia-builder-el-0  el_before_av_one_full  avia-builder-el-first  \" style='border-radius:0px; '><div  class='avia-image-container  av-styling-    avia-builder-el-1  avia-builder-el-no-sibling  avia-align-center '  itemprop=\"image\" itemscope=\"itemscope\" itemtype=\"https:\/\/schema.org\/ImageObject\"  ><div class='avia-image-container-inner'><div class='avia-image-overlay-wrap'><img decoding=\"async\" class='wp-image-11451 avia-img-lazy-loading-not-11451 avia_image' src=\"https:\/\/radiorevelacionfm.cl\/wp-content\/uploads\/2021\/12\/Carabineros-Generica-1-1.jpg\" alt='' title='Carabineros-Generica (1) (1)' height=\"600\" width=\"800\"  itemprop=\"thumbnailUrl\" srcset=\"https:\/\/radiorevelacionfm.cl\/wp-content\/uploads\/2021\/12\/Carabineros-Generica-1-1.jpg 800w, https:\/\/radiorevelacionfm.cl\/wp-content\/uploads\/2021\/12\/Carabineros-Generica-1-1-300x225.jpg 300w, https:\/\/radiorevelacionfm.cl\/wp-content\/uploads\/2021\/12\/Carabineros-Generica-1-1-768x576.jpg 768w, https:\/\/radiorevelacionfm.cl\/wp-content\/uploads\/2021\/12\/Carabineros-Generica-1-1-705x529.jpg 705w, https:\/\/radiorevelacionfm.cl\/wp-content\/uploads\/2021\/12\/Carabineros-Generica-1-1-600x450.jpg 600w\" sizes=\"(max-width: 800px) 100vw, 800px\" \/><\/div><\/div><\/div><\/div><div class=\"flex_column av_one_full  flex_column_div av-zero-column-padding first  avia-builder-el-2  el_after_av_one_full  el_before_av_one_full  column-top-margin\" style='border-radius:0px; '><section class=\"av_textblock_section \"  itemscope=\"itemscope\" itemtype=\"https:\/\/schema.org\/BlogPosting\" itemprop=\"blogPost\" ><div class='avia_textblock  '   itemprop=\"text\" ><p style=\"text-align: center;\"><span style=\"font-size: 18pt;\"><b>Carabineros detuvo a cuatro personas por diversos hechos en Ays\u00e9n, Puerto Cisnes y Coyhaique<\/b><\/span><\/p>\n<div id=\"gtx-trans\" style=\"position: absolute; left: -50px; top: 4.31534px;\">\n<div class=\"gtx-trans-icon\"><\/div>\n<\/div>\n<\/div><\/section><\/div><div class=\"flex_column av_one_full  flex_column_div av-zero-column-padding first  avia-builder-el-4  el_after_av_one_full  el_before_av_hr  column-top-margin\" style='border-radius:0px; '><section class=\"av_textblock_section \"  itemscope=\"itemscope\" itemtype=\"https:\/\/schema.org\/BlogPosting\" itemprop=\"blogPost\" ><div class='avia_textblock  '   itemprop=\"text\" ><p class=\"v1MsoNormal\" style=\"text-align: justify;\">Personal de Carabineros de la Segunda Comisar\u00eda de Puerto Ays\u00e9n detuvo a un joven de 20 a\u00f1os de edad por porte de elemento destinado a la comisi\u00f3n de delitos, tras ser sorprendido con una pistola, la cual result\u00f3 ser de fogueo.<\/p>\n<p class=\"v1MsoNormal\" style=\"text-align: justify;\">Un comunicado por parte de esta Unidad, alert\u00f3 al personal del servicio en la poblaci\u00f3n con la finalidad de concurrir hasta un ex edificio abandonado de Correos de Chile, lugar donde estar\u00eda ocurriendo una ingesta de bebidas alcoh\u00f3licas.<\/p>\n<p class=\"v1MsoNormal\" style=\"text-align: justify;\">Tras acudir al lugar, Carabineros fiscaliz\u00f3 a una persona a quien efectu\u00f3 un control de identidad y, al realizar una revisi\u00f3n superficial de sus vestimentas, el personal advirti\u00f3 que este manten\u00eda un arma del tipo pistola, la cual result\u00f3 ser de fogueo, antecedentes que fueron puestos en conocimiento del Ministerio P\u00fablico.<\/p>\n<p class=\"v1MsoNormal\" style=\"text-align: justify;\">El ciudadano \u2013quien no registra antecedentes policiales- qued\u00f3 en espera de citaci\u00f3n por parte de la Fiscal\u00eda por este hecho.<\/p>\n<p class=\"v1MsoNormal\" style=\"text-align: justify;\"><b>Orden judicial pendiente<\/b><\/p>\n<p class=\"v1MsoNormal\" style=\"text-align: justify;\">En otro \u00e1mbito, Carabineros de la Subcomisar\u00eda de Puerto Cisnes detuvo a un sujeto de 30 a\u00f1os de edad \u2013con domicilio en Coyhaique- quien al momento de ser fiscalizado por el personal, estos se percatan que el sujeto manten\u00eda dos requerimientos judiciales pendientes por el delito de amenazas simples contra personas y violaci\u00f3n de morada, ambas emanadas desde al Juzgado de Garant\u00eda de Coyhaique, siendo derivado a la audiencia de control de detenci\u00f3n.<\/p>\n<p class=\"v1MsoNormal\" style=\"text-align: justify;\">Asimismo, tras una denuncia por un caso de violencia intrafamiliar en Puerto Ays\u00e9n, la v\u00edctima dio cuenta a Carabineros de la Segunda Comisar\u00eda de esta ciudad de haber sido agredida y amenazada con arma blanca, situaci\u00f3n que motiv\u00f3 la concurrencia del personal hasta un domicilio de esta ciudad. A consecuencia de lo anterior, la v\u00edctima result\u00f3 con lesiones de car\u00e1cter leve, tras lo cual Carabineros detuvo a un sujeto de 55 a\u00f1os de edad por el delito de lesiones en el contexto de violencia intrafamiliar, siendo derivado a la audiencia de control de detenci\u00f3n por esta materia.<\/p>\n<p class=\"v1MsoNormal\" style=\"text-align: justify;\"><b>Arma blanca<\/b><\/p>\n<p class=\"v1MsoNormal\" style=\"text-align: justify;\">Carabineros de la Quinta Comisar\u00eda de Control del Orden P\u00fablico (COP) detuvo a un sujeto de 58 a\u00f1os de edad en la ciudad de Coyhaique, tras la oportuna denuncia de transe\u00fantes, quienes alertaron al personal indicando que dicha persona portaba un arma blanca entre sus vestimentas.<\/p>\n<p class=\"v1MsoNormal\" style=\"text-align: justify;\">Tras su fiscalizaci\u00f3n, el sujeto \u2013quien registra antecedentes por otros delitos- hizo entrega voluntaria de dicho elemento, siendo detenido y derivado a la audiencia de control de detenci\u00f3n por este hecho.<\/p>\n<\/div><\/section><\/div><div  style='height:50px' class='hr hr-invisible   avia-builder-el-6  el_after_av_one_full  el_before_av_social_share '><span class='hr-inner ' ><span class='hr-inner-style'><\/span><\/span><\/div><\/p>\n<div  class='av-social-sharing-box  avia-builder-el-7  el_after_av_hr  el_before_av_hr  '><div class='av-share-box'><h5 class='av-share-link-description av-no-toc '>Compartir esta noticia<\/h5><ul class='av-share-box-list noLightbox'><li class='av-share-link av-social-link-facebook' ><a target=\"_blank\" aria-label=\"Compartir en Facebook\" href='https:\/\/www.facebook.com\/sharer.php?u=https:\/\/radiorevelacionfm.cl\/?p=11450&#038;t=Carabineros%20detuvo%20a%20cuatro%20personas%20por%20diversos%20hechos%20en%20Ays%C3%A9n%2C%20Puerto%20Cisnes%20y%20Coyhaique' aria-hidden='false' data-av_icon='\ue8f3' data-av_iconfont='entypo-fontello' title='' data-avia-related-tooltip='Compartir en Facebook' rel=\"noopener\"><span class='avia_hidden_link_text'>Compartir en Facebook<\/span><\/a><\/li><li class='av-share-link av-social-link-twitter' ><a target=\"_blank\" aria-label=\"Compartir en Twitter\" href='https:\/\/twitter.com\/share?text=Carabineros%20detuvo%20a%20cuatro%20personas%20por%20diversos%20hechos%20en%20Ays%C3%A9n%2C%20Puerto%20Cisnes%20y%20Coyhaique&#038;url=https:\/\/radiorevelacionfm.cl\/?p=11450' aria-hidden='false' data-av_icon='\ue8f1' data-av_iconfont='entypo-fontello' title='' data-avia-related-tooltip='Compartir en Twitter' rel=\"noopener\"><span class='avia_hidden_link_text'>Compartir en Twitter<\/span><\/a><\/li><li class='av-share-link av-social-link-whatsapp' ><a target=\"_blank\" aria-label=\"Compartir en Whatsapp\" href='https:\/\/api.whatsapp.com\/send?text=https:\/\/radiorevelacionfm.cl\/?p=11450' aria-hidden='false' data-av_icon='\uf232' data-av_iconfont='entypo-fontello' title='' data-avia-related-tooltip='Compartir en Whatsapp' rel=\"noopener\"><span class='avia_hidden_link_text'>Compartir en Whatsapp<\/span><\/a><\/li><li class='av-share-link av-social-link-linkedin' ><a target=\"_blank\" aria-label=\"Compartir en LinkedIn\" href='https:\/\/linkedin.com\/shareArticle?mini=true&#038;title=Carabineros%20detuvo%20a%20cuatro%20personas%20por%20diversos%20hechos%20en%20Ays%C3%A9n%2C%20Puerto%20Cisnes%20y%20Coyhaique&#038;url=https:\/\/radiorevelacionfm.cl\/?p=11450' aria-hidden='false' data-av_icon='\ue8fc' data-av_iconfont='entypo-fontello' title='' data-avia-related-tooltip='Compartir en LinkedIn' rel=\"noopener\"><span class='avia_hidden_link_text'>Compartir en LinkedIn<\/span><\/a><\/li><li class='av-share-link av-social-link-mail' ><a  aria-label=\"Compartir por correo\" href='mailto:?subject=Carabineros%20detuvo%20a%20cuatro%20personas%20por%20diversos%20hechos%20en%20Ays%C3%A9n%2C%20Puerto%20Cisnes%20y%20Coyhaique&#038;body=https:\/\/radiorevelacionfm.cl\/?p=11450' aria-hidden='false' data-av_icon='\ue805' data-av_iconfont='entypo-fontello' title='' data-avia-related-tooltip='Compartir por correo'><span class='avia_hidden_link_text'>Compartir por correo<\/span><\/a><\/li><\/ul><\/div><\/div>\n<div  style='height:50px' class='hr hr-invisible   avia-builder-el-8  el_after_av_social_share  el_before_av_comments_list '><span class='hr-inner ' ><span class='hr-inner-style'><\/span><\/span><\/div>\n<div  class='av-buildercomment  av-blog-meta-html-info-disabled av-blog-meta-tag-disabled  '><\/div>\n","protected":false},"excerpt":{"rendered":"","protected":false},"author":1,"featured_media":11451,"comment_status":"open","ping_status":"open","sticky":false,"template":"","format":"standard","meta":{"footnotes":""},"categories":[36],"tags":[],"class_list":["post-11450","post","type-post","status-publish","format-standard","has-post-thumbnail","hentry","category-policial"],"jetpack_featured_media_url":"https:\/\/radiorevelacionfm.cl\/wp-content\/uploads\/2021\/12\/Carabineros-Generica-1-1.jpg","_links":{"self":[{"href":"https:\/\/radiorevelacionfm.cl\/index.php?rest_route=\/wp\/v2\/posts\/11450","targetHints":{"allow":["GET"]}}],"collection":[{"href":"https:\/\/radiorevelacionfm.cl\/index.php?rest_route=\/wp\/v2\/posts"}],"about":[{"href":"https:\/\/radiorevelacionfm.cl\/index.php?rest_route=\/wp\/v2\/types\/post"}],"author":[{"embeddable":true,"href":"https:\/\/radiorevelacionfm.cl\/index.php?rest_route=\/wp\/v2\/users\/1"}],"replies":[{"embeddable":true,"href":"https:\/\/radiorevelacionfm.cl\/index.php?rest_route=%2Fwp%2Fv2%2Fcomments&post=11450"}],"version-history":[{"count":2,"href":"https:\/\/radiorevelacionfm.cl\/index.php?rest_route=\/wp\/v2\/posts\/11450\/revisions"}],"predecessor-version":[{"id":11453,"href":"https:\/\/radiorevelacionfm.cl\/index.php?rest_route=\/wp\/v2\/posts\/11450\/revisions\/11453"}],"wp:featuredmedia":[{"embeddable":true,"href":"https:\/\/radiorevelacionfm.cl\/index.php?rest_route=\/wp\/v2\/media\/11451"}],"wp:attachment":[{"href":"https:\/\/radiorevelacionfm.cl\/index.php?rest_route=%2Fwp%2Fv2%2Fmedia&parent=11450"}],"wp:term":[{"taxonomy":"category","embeddable":true,"href":"https:\/\/radiorevelacionfm.cl\/index.php?rest_route=%2Fwp%2Fv2%2Fcategories&post=11450"},{"taxonomy":"post_tag","embeddable":true,"href":"https:\/\/radiorevelacionfm.cl\/index.php?rest_route=%2Fwp%2Fv2%2Ftags&post=11450"}],"curies":[{"name":"wp","href":"https:\/\/api.w.org\/{rel}","templated":true}]}}