{"id":11446,"date":"2021-12-03T18:51:49","date_gmt":"2021-12-03T21:51:49","guid":{"rendered":"https:\/\/radiorevelacionfm.cl\/?p=11446"},"modified":"2021-12-03T18:51:49","modified_gmt":"2021-12-03T21:51:49","slug":"apuestan-por-nueva-ruta-que-permita-potenciar-y-sustentar-el-turismo-ecuestre-en-la-comuna-de-lago-verde","status":"publish","type":"post","link":"https:\/\/radiorevelacionfm.cl\/?p=11446","title":{"rendered":"Apuestan por nueva ruta que permita potenciar y sustentar el turismo ecuestre en la comuna de Lago Verde"},"content":{"rendered":"<div class=\"flex_column av_one_full  flex_column_div av-zero-column-padding first  avia-builder-el-0  el_before_av_one_full  avia-builder-el-first  \" style='border-radius:0px; '><div  class='avia-image-container  av-styling-    avia-builder-el-1  avia-builder-el-no-sibling  avia-align-center '  itemprop=\"image\" itemscope=\"itemscope\" itemtype=\"https:\/\/schema.org\/ImageObject\"  ><div class='avia-image-container-inner'><div class='avia-image-overlay-wrap'><img decoding=\"async\" class='wp-image-11447 avia-img-lazy-loading-not-11447 avia_image' src=\"https:\/\/radiorevelacionfm.cl\/wp-content\/uploads\/2021\/12\/REUNION-TURISMO-ECUESTRE-1-1-1.jpeg\" alt='' title='REUNION TURISMO ECUESTRE 1 (1) (1)' height=\"600\" width=\"800\"  itemprop=\"thumbnailUrl\" srcset=\"https:\/\/radiorevelacionfm.cl\/wp-content\/uploads\/2021\/12\/REUNION-TURISMO-ECUESTRE-1-1-1.jpeg 800w, https:\/\/radiorevelacionfm.cl\/wp-content\/uploads\/2021\/12\/REUNION-TURISMO-ECUESTRE-1-1-1-300x225.jpeg 300w, https:\/\/radiorevelacionfm.cl\/wp-content\/uploads\/2021\/12\/REUNION-TURISMO-ECUESTRE-1-1-1-768x576.jpeg 768w, https:\/\/radiorevelacionfm.cl\/wp-content\/uploads\/2021\/12\/REUNION-TURISMO-ECUESTRE-1-1-1-705x529.jpeg 705w, https:\/\/radiorevelacionfm.cl\/wp-content\/uploads\/2021\/12\/REUNION-TURISMO-ECUESTRE-1-1-1-600x450.jpeg 600w\" sizes=\"(max-width: 800px) 100vw, 800px\" \/><\/div><\/div><\/div><\/div><div class=\"flex_column av_one_full  flex_column_div av-zero-column-padding first  avia-builder-el-2  el_after_av_one_full  el_before_av_one_full  column-top-margin\" style='border-radius:0px; '><section class=\"av_textblock_section \"  itemscope=\"itemscope\" itemtype=\"https:\/\/schema.org\/BlogPosting\" itemprop=\"blogPost\" ><div class='avia_textblock  '   itemprop=\"text\" ><p style=\"text-align: center;\"><strong><span style=\"font-size: 18pt;\">Apuestan por nueva ruta que permita potenciar y sustentar el turismo ecuestre en la comuna de Lago Verde<\/span><\/strong><\/p>\n<div id=\"gtx-trans\" style=\"position: absolute; left: -50px; top: 4.31534px;\">\n<div class=\"gtx-trans-icon\"><\/div>\n<\/div>\n<\/div><\/section><\/div><div class=\"flex_column av_one_full  flex_column_div av-zero-column-padding first  avia-builder-el-4  el_after_av_one_full  el_before_av_hr  column-top-margin\" style='border-radius:0px; '><section class=\"av_textblock_section \"  itemscope=\"itemscope\" itemtype=\"https:\/\/schema.org\/BlogPosting\" itemprop=\"blogPost\" ><div class='avia_textblock  '   itemprop=\"text\" ><p style=\"text-align: justify;\">Una positiva e interesante reuni\u00f3n es la que sostuvo el Alcalde Nelson Opazo junto al Seremi de Agricultura Felipe Henr\u00edquez y el equipo t\u00e9cnico de esta cartera de Gobierno. La finalidad del encuentro es articular todos los apoyos para potenciar el tema tur\u00edstico en la comuna, fijando una ruta entre Villa La Tapera y Lago Verde, donde el turismo ecuestre sea el centro de la iniciativa.<\/p>\n<p style=\"text-align: justify;\">El jefe comunal, enfatiz\u00f3 que este es un desaf\u00edo muy importante para el territorio.<\/p>\n<p style=\"text-align: justify;\">\u201cMuy buena reuni\u00f3n de coordinaci\u00f3n con el Ministerio de Agricultura, encabezado por el Seremi Felipe Henr\u00edquez, con la idea de poder ir dando cuerpo a lo que significa esta iniciativa, que queremos trabajar en conjunto en funci\u00f3n de poder potenciar el \u00e1mbito tur\u00edstico, principalmente en la comuna. Esto asociado a un nicho especifico en cuanto a desarrollar lo que es el turismo ecuestre, en esto hay un desaf\u00edo muy importante que estamos iniciando a objeto de aumentar la demanda, principalmente en el \u00e1mbito del turismo rural, que a su vez, est\u00e1 muy conectado con lo que significa el tema de la tradici\u00f3n, del cuidado y el trabajo con el caballo\u201d.<\/p>\n<p style=\"text-align: justify;\">El turismo ecuestre se busca llevar adelante y potenciar de la mano de una empresa dedicada a esto y reconocida a nivel nacional como es Kawallu Travel, quienes visitar\u00e1n la comuna de Lago Verde durante el verano, a\u00f1adi\u00f3 el Alcalde Opazo.<\/p>\n<p style=\"text-align: justify;\">\u201cDentro del verano vamos a tener la visita del representante de turismo ecuestre Kawallu Travel, Jaime Zaror, que a su vez, va a estar orientado a no solo potenciar una ruta especifica c\u00f3mo es Tapera &#8211; Lago Verde en este \u00e1mbito y poder apoyar a los emprendedores locales, sino que tambi\u00e9n, poder articular con los diferentes servicios acciones para poder canalizar y focalizar recursos que tiendan a apoyar fuertemente a nuestros emprendedores. As\u00ed es que estas reuniones de coordinaci\u00f3n est\u00e1n justamente asociadas a este tema, que no nos cabe ninguna duda va a significar en el futuro, un ingreso importante para nuestras familias\u201d.<\/p>\n<p style=\"text-align: justify;\">El Alcalde de la comuna de Lago Verde, Nelson Opazo, cree que con este tipo de iniciativas se va por buen camino, ya que, en este caso se contar\u00e1 en el verano con un medio audiovisual dedicado exclusivamente al turismo ecuestre, lo que es sin duda, una buena vitrina para los emprendedores.<\/p>\n<p style=\"text-align: justify;\">\u201cCreemos que vamos caminando por una buena senda que nos puede significar lograr importantes metas en este sentido, as\u00ed es que, en el rubro tur\u00edstico en este caso, trabajando y coordinando las acciones que van a permitir poder materializar dentro del verano esta primera visita.\u00a0 Visita que no solo est\u00e1 incluyendo el operador tur\u00edstico sino que tambi\u00e9n el Canal del Caballo, que va a estar cubriendo lo que significa la ruta Tapera \u2013 Lago Verde, para potenciarla como destino tur\u00edstico. As\u00ed es que, fue una reuni\u00f3n muy provechosa, que adem\u00e1s incorpor\u00f3 a los encargados de estos \u00e1mbitos en el Ministerio de Agricultura\u201d.<\/p>\n<p style=\"text-align: justify;\">Para avanzar en esta iniciativa se ha contado con el apoyo de la Fundaci\u00f3n Kosken, representada por Ra\u00fal Desmadryl, lo que sumado al trabajo y la convocatoria a nuestras organizaciones como la C\u00e1mara de Turismo y Comercio como as\u00ed tambi\u00e9n a los Clubes de Huasos presentes en la zona. Acciones que junto a la comunidad van a permitir fortalecer y contar con los apoyos necesarios, para que la idea del turismo ecuestre sea todo un \u00e9xito.<\/p>\n<p style=\"text-align: justify;\">Es precisamente el director de Kosken, Raul Desmadryl, quien puso en valor el convenio que existe con la Municipalidad de Lago Verde a trav\u00e9s de su Alcalde Nelson Opazo y que permitir\u00e1 poner a Lago Verde en una ruta ecuestre que interese al turista nacional e internacional, mediante un trabajo con el reconocido operador tur\u00edstico Kawallu Travel.<\/p>\n<p style=\"text-align: justify;\">\u201cHemos triangulado, para conectarlos con el mayor tour operador de turismo ecuestre que hay en Chile, con presencia en internacional, ganador de varios premios y que se llama Kawallu Travel. Con ellos hemos trabajado desarrollando distintos destinos ecuestres a lo largo de todo Chile, transform\u00e1ndolos en atractivas ofertas a nivel internacional. Ese es nuestro desaf\u00edo para este verano, estamos generando el equipo de trabajo para realizar una asesor\u00eda y poder diagnosticar en conjunto con la comunidad, con el Municipio y con organizaciones asociadas, pero principalmente con la comunidad el potencial para poder lanzar la primera ruta de turismo ecuestre sustentable en la comuna de Lago Verde, para poder ofrecerla en el circuito internacional de turismo ecuestre\u201d.<\/p>\n<p style=\"text-align: justify;\">Con este tipo de ideas la Municipalidad de Lago Verde, contin\u00faa trabajando de manera integral en los distintos \u00e1mbitos que pretenden mostrar al mundo los bellos parajes que posee el territorio, apuntar a su crecimiento y dar valor al trabajo de nuestros emprendedores y emprendedoras, en este caso, del rubro del turismo ecuestre.<\/p>\n<\/div><\/section><\/div><div  style='height:50px' class='hr hr-invisible   avia-builder-el-6  el_after_av_one_full  el_before_av_social_share '><span class='hr-inner ' ><span class='hr-inner-style'><\/span><\/span><\/div><\/p>\n<div  class='av-social-sharing-box  avia-builder-el-7  el_after_av_hr  el_before_av_hr  '><div class='av-share-box'><h5 class='av-share-link-description av-no-toc '>Compartir esta noticia<\/h5><ul class='av-share-box-list noLightbox'><li class='av-share-link av-social-link-facebook' ><a target=\"_blank\" aria-label=\"Compartir en Facebook\" href='https:\/\/www.facebook.com\/sharer.php?u=https:\/\/radiorevelacionfm.cl\/?p=11446&#038;t=Apuestan%20por%20nueva%20ruta%20que%20permita%20potenciar%20y%20sustentar%20el%20turismo%20ecuestre%20en%20la%20comuna%20de%20Lago%20Verde' aria-hidden='false' data-av_icon='\ue8f3' data-av_iconfont='entypo-fontello' title='' data-avia-related-tooltip='Compartir en Facebook' rel=\"noopener\"><span class='avia_hidden_link_text'>Compartir en Facebook<\/span><\/a><\/li><li class='av-share-link av-social-link-twitter' ><a target=\"_blank\" aria-label=\"Compartir en Twitter\" href='https:\/\/twitter.com\/share?text=Apuestan%20por%20nueva%20ruta%20que%20permita%20potenciar%20y%20sustentar%20el%20turismo%20ecuestre%20en%20la%20comuna%20de%20Lago%20Verde&#038;url=https:\/\/radiorevelacionfm.cl\/?p=11446' aria-hidden='false' data-av_icon='\ue8f1' data-av_iconfont='entypo-fontello' title='' data-avia-related-tooltip='Compartir en Twitter' rel=\"noopener\"><span class='avia_hidden_link_text'>Compartir en Twitter<\/span><\/a><\/li><li class='av-share-link av-social-link-whatsapp' ><a target=\"_blank\" aria-label=\"Compartir en Whatsapp\" href='https:\/\/api.whatsapp.com\/send?text=https:\/\/radiorevelacionfm.cl\/?p=11446' aria-hidden='false' data-av_icon='\uf232' data-av_iconfont='entypo-fontello' title='' data-avia-related-tooltip='Compartir en Whatsapp' rel=\"noopener\"><span class='avia_hidden_link_text'>Compartir en Whatsapp<\/span><\/a><\/li><li class='av-share-link av-social-link-linkedin' ><a target=\"_blank\" aria-label=\"Compartir en LinkedIn\" href='https:\/\/linkedin.com\/shareArticle?mini=true&#038;title=Apuestan%20por%20nueva%20ruta%20que%20permita%20potenciar%20y%20sustentar%20el%20turismo%20ecuestre%20en%20la%20comuna%20de%20Lago%20Verde&#038;url=https:\/\/radiorevelacionfm.cl\/?p=11446' aria-hidden='false' data-av_icon='\ue8fc' data-av_iconfont='entypo-fontello' title='' data-avia-related-tooltip='Compartir en LinkedIn' rel=\"noopener\"><span class='avia_hidden_link_text'>Compartir en LinkedIn<\/span><\/a><\/li><li class='av-share-link av-social-link-mail' ><a  aria-label=\"Compartir por correo\" href='mailto:?subject=Apuestan%20por%20nueva%20ruta%20que%20permita%20potenciar%20y%20sustentar%20el%20turismo%20ecuestre%20en%20la%20comuna%20de%20Lago%20Verde&#038;body=https:\/\/radiorevelacionfm.cl\/?p=11446' aria-hidden='false' data-av_icon='\ue805' data-av_iconfont='entypo-fontello' title='' data-avia-related-tooltip='Compartir por correo'><span class='avia_hidden_link_text'>Compartir por correo<\/span><\/a><\/li><\/ul><\/div><\/div>\n<div  style='height:50px' class='hr hr-invisible   avia-builder-el-8  el_after_av_social_share  el_before_av_comments_list '><span class='hr-inner ' ><span class='hr-inner-style'><\/span><\/span><\/div>\n<div  class='av-buildercomment  av-blog-meta-html-info-disabled av-blog-meta-tag-disabled  '><\/div>\n","protected":false},"excerpt":{"rendered":"","protected":false},"author":1,"featured_media":11447,"comment_status":"open","ping_status":"open","sticky":false,"template":"","format":"standard","meta":{"footnotes":""},"categories":[38],"tags":[],"class_list":["post-11446","post","type-post","status-publish","format-standard","has-post-thumbnail","hentry","category-regional"],"jetpack_featured_media_url":"https:\/\/radiorevelacionfm.cl\/wp-content\/uploads\/2021\/12\/REUNION-TURISMO-ECUESTRE-1-1-1.jpeg","_links":{"self":[{"href":"https:\/\/radiorevelacionfm.cl\/index.php?rest_route=\/wp\/v2\/posts\/11446","targetHints":{"allow":["GET"]}}],"collection":[{"href":"https:\/\/radiorevelacionfm.cl\/index.php?rest_route=\/wp\/v2\/posts"}],"about":[{"href":"https:\/\/radiorevelacionfm.cl\/index.php?rest_route=\/wp\/v2\/types\/post"}],"author":[{"embeddable":true,"href":"https:\/\/radiorevelacionfm.cl\/index.php?rest_route=\/wp\/v2\/users\/1"}],"replies":[{"embeddable":true,"href":"https:\/\/radiorevelacionfm.cl\/index.php?rest_route=%2Fwp%2Fv2%2Fcomments&post=11446"}],"version-history":[{"count":2,"href":"https:\/\/radiorevelacionfm.cl\/index.php?rest_route=\/wp\/v2\/posts\/11446\/revisions"}],"predecessor-version":[{"id":11449,"href":"https:\/\/radiorevelacionfm.cl\/index.php?rest_route=\/wp\/v2\/posts\/11446\/revisions\/11449"}],"wp:featuredmedia":[{"embeddable":true,"href":"https:\/\/radiorevelacionfm.cl\/index.php?rest_route=\/wp\/v2\/media\/11447"}],"wp:attachment":[{"href":"https:\/\/radiorevelacionfm.cl\/index.php?rest_route=%2Fwp%2Fv2%2Fmedia&parent=11446"}],"wp:term":[{"taxonomy":"category","embeddable":true,"href":"https:\/\/radiorevelacionfm.cl\/index.php?rest_route=%2Fwp%2Fv2%2Fcategories&post=11446"},{"taxonomy":"post_tag","embeddable":true,"href":"https:\/\/radiorevelacionfm.cl\/index.php?rest_route=%2Fwp%2Fv2%2Ftags&post=11446"}],"curies":[{"name":"wp","href":"https:\/\/api.w.org\/{rel}","templated":true}]}}