{"id":11443,"date":"2021-12-03T18:27:04","date_gmt":"2021-12-03T21:27:04","guid":{"rendered":"https:\/\/radiorevelacionfm.cl\/?p=11443"},"modified":"2021-12-03T18:27:04","modified_gmt":"2021-12-03T21:27:04","slug":"calisto-tras-rechazo-al-cuarto-retiro-llama-la-atencion-la-falta-de-empatia-de-un-sector-de-nuestro-congreso","status":"publish","type":"post","link":"https:\/\/radiorevelacionfm.cl\/?p=11443","title":{"rendered":"Calisto tras rechazo al cuarto retiro: \u201cLlama la atenci\u00f3n la falta de empat\u00eda de un sector de nuestro Congreso\u201d"},"content":{"rendered":"<div class=\"flex_column av_one_full  flex_column_div av-zero-column-padding first  avia-builder-el-0  el_before_av_one_full  avia-builder-el-first  \" style='border-radius:0px; '><div  class='avia-image-container  av-styling-    avia-builder-el-1  avia-builder-el-no-sibling  avia-align-center '  itemprop=\"image\" itemscope=\"itemscope\" itemtype=\"https:\/\/schema.org\/ImageObject\"  ><div class='avia-image-container-inner'><div class='avia-image-overlay-wrap'><img decoding=\"async\" class='wp-image-5576 avia-img-lazy-loading-not-5576 avia_image' src=\"https:\/\/radiorevelacionfm.cl\/wp-content\/uploads\/2021\/06\/Calisto_0-1.jpg\" alt='' title='Calisto_0 (1)' height=\"600\" width=\"990\"  itemprop=\"thumbnailUrl\" srcset=\"https:\/\/radiorevelacionfm.cl\/wp-content\/uploads\/2021\/06\/Calisto_0-1.jpg 990w, https:\/\/radiorevelacionfm.cl\/wp-content\/uploads\/2021\/06\/Calisto_0-1-300x182.jpg 300w, https:\/\/radiorevelacionfm.cl\/wp-content\/uploads\/2021\/06\/Calisto_0-1-768x465.jpg 768w, https:\/\/radiorevelacionfm.cl\/wp-content\/uploads\/2021\/06\/Calisto_0-1-705x427.jpg 705w, https:\/\/radiorevelacionfm.cl\/wp-content\/uploads\/2021\/06\/Calisto_0-1-600x364.jpg 600w\" sizes=\"(max-width: 990px) 100vw, 990px\" \/><\/div><\/div><\/div><\/div><div class=\"flex_column av_one_full  flex_column_div av-zero-column-padding first  avia-builder-el-2  el_after_av_one_full  el_before_av_one_full  column-top-margin\" style='border-radius:0px; '><section class=\"av_textblock_section \"  itemscope=\"itemscope\" itemtype=\"https:\/\/schema.org\/BlogPosting\" itemprop=\"blogPost\" ><div class='avia_textblock  '   itemprop=\"text\" ><p style=\"text-align: center;\"><strong><span style=\"font-size: 18pt;\">Calisto tras rechazo al cuarto retiro: \u201cLlama la atenci\u00f3n la falta de empat\u00eda de un sector de nuestro Congreso\u201d<\/span><\/strong><\/p>\n<div id=\"gtx-trans\" style=\"position: absolute; left: -50px; top: 4.31534px;\">\n<div class=\"gtx-trans-icon\"><\/div>\n<\/div>\n<\/div><\/section><\/div><div class=\"flex_column av_one_full  flex_column_div av-zero-column-padding first  avia-builder-el-4  el_after_av_one_full  el_before_av_hr  column-top-margin\" style='border-radius:0px; '><section class=\"av_textblock_section \"  itemscope=\"itemscope\" itemtype=\"https:\/\/schema.org\/BlogPosting\" itemprop=\"blogPost\" ><div class='avia_textblock  '   itemprop=\"text\" ><p style=\"font-weight: 400; text-align: justify;\">Luego que la C\u00e1mara de Diputados rechazara el proyecto que permit\u00eda el cuarto retiro de un porcentaje de los ahorros previsionales, el diputado Miguel \u00c1ngel Calisto lament\u00f3 la votaci\u00f3n en contra de algunos parlamentarios, acusando \u201cfalta de empat\u00eda\u201d y que \u201cno entienden las necesidades de nuestra gente\u201d.<\/p>\n<p style=\"font-weight: 400; text-align: justify;\">Seg\u00fan el legislador, \u201clamentamos el rechazo del cuarto retiro de un porcentaje de los fondos de pensiones. Hab\u00eda mucha gente esperanzada con la aprobaci\u00f3n de este proyecto, ya sea para pagar deudas o concretar sus sue\u00f1os. En Chile tenemos un 75% de las familias endeudadas, esta es una cifra alt\u00edsima, por lo que llama la atenci\u00f3n la falta de empat\u00eda de un sector de nuestro Congreso, que no entiende las necesidades de nuestra gente\u201d.<\/p>\n<p style=\"font-weight: 400; text-align: justify;\">\u201cEs lamentable que no se hable con datos reales. La derecha ha se\u00f1alado en m\u00faltiples ocasiones que uno de motivos para no aprobar era la inflaci\u00f3n. Este es un problema real y debemos estar siempre atentos como pa\u00eds para que no crezca. Pero claramente ese no es argumento, porque la inflaci\u00f3n no se debe a los retiros de los fondos de Pensiones. Vemos el panorama internacional, donde hay pa\u00edses como Estados Unidos, Espa\u00f1a o Uruguay, donde est\u00e1n con el 7% de inflaci\u00f3n. Ninguno de estos pa\u00edses ha tenido retiro de los fondos de pensiones\u201d, indic\u00f3.<\/p>\n<p style=\"font-weight: 400; text-align: justify;\">Calisto agreg\u00f3 que \u201cnecesitamos un cuarto retiro. Esperamos tener la capacidad de rearmar un proyecto en el Congreso que entienda la problem\u00e1tica que hoy en d\u00eda viven muchas familias que tienen altos niveles de endeudamiento, o que quer\u00edan ocupar ese dinero para cumplir sus sue\u00f1os, como la ampliaci\u00f3n de sus viviendas o mejoramiento de las viviendas\u201d.<\/p>\n<p style=\"font-weight: 400; text-align: justify;\">Finalmente, el diputado Miguel \u00c1ngel Calisto asegur\u00f3 que \u201cquiero reiterar y manifestar mi apoyo a este tipo de proyectos, como tambi\u00e9n la urgente necesidad de avanzar en la Reforma de Pensiones, porque esto permitir\u00e1 mejorar hoy la situaci\u00f3n que viven muchos adultos mayores, que reciben pensiones muy bajas\u201d.<\/p>\n<\/div><\/section><\/div><div  style='height:50px' class='hr hr-invisible   avia-builder-el-6  el_after_av_one_full  el_before_av_social_share '><span class='hr-inner ' ><span class='hr-inner-style'><\/span><\/span><\/div><\/p>\n<div  class='av-social-sharing-box  avia-builder-el-7  el_after_av_hr  el_before_av_hr  '><div class='av-share-box'><h5 class='av-share-link-description av-no-toc '>Compartir esta noticia<\/h5><ul class='av-share-box-list noLightbox'><li class='av-share-link av-social-link-facebook' ><a target=\"_blank\" aria-label=\"Compartir en Facebook\" href='https:\/\/www.facebook.com\/sharer.php?u=https:\/\/radiorevelacionfm.cl\/?p=11443&#038;t=Calisto%20tras%20rechazo%20al%20cuarto%20retiro%3A%20%E2%80%9CLlama%20la%20atenci%C3%B3n%20la%20falta%20de%20empat%C3%ADa%20de%20un%20sector%20de%20nuestro%20Congreso%E2%80%9D' aria-hidden='false' data-av_icon='\ue8f3' data-av_iconfont='entypo-fontello' title='' data-avia-related-tooltip='Compartir en Facebook' rel=\"noopener\"><span class='avia_hidden_link_text'>Compartir en Facebook<\/span><\/a><\/li><li class='av-share-link av-social-link-twitter' ><a target=\"_blank\" aria-label=\"Compartir en Twitter\" href='https:\/\/twitter.com\/share?text=Calisto%20tras%20rechazo%20al%20cuarto%20retiro%3A%20%E2%80%9CLlama%20la%20atenci%C3%B3n%20la%20falta%20de%20empat%C3%ADa%20de%20un%20sector%20de%20nuestro%20Congreso%E2%80%9D&#038;url=https:\/\/radiorevelacionfm.cl\/?p=11443' aria-hidden='false' data-av_icon='\ue8f1' data-av_iconfont='entypo-fontello' title='' data-avia-related-tooltip='Compartir en Twitter' rel=\"noopener\"><span class='avia_hidden_link_text'>Compartir en Twitter<\/span><\/a><\/li><li class='av-share-link av-social-link-whatsapp' ><a target=\"_blank\" aria-label=\"Compartir en Whatsapp\" href='https:\/\/api.whatsapp.com\/send?text=https:\/\/radiorevelacionfm.cl\/?p=11443' aria-hidden='false' data-av_icon='\uf232' data-av_iconfont='entypo-fontello' title='' data-avia-related-tooltip='Compartir en Whatsapp' rel=\"noopener\"><span class='avia_hidden_link_text'>Compartir en Whatsapp<\/span><\/a><\/li><li class='av-share-link av-social-link-linkedin' ><a target=\"_blank\" aria-label=\"Compartir en LinkedIn\" href='https:\/\/linkedin.com\/shareArticle?mini=true&#038;title=Calisto%20tras%20rechazo%20al%20cuarto%20retiro%3A%20%E2%80%9CLlama%20la%20atenci%C3%B3n%20la%20falta%20de%20empat%C3%ADa%20de%20un%20sector%20de%20nuestro%20Congreso%E2%80%9D&#038;url=https:\/\/radiorevelacionfm.cl\/?p=11443' aria-hidden='false' data-av_icon='\ue8fc' data-av_iconfont='entypo-fontello' title='' data-avia-related-tooltip='Compartir en LinkedIn' rel=\"noopener\"><span class='avia_hidden_link_text'>Compartir en LinkedIn<\/span><\/a><\/li><li class='av-share-link av-social-link-mail' ><a  aria-label=\"Compartir por correo\" href='mailto:?subject=Calisto%20tras%20rechazo%20al%20cuarto%20retiro%3A%20%E2%80%9CLlama%20la%20atenci%C3%B3n%20la%20falta%20de%20empat%C3%ADa%20de%20un%20sector%20de%20nuestro%20Congreso%E2%80%9D&#038;body=https:\/\/radiorevelacionfm.cl\/?p=11443' aria-hidden='false' data-av_icon='\ue805' data-av_iconfont='entypo-fontello' title='' data-avia-related-tooltip='Compartir por correo'><span class='avia_hidden_link_text'>Compartir por correo<\/span><\/a><\/li><\/ul><\/div><\/div>\n<div  style='height:50px' class='hr hr-invisible   avia-builder-el-8  el_after_av_social_share  el_before_av_comments_list '><span class='hr-inner ' ><span class='hr-inner-style'><\/span><\/span><\/div>\n<div  class='av-buildercomment  av-blog-meta-html-info-disabled av-blog-meta-tag-disabled  '><\/div>\n","protected":false},"excerpt":{"rendered":"","protected":false},"author":1,"featured_media":5576,"comment_status":"open","ping_status":"open","sticky":false,"template":"","format":"standard","meta":{"footnotes":""},"categories":[35],"tags":[],"class_list":["post-11443","post","type-post","status-publish","format-standard","has-post-thumbnail","hentry","category-politica"],"jetpack_featured_media_url":"https:\/\/radiorevelacionfm.cl\/wp-content\/uploads\/2021\/06\/Calisto_0-1.jpg","_links":{"self":[{"href":"https:\/\/radiorevelacionfm.cl\/index.php?rest_route=\/wp\/v2\/posts\/11443","targetHints":{"allow":["GET"]}}],"collection":[{"href":"https:\/\/radiorevelacionfm.cl\/index.php?rest_route=\/wp\/v2\/posts"}],"about":[{"href":"https:\/\/radiorevelacionfm.cl\/index.php?rest_route=\/wp\/v2\/types\/post"}],"author":[{"embeddable":true,"href":"https:\/\/radiorevelacionfm.cl\/index.php?rest_route=\/wp\/v2\/users\/1"}],"replies":[{"embeddable":true,"href":"https:\/\/radiorevelacionfm.cl\/index.php?rest_route=%2Fwp%2Fv2%2Fcomments&post=11443"}],"version-history":[{"count":2,"href":"https:\/\/radiorevelacionfm.cl\/index.php?rest_route=\/wp\/v2\/posts\/11443\/revisions"}],"predecessor-version":[{"id":11445,"href":"https:\/\/radiorevelacionfm.cl\/index.php?rest_route=\/wp\/v2\/posts\/11443\/revisions\/11445"}],"wp:featuredmedia":[{"embeddable":true,"href":"https:\/\/radiorevelacionfm.cl\/index.php?rest_route=\/wp\/v2\/media\/5576"}],"wp:attachment":[{"href":"https:\/\/radiorevelacionfm.cl\/index.php?rest_route=%2Fwp%2Fv2%2Fmedia&parent=11443"}],"wp:term":[{"taxonomy":"category","embeddable":true,"href":"https:\/\/radiorevelacionfm.cl\/index.php?rest_route=%2Fwp%2Fv2%2Fcategories&post=11443"},{"taxonomy":"post_tag","embeddable":true,"href":"https:\/\/radiorevelacionfm.cl\/index.php?rest_route=%2Fwp%2Fv2%2Ftags&post=11443"}],"curies":[{"name":"wp","href":"https:\/\/api.w.org\/{rel}","templated":true}]}}