{"id":11433,"date":"2021-12-01T11:51:31","date_gmt":"2021-12-01T14:51:31","guid":{"rendered":"https:\/\/radiorevelacionfm.cl\/?p=11433"},"modified":"2021-12-01T11:51:31","modified_gmt":"2021-12-01T14:51:31","slug":"jardines-infantiles-junji-participan-en-encuentros-crecer-en-movimiento-del-ind-aysen","status":"publish","type":"post","link":"https:\/\/radiorevelacionfm.cl\/?p=11433","title":{"rendered":"Jardines infantiles JUNJI participan en encuentros Crecer en Movimiento del IND Ays\u00e9n"},"content":{"rendered":"<div class=\"flex_column av_one_full  flex_column_div av-zero-column-padding first  avia-builder-el-0  el_before_av_one_full  avia-builder-el-first  \" style='border-radius:0px; '><div  class='avia-image-container  av-styling-    avia-builder-el-1  avia-builder-el-no-sibling  avia-align-center '  itemprop=\"image\" itemscope=\"itemscope\" itemtype=\"https:\/\/schema.org\/ImageObject\"  ><div class='avia-image-container-inner'><div class='avia-image-overlay-wrap'><img decoding=\"async\" class='wp-image-11434 avia-img-lazy-loading-not-11434 avia_image' src=\"https:\/\/radiorevelacionfm.cl\/wp-content\/uploads\/2021\/12\/3-22-1-1.jpeg\" alt='' title='3 (22) (1) (1)' height=\"600\" width=\"900\"  itemprop=\"thumbnailUrl\" srcset=\"https:\/\/radiorevelacionfm.cl\/wp-content\/uploads\/2021\/12\/3-22-1-1.jpeg 900w, https:\/\/radiorevelacionfm.cl\/wp-content\/uploads\/2021\/12\/3-22-1-1-300x200.jpeg 300w, https:\/\/radiorevelacionfm.cl\/wp-content\/uploads\/2021\/12\/3-22-1-1-768x512.jpeg 768w, https:\/\/radiorevelacionfm.cl\/wp-content\/uploads\/2021\/12\/3-22-1-1-705x470.jpeg 705w, https:\/\/radiorevelacionfm.cl\/wp-content\/uploads\/2021\/12\/3-22-1-1-600x400.jpeg 600w\" sizes=\"(max-width: 900px) 100vw, 900px\" \/><\/div><\/div><\/div><\/div><div class=\"flex_column av_one_full  flex_column_div av-zero-column-padding first  avia-builder-el-2  el_after_av_one_full  el_before_av_one_full  column-top-margin\" style='border-radius:0px; '><section class=\"av_textblock_section \"  itemscope=\"itemscope\" itemtype=\"https:\/\/schema.org\/BlogPosting\" itemprop=\"blogPost\" ><div class='avia_textblock  '   itemprop=\"text\" ><p style=\"text-align: center;\"><span style=\"font-size: 18pt;\"><b>Jardines infantiles JUNJI participan en encuentros Crecer en Movimiento del IND Ays\u00e9n<\/b><\/span><\/p>\n<div id=\"gtx-trans\" style=\"position: absolute; left: -50px; top: 4.31534px;\">\n<div class=\"gtx-trans-icon\"><\/div>\n<\/div>\n<\/div><\/section><\/div><div class=\"flex_column av_one_full  flex_column_div av-zero-column-padding first  avia-builder-el-4  el_after_av_one_full  el_before_av_hr  column-top-margin\" style='border-radius:0px; '><section class=\"av_textblock_section \"  itemscope=\"itemscope\" itemtype=\"https:\/\/schema.org\/BlogPosting\" itemprop=\"blogPost\" ><div class='avia_textblock  '   itemprop=\"text\" ><p class=\"v1MsoNormal\" style=\"text-align: justify;\"><span style=\"color: #000000;\">Se trata de actividades enfocadas en el desarrollo motriz de los p\u00e1rvulos, a trav\u00e9s de distintos juegos, bailes, circuitos motores, mini deportes, en el que tambi\u00e9n interviene una dupla psic\u00f3loga-nutricionista entregando a los peque\u00f1os ense\u00f1anzas de h\u00e1bitos saludables.<\/span><\/p>\n<p class=\"v1MsoNormal\" style=\"text-align: justify;\"><span style=\"color: #000000;\">\u00abLos encuentros Crecer en Movimiento y que corresponden al componente Jugar y Aprender, usualmente se realizaban en recintos deportivos o gimnasios donde se reun\u00edan todos los jardines, sin embargo este a\u00f1o como consecuencia de la pandemia que estamos viviendo, los profesionales del IND se han trasladado hasta los jardines llevando la alegr\u00eda y energ\u00eda a cada ni\u00f1a y ni\u00f1o preescolar\u00bb, se\u00f1al\u00f3 Jos\u00e9 Manuel Sep\u00falveda, Director Regional de IND<\/span><\/p>\n<p class=\"v1MsoNormal\" style=\"text-align: justify;\"><span style=\"color: #000000;\">Asimismo, \u00a0el Director Regional JUNJI, Sergio Herrera Hern\u00e1ndez, precis\u00f3 \u00abdesde JUNJI queremos agradecer la oportunidad del Ministerio del Deporte e IND, por favorecer a nuestros jardines infantiles en la implementaci\u00f3n de su\u00a0 programa Crecer en Movimiento, el cual nos ha permitido contribuir al desarrollo integral y psicomotriz de todos nuestros ni\u00f1os y ni\u00f1as, estamos muy felices y esperamos seguir trabajando en pos del bienestar superior y el desarrollo integral de todos y todas nuestros p\u00e1rvulos\u00bb.<u><\/u><\/span><\/p>\n<p class=\"v1MsoNormal\" style=\"text-align: justify;\"><span style=\"color: #000000;\">La duraci\u00f3n\u00a0de las visitas recreativas realizadas por el IND regional a los jardines JUNJI consistieron en 1 hora aproximadamente, trabajando con los cursos medios mayores principalmente y en algunos casos medios menores, o sala cuna mayor, actividades se desarrollaron de buena manera y que contaron con el apoyo las directoras y educadoras de los jardines Arco\u00edris, Martin Pescador y Kaukalem de Coyhaique, jard\u00edn Jard\u00edn Lobito Feroz y Creciendo Contentos de Puerto Ays\u00e9n, y finalmente Jard\u00edn Cuncunita de Puerto Ra\u00fal Mar\u00edn Balmaceda.<\/span><\/p>\n<div class=\"v1gmail-yj6qo\" style=\"text-align: justify;\"><\/div>\n<div class=\"v1gmail-adL\" style=\"text-align: justify;\"><\/div>\n<div class=\"v1gmail-adL\" style=\"text-align: justify;\"><\/div>\n<\/div><\/section><\/div><div  style='height:50px' class='hr hr-invisible   avia-builder-el-6  el_after_av_one_full  el_before_av_social_share '><span class='hr-inner ' ><span class='hr-inner-style'><\/span><\/span><\/div><\/p>\n<div  class='av-social-sharing-box  avia-builder-el-7  el_after_av_hr  el_before_av_hr  '><div class='av-share-box'><h5 class='av-share-link-description av-no-toc '>Compartir esta noticia<\/h5><ul class='av-share-box-list noLightbox'><li class='av-share-link av-social-link-facebook' ><a target=\"_blank\" aria-label=\"Compartir en Facebook\" href='https:\/\/www.facebook.com\/sharer.php?u=https:\/\/radiorevelacionfm.cl\/?p=11433&#038;t=Jardines%20infantiles%20JUNJI%20participan%20en%20encuentros%20Crecer%20en%20Movimiento%20del%20IND%20Ays%C3%A9n' aria-hidden='false' data-av_icon='\ue8f3' data-av_iconfont='entypo-fontello' title='' data-avia-related-tooltip='Compartir en Facebook' rel=\"noopener\"><span class='avia_hidden_link_text'>Compartir en Facebook<\/span><\/a><\/li><li class='av-share-link av-social-link-twitter' ><a target=\"_blank\" aria-label=\"Compartir en Twitter\" href='https:\/\/twitter.com\/share?text=Jardines%20infantiles%20JUNJI%20participan%20en%20encuentros%20Crecer%20en%20Movimiento%20del%20IND%20Ays%C3%A9n&#038;url=https:\/\/radiorevelacionfm.cl\/?p=11433' aria-hidden='false' data-av_icon='\ue8f1' data-av_iconfont='entypo-fontello' title='' data-avia-related-tooltip='Compartir en Twitter' rel=\"noopener\"><span class='avia_hidden_link_text'>Compartir en Twitter<\/span><\/a><\/li><li class='av-share-link av-social-link-whatsapp' ><a target=\"_blank\" aria-label=\"Compartir en Whatsapp\" href='https:\/\/api.whatsapp.com\/send?text=https:\/\/radiorevelacionfm.cl\/?p=11433' aria-hidden='false' data-av_icon='\uf232' data-av_iconfont='entypo-fontello' title='' data-avia-related-tooltip='Compartir en Whatsapp' rel=\"noopener\"><span class='avia_hidden_link_text'>Compartir en Whatsapp<\/span><\/a><\/li><li class='av-share-link av-social-link-linkedin' ><a target=\"_blank\" aria-label=\"Compartir en LinkedIn\" href='https:\/\/linkedin.com\/shareArticle?mini=true&#038;title=Jardines%20infantiles%20JUNJI%20participan%20en%20encuentros%20Crecer%20en%20Movimiento%20del%20IND%20Ays%C3%A9n&#038;url=https:\/\/radiorevelacionfm.cl\/?p=11433' aria-hidden='false' data-av_icon='\ue8fc' data-av_iconfont='entypo-fontello' title='' data-avia-related-tooltip='Compartir en LinkedIn' rel=\"noopener\"><span class='avia_hidden_link_text'>Compartir en LinkedIn<\/span><\/a><\/li><li class='av-share-link av-social-link-mail' ><a  aria-label=\"Compartir por correo\" href='mailto:?subject=Jardines%20infantiles%20JUNJI%20participan%20en%20encuentros%20Crecer%20en%20Movimiento%20del%20IND%20Ays%C3%A9n&#038;body=https:\/\/radiorevelacionfm.cl\/?p=11433' aria-hidden='false' data-av_icon='\ue805' data-av_iconfont='entypo-fontello' title='' data-avia-related-tooltip='Compartir por correo'><span class='avia_hidden_link_text'>Compartir por correo<\/span><\/a><\/li><\/ul><\/div><\/div>\n<div  style='height:50px' class='hr hr-invisible   avia-builder-el-8  el_after_av_social_share  el_before_av_comments_list '><span class='hr-inner ' ><span class='hr-inner-style'><\/span><\/span><\/div>\n<div  class='av-buildercomment  av-blog-meta-html-info-disabled av-blog-meta-tag-disabled  '><\/div>\n","protected":false},"excerpt":{"rendered":"","protected":false},"author":1,"featured_media":11434,"comment_status":"open","ping_status":"open","sticky":false,"template":"","format":"standard","meta":{"footnotes":""},"categories":[40],"tags":[],"class_list":["post-11433","post","type-post","status-publish","format-standard","has-post-thumbnail","hentry","category-deportes"],"jetpack_featured_media_url":"https:\/\/radiorevelacionfm.cl\/wp-content\/uploads\/2021\/12\/3-22-1-1.jpeg","_links":{"self":[{"href":"https:\/\/radiorevelacionfm.cl\/index.php?rest_route=\/wp\/v2\/posts\/11433","targetHints":{"allow":["GET"]}}],"collection":[{"href":"https:\/\/radiorevelacionfm.cl\/index.php?rest_route=\/wp\/v2\/posts"}],"about":[{"href":"https:\/\/radiorevelacionfm.cl\/index.php?rest_route=\/wp\/v2\/types\/post"}],"author":[{"embeddable":true,"href":"https:\/\/radiorevelacionfm.cl\/index.php?rest_route=\/wp\/v2\/users\/1"}],"replies":[{"embeddable":true,"href":"https:\/\/radiorevelacionfm.cl\/index.php?rest_route=%2Fwp%2Fv2%2Fcomments&post=11433"}],"version-history":[{"count":2,"href":"https:\/\/radiorevelacionfm.cl\/index.php?rest_route=\/wp\/v2\/posts\/11433\/revisions"}],"predecessor-version":[{"id":11437,"href":"https:\/\/radiorevelacionfm.cl\/index.php?rest_route=\/wp\/v2\/posts\/11433\/revisions\/11437"}],"wp:featuredmedia":[{"embeddable":true,"href":"https:\/\/radiorevelacionfm.cl\/index.php?rest_route=\/wp\/v2\/media\/11434"}],"wp:attachment":[{"href":"https:\/\/radiorevelacionfm.cl\/index.php?rest_route=%2Fwp%2Fv2%2Fmedia&parent=11433"}],"wp:term":[{"taxonomy":"category","embeddable":true,"href":"https:\/\/radiorevelacionfm.cl\/index.php?rest_route=%2Fwp%2Fv2%2Fcategories&post=11433"},{"taxonomy":"post_tag","embeddable":true,"href":"https:\/\/radiorevelacionfm.cl\/index.php?rest_route=%2Fwp%2Fv2%2Ftags&post=11433"}],"curies":[{"name":"wp","href":"https:\/\/api.w.org\/{rel}","templated":true}]}}