{"id":11430,"date":"2021-12-01T10:57:26","date_gmt":"2021-12-01T13:57:26","guid":{"rendered":"https:\/\/radiorevelacionfm.cl\/?p=11430"},"modified":"2021-12-01T10:57:26","modified_gmt":"2021-12-01T13:57:26","slug":"alinco-solicita-oficiar-a-transportes-obras-publicas-y-armada-por-problemas-de-conectividad-en-lago-general-carrera","status":"publish","type":"post","link":"https:\/\/radiorevelacionfm.cl\/?p=11430","title":{"rendered":"Alinco solicita oficiar a transportes, obras p\u00fablicas y armada por problemas de conectividad en lago general carrera"},"content":{"rendered":"<div class=\"flex_column av_one_full  flex_column_div av-zero-column-padding first  avia-builder-el-0  el_before_av_one_full  avia-builder-el-first  \" style='border-radius:0px; '><div  class='avia-image-container  av-styling-    avia-builder-el-1  avia-builder-el-no-sibling  avia-align-center '  itemprop=\"image\" itemscope=\"itemscope\" itemtype=\"https:\/\/schema.org\/ImageObject\"  ><div class='avia-image-container-inner'><div class='avia-image-overlay-wrap'><img decoding=\"async\" class='wp-image-9217 avia-img-lazy-loading-not-9217 avia_image' src=\"https:\/\/radiorevelacionfm.cl\/wp-content\/uploads\/2021\/10\/Diputado-Alinco_1-1-1.jpg\" alt='' title='Diputado Alinco_(1) (1) (1)' height=\"600\" width=\"800\"  itemprop=\"thumbnailUrl\" srcset=\"https:\/\/radiorevelacionfm.cl\/wp-content\/uploads\/2021\/10\/Diputado-Alinco_1-1-1.jpg 800w, https:\/\/radiorevelacionfm.cl\/wp-content\/uploads\/2021\/10\/Diputado-Alinco_1-1-1-300x225.jpg 300w, https:\/\/radiorevelacionfm.cl\/wp-content\/uploads\/2021\/10\/Diputado-Alinco_1-1-1-768x576.jpg 768w, https:\/\/radiorevelacionfm.cl\/wp-content\/uploads\/2021\/10\/Diputado-Alinco_1-1-1-705x529.jpg 705w, https:\/\/radiorevelacionfm.cl\/wp-content\/uploads\/2021\/10\/Diputado-Alinco_1-1-1-600x450.jpg 600w\" sizes=\"(max-width: 800px) 100vw, 800px\" \/><\/div><\/div><\/div><\/div><div class=\"flex_column av_one_full  flex_column_div av-zero-column-padding first  avia-builder-el-2  el_after_av_one_full  el_before_av_one_full  column-top-margin\" style='border-radius:0px; '><section class=\"av_textblock_section \"  itemscope=\"itemscope\" itemtype=\"https:\/\/schema.org\/BlogPosting\" itemprop=\"blogPost\" ><div class='avia_textblock  '   itemprop=\"text\" ><p style=\"text-align: center;\"><span style=\"font-size: 18pt;\"><strong>Alinco solicita oficiar a transportes, obras p\u00fablicas y armada por problemas de conectividad en lago general carrera<\/strong><\/span><\/p>\n<div id=\"gtx-trans\" style=\"position: absolute; left: -50px; top: 4.31534px;\">\n<div class=\"gtx-trans-icon\"><\/div>\n<\/div>\n<\/div><\/section><\/div><div class=\"flex_column av_one_full  flex_column_div av-zero-column-padding first  avia-builder-el-4  el_after_av_one_full  el_before_av_hr  column-top-margin\" style='border-radius:0px; '><section class=\"av_textblock_section \"  itemscope=\"itemscope\" itemtype=\"https:\/\/schema.org\/BlogPosting\" itemprop=\"blogPost\" ><div class='avia_textblock  '   itemprop=\"text\" ><p style=\"text-align: justify;\">Este martes se desarroll\u00f3 una nueva sesi\u00f3n en la Comisi\u00f3n de Obras P\u00fablicas de la C\u00e1mara de Diputadas y Diputados, instancia en la que el parlamentario Ren\u00e9 Alinco Bustos intervino para exponer ante sus pares la dif\u00edcil situaci\u00f3n que se vive en Chile Chico por las constantes fallas de las barcazas que conectan de forma estable a la comuna v\u00eda el lago General Carrera.<\/p>\n<p style=\"text-align: justify;\">El diputado entreg\u00f3 de forma detallada todo el historial de traspi\u00e9s que se han presentado en la zona lacustre y que preocupa a los pobladores. Es as\u00ed que ante los integrantes de la comisi\u00f3n, el parlamentario expuso que la barcaza Tehueche \u201clleva aproximadamente ocho a\u00f1os de trabajo y fue programada para treinta a\u00f1os de vida \u00fatil, pero por diferentes razones, mantenci\u00f3n, repuestos no originales, sobrecarga, se ech\u00f3 a perder y como alternativa existe la barcaza Pilchero que tiene m\u00e1s de cincuenta a\u00f1os y ya deber\u00eda estar en el museo, pero tambi\u00e9n por mala mantenci\u00f3n se ech\u00f3 a perder y no funciona\u201d, explic\u00f3 el diputado aysenino y en esa l\u00ednea realiz\u00f3 la solicitud que \u201ca trav\u00e9s de esta comisi\u00f3n se pueda oficiar al Ministerio de Obras P\u00fablicas, al Ministerio de Transportes y tambi\u00e9n a la Armada chilena para que nos entreguen un informe detallado y completo sobre por qu\u00e9 han sucedido este tipo de irregularidades\u201d, indic\u00f3 Alinco, fundamentando la petici\u00f3n en que \u201cactualmente la comunidad de Chile Chico no tiene comunicaci\u00f3n por el lago General Carrera\u201d, la principal ruta hacia el resto de la regi\u00f3n.<\/p>\n<p style=\"text-align: justify;\">Asimismo, el congresista explic\u00f3 la reciente apertura de la ruta fronteriza por Argentina de forma especial, sin embargo, se\u00f1al\u00f3 \u201cque presenta dificultades por el mismo contexto de pandemia\u201d, para continuar detallando que la alternativa entregada por el Ministerio de Transportes por tierra, \u201csignifica m\u00e1s de 12 horas de viaje en buses en mal estado que no tienen ni ba\u00f1o. Esa es la situaci\u00f3n que est\u00e1 viviendo la gente de la comuna de Chile Chico\u201d, expres\u00f3 el diputado Ren\u00e9 Alinco Bustos.<\/p>\n<p style=\"text-align: justify;\">Finalmente, entre otros argumentos, el parlamentario tambi\u00e9n coment\u00f3 la no utilizaci\u00f3n de la boleta de garant\u00eda sobre el servicio contratado, adem\u00e1s de las intenciones de arrendar la barcaza Chelenco, algo que a\u00fan no se ha concretado. \u201cEntonces es que solicito a trav\u00e9s de esta comisi\u00f3n se pueda oficiar para que se regularice al m\u00e1s breve plazo la situaci\u00f3n en la conectividad lacustre en el lago General Carrera y tambi\u00e9n que se nos entregue un informe detallado de irregularidades hasta el momento\u2026\u201d, remarc\u00f3 Alinco Bustos.<\/p>\n<\/div><\/section><\/div><div  style='height:50px' class='hr hr-invisible   avia-builder-el-6  el_after_av_one_full  el_before_av_social_share '><span class='hr-inner ' ><span class='hr-inner-style'><\/span><\/span><\/div><\/p>\n<div  class='av-social-sharing-box  avia-builder-el-7  el_after_av_hr  el_before_av_hr  '><div class='av-share-box'><h5 class='av-share-link-description av-no-toc '>Compartir esta noticia<\/h5><ul class='av-share-box-list noLightbox'><li class='av-share-link av-social-link-facebook' ><a target=\"_blank\" aria-label=\"Compartir en Facebook\" href='https:\/\/www.facebook.com\/sharer.php?u=https:\/\/radiorevelacionfm.cl\/?p=11430&#038;t=Alinco%20solicita%20oficiar%20a%20transportes%2C%20obras%20p%C3%BAblicas%20y%20armada%20por%20problemas%20de%20conectividad%20en%20lago%20general%20carrera' aria-hidden='false' data-av_icon='\ue8f3' data-av_iconfont='entypo-fontello' title='' data-avia-related-tooltip='Compartir en Facebook' rel=\"noopener\"><span class='avia_hidden_link_text'>Compartir en Facebook<\/span><\/a><\/li><li class='av-share-link av-social-link-twitter' ><a target=\"_blank\" aria-label=\"Compartir en Twitter\" href='https:\/\/twitter.com\/share?text=Alinco%20solicita%20oficiar%20a%20transportes%2C%20obras%20p%C3%BAblicas%20y%20armada%20por%20problemas%20de%20conectividad%20en%20lago%20general%20carrera&#038;url=https:\/\/radiorevelacionfm.cl\/?p=11430' aria-hidden='false' data-av_icon='\ue8f1' data-av_iconfont='entypo-fontello' title='' data-avia-related-tooltip='Compartir en Twitter' rel=\"noopener\"><span class='avia_hidden_link_text'>Compartir en Twitter<\/span><\/a><\/li><li class='av-share-link av-social-link-whatsapp' ><a target=\"_blank\" aria-label=\"Compartir en Whatsapp\" href='https:\/\/api.whatsapp.com\/send?text=https:\/\/radiorevelacionfm.cl\/?p=11430' aria-hidden='false' data-av_icon='\uf232' data-av_iconfont='entypo-fontello' title='' data-avia-related-tooltip='Compartir en Whatsapp' rel=\"noopener\"><span class='avia_hidden_link_text'>Compartir en Whatsapp<\/span><\/a><\/li><li class='av-share-link av-social-link-linkedin' ><a target=\"_blank\" aria-label=\"Compartir en LinkedIn\" href='https:\/\/linkedin.com\/shareArticle?mini=true&#038;title=Alinco%20solicita%20oficiar%20a%20transportes%2C%20obras%20p%C3%BAblicas%20y%20armada%20por%20problemas%20de%20conectividad%20en%20lago%20general%20carrera&#038;url=https:\/\/radiorevelacionfm.cl\/?p=11430' aria-hidden='false' data-av_icon='\ue8fc' data-av_iconfont='entypo-fontello' title='' data-avia-related-tooltip='Compartir en LinkedIn' rel=\"noopener\"><span class='avia_hidden_link_text'>Compartir en LinkedIn<\/span><\/a><\/li><li class='av-share-link av-social-link-mail' ><a  aria-label=\"Compartir por correo\" href='mailto:?subject=Alinco%20solicita%20oficiar%20a%20transportes%2C%20obras%20p%C3%BAblicas%20y%20armada%20por%20problemas%20de%20conectividad%20en%20lago%20general%20carrera&#038;body=https:\/\/radiorevelacionfm.cl\/?p=11430' aria-hidden='false' data-av_icon='\ue805' data-av_iconfont='entypo-fontello' title='' data-avia-related-tooltip='Compartir por correo'><span class='avia_hidden_link_text'>Compartir por correo<\/span><\/a><\/li><\/ul><\/div><\/div>\n<div  style='height:50px' class='hr hr-invisible   avia-builder-el-8  el_after_av_social_share  el_before_av_comments_list '><span class='hr-inner ' ><span class='hr-inner-style'><\/span><\/span><\/div>\n<div  class='av-buildercomment  av-blog-meta-html-info-disabled av-blog-meta-tag-disabled  '><\/div>\n<div  style='height:50px' class='hr hr-invisible   avia-builder-el-10  el_after_av_comments_list  el_before_av_hr '><span class='hr-inner ' ><span class='hr-inner-style'><\/span><\/span><\/div>\n<div  style='height:50px' class='hr hr-invisible   avia-builder-el-11  el_after_av_hr  avia-builder-el-last '><span class='hr-inner ' ><span class='hr-inner-style'><\/span><\/span><\/div>\n","protected":false},"excerpt":{"rendered":"","protected":false},"author":1,"featured_media":9217,"comment_status":"open","ping_status":"open","sticky":false,"template":"","format":"standard","meta":{"footnotes":""},"categories":[35],"tags":[],"class_list":["post-11430","post","type-post","status-publish","format-standard","has-post-thumbnail","hentry","category-politica"],"jetpack_featured_media_url":"https:\/\/radiorevelacionfm.cl\/wp-content\/uploads\/2021\/10\/Diputado-Alinco_1-1-1.jpg","_links":{"self":[{"href":"https:\/\/radiorevelacionfm.cl\/index.php?rest_route=\/wp\/v2\/posts\/11430","targetHints":{"allow":["GET"]}}],"collection":[{"href":"https:\/\/radiorevelacionfm.cl\/index.php?rest_route=\/wp\/v2\/posts"}],"about":[{"href":"https:\/\/radiorevelacionfm.cl\/index.php?rest_route=\/wp\/v2\/types\/post"}],"author":[{"embeddable":true,"href":"https:\/\/radiorevelacionfm.cl\/index.php?rest_route=\/wp\/v2\/users\/1"}],"replies":[{"embeddable":true,"href":"https:\/\/radiorevelacionfm.cl\/index.php?rest_route=%2Fwp%2Fv2%2Fcomments&post=11430"}],"version-history":[{"count":2,"href":"https:\/\/radiorevelacionfm.cl\/index.php?rest_route=\/wp\/v2\/posts\/11430\/revisions"}],"predecessor-version":[{"id":11432,"href":"https:\/\/radiorevelacionfm.cl\/index.php?rest_route=\/wp\/v2\/posts\/11430\/revisions\/11432"}],"wp:featuredmedia":[{"embeddable":true,"href":"https:\/\/radiorevelacionfm.cl\/index.php?rest_route=\/wp\/v2\/media\/9217"}],"wp:attachment":[{"href":"https:\/\/radiorevelacionfm.cl\/index.php?rest_route=%2Fwp%2Fv2%2Fmedia&parent=11430"}],"wp:term":[{"taxonomy":"category","embeddable":true,"href":"https:\/\/radiorevelacionfm.cl\/index.php?rest_route=%2Fwp%2Fv2%2Fcategories&post=11430"},{"taxonomy":"post_tag","embeddable":true,"href":"https:\/\/radiorevelacionfm.cl\/index.php?rest_route=%2Fwp%2Fv2%2Ftags&post=11430"}],"curies":[{"name":"wp","href":"https:\/\/api.w.org\/{rel}","templated":true}]}}