{"id":11427,"date":"2021-12-01T11:43:22","date_gmt":"2021-12-01T14:43:22","guid":{"rendered":"https:\/\/radiorevelacionfm.cl\/?p=11427"},"modified":"2021-12-01T11:43:22","modified_gmt":"2021-12-01T14:43:22","slug":"en-inedito-ejercicio-alumnos-de-escuela-despertar-replican-proceso-eleccionario-para-elegir-centro-de-alumnos-2022","status":"publish","type":"post","link":"https:\/\/radiorevelacionfm.cl\/?p=11427","title":{"rendered":"En in\u00e9dito ejercicio alumnos de escuela Despertar replican proceso eleccionario para elegir Centro de Alumnos 2022"},"content":{"rendered":"<div class=\"flex_column av_one_full  flex_column_div av-zero-column-padding first  avia-builder-el-0  el_before_av_one_full  avia-builder-el-first  \" style='border-radius:0px; '><div  class='avia-image-container  av-styling-    avia-builder-el-1  avia-builder-el-no-sibling  avia-align-center '  itemprop=\"image\" itemscope=\"itemscope\" itemtype=\"https:\/\/schema.org\/ImageObject\"  ><div class='avia-image-container-inner'><div class='avia-image-overlay-wrap'><img decoding=\"async\" class='wp-image-11428 avia-img-lazy-loading-not-11428 avia_image' src=\"https:\/\/radiorevelacionfm.cl\/wp-content\/uploads\/2021\/12\/Despertar-1-1.jpg\" alt='' title='Despertar (1) (1)' height=\"600\" width=\"800\"  itemprop=\"thumbnailUrl\" srcset=\"https:\/\/radiorevelacionfm.cl\/wp-content\/uploads\/2021\/12\/Despertar-1-1.jpg 800w, https:\/\/radiorevelacionfm.cl\/wp-content\/uploads\/2021\/12\/Despertar-1-1-300x225.jpg 300w, https:\/\/radiorevelacionfm.cl\/wp-content\/uploads\/2021\/12\/Despertar-1-1-768x576.jpg 768w, https:\/\/radiorevelacionfm.cl\/wp-content\/uploads\/2021\/12\/Despertar-1-1-705x529.jpg 705w, https:\/\/radiorevelacionfm.cl\/wp-content\/uploads\/2021\/12\/Despertar-1-1-600x450.jpg 600w\" sizes=\"(max-width: 800px) 100vw, 800px\" \/><\/div><\/div><\/div><\/div><div class=\"flex_column av_one_full  flex_column_div av-zero-column-padding first  avia-builder-el-2  el_after_av_one_full  el_before_av_one_full  column-top-margin\" style='border-radius:0px; '><section class=\"av_textblock_section \"  itemscope=\"itemscope\" itemtype=\"https:\/\/schema.org\/BlogPosting\" itemprop=\"blogPost\" ><div class='avia_textblock  '   itemprop=\"text\" ><p style=\"text-align: center;\"><span style=\"font-size: 18pt;\"><strong>En in\u00e9dito ejercicio alumnos de escuela Despertar replican proceso eleccionario para elegir Centro de Alumnos 2022<\/strong><\/span><\/p>\n<div id=\"gtx-trans\" style=\"position: absolute; left: -50px; top: 4.31534px;\">\n<div class=\"gtx-trans-icon\"><\/div>\n<\/div>\n<\/div><\/section><\/div><div class=\"flex_column av_one_full  flex_column_div av-zero-column-padding first  avia-builder-el-4  el_after_av_one_full  el_before_av_hr  column-top-margin\" style='border-radius:0px; '><section class=\"av_textblock_section \"  itemscope=\"itemscope\" itemtype=\"https:\/\/schema.org\/BlogPosting\" itemprop=\"blogPost\" ><div class='avia_textblock  '   itemprop=\"text\" ><p style=\"text-align: justify;\">Una jornada diferente fue la que se vivi\u00f3 este martes al interior de la escuela Despertar, en Puerto Ays\u00e9n luego que, tras un mes de intensa campa\u00f1a, di\u00e1logos y debate, los alumnos y alumnas del establecimiento educacional votaron a quien los representar\u00e1 el pr\u00f3ximo a\u00f1o, a trav\u00e9s del Centro de Estudiantes 2022.<\/p>\n<p style=\"text-align: justify;\">Ocho fueron los alumnos que se atrevieron a ser parte de este desaf\u00edo como candidatos, quienes durante todo noviembre efectuaron diversas actividades, con el fin de darse a conocer y, especialmente, informar a sus pares, sobre sus propuestas e iniciativas en una serie de materias atingentes a su realidad como estudiantes.<\/p>\n<p style=\"text-align: justify;\">La iniciativa cont\u00f3 adem\u00e1s con todo el apoyo de la comunidad estudiantil, por intermedio de sus docentes y profesionales, quienes se comprometieron a potenciar los talentos y habilidades de cada uno de los aspirantes, siendo esenciales durante todo el periodo de campa\u00f1a, a trav\u00e9s del dise\u00f1o y elaboraci\u00f3n de material publicitario, como mini calendarios, llaveros, imanes, entre otros.<\/p>\n<p style=\"text-align: justify;\">Sin embargo, lo m\u00e1s relevante de la jornada fue el ambiente que all\u00ed se vivi\u00f3, en que se intent\u00f3 replicar todos los detalles de un proceso eleccionario real, incorporando urna, c\u00e1mara secreta, vocales de mesa, con el objetivo de familiarizar a los estudiantes con estos hitos, que forman parte de la vida como ciudadanos en sociedad, siempre en el af\u00e1n de la escuela Despertar por hacer carne la inclusi\u00f3n.<\/p>\n<p style=\"text-align: justify;\">\u201cEstamos muy contentos por todo lo que ha significado este proceso, que se inici\u00f3 hace un mes y que comenz\u00f3 como algo m\u00e1s bien peque\u00f1ito con la conmemoraci\u00f3n de la semana c\u00edvica, en que quisimos preparar alguna actividad relacionada con las elecciones presidenciales, de diputados y CORE que se llevaba a cabo a nivel pa\u00eds, con la idea de acercar a nuestros estudiantes para vivir ese proceso, donde muchos fueron por primera vez a votar. Se dio tambi\u00e9n porque con esto de la pandemia, durante dos a\u00f1os no tuvimos elecciones de Centro de Estudiantes. Entonces esta era la oportunidad\u201d, explic\u00f3 la directora del establecimiento dependente de la red municipal, Claudia Retamal.<\/p>\n<p style=\"text-align: justify;\">La directiva agreg\u00f3 que \u201cal principio pensamos que nuestros candidatos se presentaran, luego que participen en un debate, despu\u00e9s agregamos propaganda y jefes de campa\u00f1a, y cada vez esto fue adquiriendo mayor realce. Unos quer\u00edan la c\u00e1mara, la urna, los votos, y al final result\u00f3 una actividad bastante positiva, y quisimos hacerla lo m\u00e1s real posible\u201d.<\/p>\n<p style=\"text-align: justify;\">A juicio de Retamal Bruna, instancias de este tipo permiten integrar a las personas con discapacidad a espacios tan importantes como son la participaci\u00f3n social y su formaci\u00f3n como ciudadanos. \u201cLo que m\u00e1s me gust\u00f3 de esta actividad es que nos permiti\u00f3 hacer algunas readecuaciones, por ejemplo, al voto en que cada candidato tiene su foto, que es lo que siempre hemos solicitado, y que pensamos m\u00e1s adelante ser\u00e1 as\u00ed, para dar m\u00e1s facilidades a las personas en situaci\u00f3n de discapacidad y para que todos estemos a un mismo nivel en cuanto a nuestras oportunidades y derechos, as\u00ed que muy felices con esta actividad en la escuela Despertar en que la democracia ha hablado\u201d.<\/p>\n<p style=\"text-align: justify;\"><strong>Resultados<\/strong><\/p>\n<p style=\"text-align: justify;\">De un universo de 27 votos, distribuidos para un total de ocho candidatos, el alumno Mat\u00edas Segura obtuvo 9 sufragios que le permitieron hacerse del rol de presidente del Centro de Alumnos 2022-2023, agradeciendo a todos sus compa\u00f1eros y compa\u00f1eras que confiaron en \u00e9l. Le siguieron el estudiante Cristian Aldea, con 8 votos; Manuel Oyarzo, con 3 preferencias, al igual que la alumna Yahaira Piucol.<\/p>\n<p style=\"text-align: justify;\">La directora DEM, Tamara Villegas -quien asisti\u00f3 a la actividad-, relev\u00f3 esta instancia que sin duda, significa un proceso novedoso y especialmente significativo para los estudiantes de la escuela Despertar. \u201cEstamos muy contentos de haber podido acompa\u00f1ar a los alumnos de la escuela Despertar en este proceso tan importante para ellos. Ha sido un proceso bastante lindo y sumamente ordenado y hoy simularon un recinto de votaci\u00f3n con c\u00e1mara secreta y urna, inclusive, donde los estudiantes pudieron emitir su voto\u201d, indic\u00f3.<\/p>\n<p style=\"text-align: justify;\">A\u00f1adi\u00f3 que \u201cagradecer a todo el equipo de la Despertar, liderados por su directora, se\u00f1ora Claudia Retamal, por llevar adelante este tipo de iniciativas, que nos permiten ir derribando prejuicios, barreras y, en cambio, fomentar el acceso en igualdad de condiciones de las personas en situaci\u00f3n de discapacidad en todas las \u00e1reas de la vida social y humana, como cualquier ciudadano\u201d, finaliz\u00f3.<\/p>\n<\/div><\/section><\/div><div  style='height:50px' class='hr hr-invisible   avia-builder-el-6  el_after_av_one_full  el_before_av_social_share '><span class='hr-inner ' ><span class='hr-inner-style'><\/span><\/span><\/div><\/p>\n<div  class='av-social-sharing-box  avia-builder-el-7  el_after_av_hr  el_before_av_hr  '><div class='av-share-box'><h5 class='av-share-link-description av-no-toc '>Compartir esta noticia<\/h5><ul class='av-share-box-list noLightbox'><li class='av-share-link av-social-link-facebook' ><a target=\"_blank\" aria-label=\"Compartir en Facebook\" href='https:\/\/www.facebook.com\/sharer.php?u=https:\/\/radiorevelacionfm.cl\/?p=11427&#038;t=En%20in%C3%A9dito%20ejercicio%20alumnos%20de%20escuela%20Despertar%20replican%20proceso%20eleccionario%20para%20elegir%20Centro%20de%20Alumnos%202022' aria-hidden='false' data-av_icon='\ue8f3' data-av_iconfont='entypo-fontello' title='' data-avia-related-tooltip='Compartir en Facebook' rel=\"noopener\"><span class='avia_hidden_link_text'>Compartir en Facebook<\/span><\/a><\/li><li class='av-share-link av-social-link-twitter' ><a target=\"_blank\" aria-label=\"Compartir en Twitter\" href='https:\/\/twitter.com\/share?text=En%20in%C3%A9dito%20ejercicio%20alumnos%20de%20escuela%20Despertar%20replican%20proceso%20eleccionario%20para%20elegir%20Centro%20de%20Alumnos%202022&#038;url=https:\/\/radiorevelacionfm.cl\/?p=11427' aria-hidden='false' data-av_icon='\ue8f1' data-av_iconfont='entypo-fontello' title='' data-avia-related-tooltip='Compartir en Twitter' rel=\"noopener\"><span class='avia_hidden_link_text'>Compartir en Twitter<\/span><\/a><\/li><li class='av-share-link av-social-link-whatsapp' ><a target=\"_blank\" aria-label=\"Compartir en Whatsapp\" href='https:\/\/api.whatsapp.com\/send?text=https:\/\/radiorevelacionfm.cl\/?p=11427' aria-hidden='false' data-av_icon='\uf232' data-av_iconfont='entypo-fontello' title='' data-avia-related-tooltip='Compartir en Whatsapp' rel=\"noopener\"><span class='avia_hidden_link_text'>Compartir en Whatsapp<\/span><\/a><\/li><li class='av-share-link av-social-link-linkedin' ><a target=\"_blank\" aria-label=\"Compartir en LinkedIn\" href='https:\/\/linkedin.com\/shareArticle?mini=true&#038;title=En%20in%C3%A9dito%20ejercicio%20alumnos%20de%20escuela%20Despertar%20replican%20proceso%20eleccionario%20para%20elegir%20Centro%20de%20Alumnos%202022&#038;url=https:\/\/radiorevelacionfm.cl\/?p=11427' aria-hidden='false' data-av_icon='\ue8fc' data-av_iconfont='entypo-fontello' title='' data-avia-related-tooltip='Compartir en LinkedIn' rel=\"noopener\"><span class='avia_hidden_link_text'>Compartir en LinkedIn<\/span><\/a><\/li><li class='av-share-link av-social-link-mail' ><a  aria-label=\"Compartir por correo\" href='mailto:?subject=En%20in%C3%A9dito%20ejercicio%20alumnos%20de%20escuela%20Despertar%20replican%20proceso%20eleccionario%20para%20elegir%20Centro%20de%20Alumnos%202022&#038;body=https:\/\/radiorevelacionfm.cl\/?p=11427' aria-hidden='false' data-av_icon='\ue805' data-av_iconfont='entypo-fontello' title='' data-avia-related-tooltip='Compartir por correo'><span class='avia_hidden_link_text'>Compartir por correo<\/span><\/a><\/li><\/ul><\/div><\/div>\n<div  style='height:50px' class='hr hr-invisible   avia-builder-el-8  el_after_av_social_share  el_before_av_comments_list '><span class='hr-inner ' ><span class='hr-inner-style'><\/span><\/span><\/div>\n<div  class='av-buildercomment  av-blog-meta-html-info-disabled av-blog-meta-tag-disabled  '><\/div>\n","protected":false},"excerpt":{"rendered":"","protected":false},"author":1,"featured_media":11428,"comment_status":"open","ping_status":"open","sticky":false,"template":"","format":"standard","meta":{"footnotes":""},"categories":[38],"tags":[],"class_list":["post-11427","post","type-post","status-publish","format-standard","has-post-thumbnail","hentry","category-regional"],"jetpack_featured_media_url":"https:\/\/radiorevelacionfm.cl\/wp-content\/uploads\/2021\/12\/Despertar-1-1.jpg","_links":{"self":[{"href":"https:\/\/radiorevelacionfm.cl\/index.php?rest_route=\/wp\/v2\/posts\/11427","targetHints":{"allow":["GET"]}}],"collection":[{"href":"https:\/\/radiorevelacionfm.cl\/index.php?rest_route=\/wp\/v2\/posts"}],"about":[{"href":"https:\/\/radiorevelacionfm.cl\/index.php?rest_route=\/wp\/v2\/types\/post"}],"author":[{"embeddable":true,"href":"https:\/\/radiorevelacionfm.cl\/index.php?rest_route=\/wp\/v2\/users\/1"}],"replies":[{"embeddable":true,"href":"https:\/\/radiorevelacionfm.cl\/index.php?rest_route=%2Fwp%2Fv2%2Fcomments&post=11427"}],"version-history":[{"count":2,"href":"https:\/\/radiorevelacionfm.cl\/index.php?rest_route=\/wp\/v2\/posts\/11427\/revisions"}],"predecessor-version":[{"id":11436,"href":"https:\/\/radiorevelacionfm.cl\/index.php?rest_route=\/wp\/v2\/posts\/11427\/revisions\/11436"}],"wp:featuredmedia":[{"embeddable":true,"href":"https:\/\/radiorevelacionfm.cl\/index.php?rest_route=\/wp\/v2\/media\/11428"}],"wp:attachment":[{"href":"https:\/\/radiorevelacionfm.cl\/index.php?rest_route=%2Fwp%2Fv2%2Fmedia&parent=11427"}],"wp:term":[{"taxonomy":"category","embeddable":true,"href":"https:\/\/radiorevelacionfm.cl\/index.php?rest_route=%2Fwp%2Fv2%2Fcategories&post=11427"},{"taxonomy":"post_tag","embeddable":true,"href":"https:\/\/radiorevelacionfm.cl\/index.php?rest_route=%2Fwp%2Fv2%2Ftags&post=11427"}],"curies":[{"name":"wp","href":"https:\/\/api.w.org\/{rel}","templated":true}]}}