{"id":11414,"date":"2021-12-01T09:50:54","date_gmt":"2021-12-01T12:50:54","guid":{"rendered":"https:\/\/radiorevelacionfm.cl\/?p=11414"},"modified":"2021-12-01T09:50:54","modified_gmt":"2021-12-01T12:50:54","slug":"alcalde-uribe-se-reune-con-comite-el-salto-oriente-para-informar-avances-en-iluminacion-y-senaletica","status":"publish","type":"post","link":"https:\/\/radiorevelacionfm.cl\/?p=11414","title":{"rendered":"Alcalde Uribe se re\u00fane con Comit\u00e9 El Salto Oriente para informar avances en iluminaci\u00f3n y se\u00f1al\u00e9tica"},"content":{"rendered":"<div class=\"flex_column av_one_full  flex_column_div av-zero-column-padding first  avia-builder-el-0  el_before_av_one_full  avia-builder-el-first  \" style='border-radius:0px; '><div  class='avia-image-container  av-styling-    avia-builder-el-1  avia-builder-el-no-sibling  avia-align-center '  itemprop=\"image\" itemscope=\"itemscope\" itemtype=\"https:\/\/schema.org\/ImageObject\"  ><div class='avia-image-container-inner'><div class='avia-image-overlay-wrap'><img decoding=\"async\" class='wp-image-11415 avia-img-lazy-loading-not-11415 avia_image' src=\"https:\/\/radiorevelacionfm.cl\/wp-content\/uploads\/2021\/11\/Comite-El-Salto-Oriente-Foto-3i-1-1.jpg\" alt='' title='Comit\u00e9 El Salto Oriente - Foto 3i (1) (1)' height=\"600\" width=\"1003\"  itemprop=\"thumbnailUrl\" srcset=\"https:\/\/radiorevelacionfm.cl\/wp-content\/uploads\/2021\/11\/Comite-El-Salto-Oriente-Foto-3i-1-1.jpg 1003w, https:\/\/radiorevelacionfm.cl\/wp-content\/uploads\/2021\/11\/Comite-El-Salto-Oriente-Foto-3i-1-1-300x179.jpg 300w, https:\/\/radiorevelacionfm.cl\/wp-content\/uploads\/2021\/11\/Comite-El-Salto-Oriente-Foto-3i-1-1-768x459.jpg 768w, https:\/\/radiorevelacionfm.cl\/wp-content\/uploads\/2021\/11\/Comite-El-Salto-Oriente-Foto-3i-1-1-705x422.jpg 705w, https:\/\/radiorevelacionfm.cl\/wp-content\/uploads\/2021\/11\/Comite-El-Salto-Oriente-Foto-3i-1-1-600x359.jpg 600w\" sizes=\"(max-width: 1003px) 100vw, 1003px\" \/><\/div><\/div><\/div><\/div><div class=\"flex_column av_one_full  flex_column_div av-zero-column-padding first  avia-builder-el-2  el_after_av_one_full  el_before_av_one_full  column-top-margin\" style='border-radius:0px; '><section class=\"av_textblock_section \"  itemscope=\"itemscope\" itemtype=\"https:\/\/schema.org\/BlogPosting\" itemprop=\"blogPost\" ><div class='avia_textblock  '   itemprop=\"text\" ><p style=\"text-align: center;\"><strong><span style=\"font-size: 18pt;\">Alcalde Uribe se re\u00fane con Comit\u00e9 El Salto Oriente para informar avances en iluminaci\u00f3n y se\u00f1al\u00e9tica <\/span><\/strong><\/p>\n<div id=\"gtx-trans\" style=\"position: absolute; left: -50px; top: 4.31534px;\">\n<div class=\"gtx-trans-icon\"><\/div>\n<\/div>\n<\/div><\/section><\/div><div class=\"flex_column av_one_full  flex_column_div av-zero-column-padding first  avia-builder-el-4  el_after_av_one_full  el_before_av_hr  column-top-margin\" style='border-radius:0px; '><section class=\"av_textblock_section \"  itemscope=\"itemscope\" itemtype=\"https:\/\/schema.org\/BlogPosting\" itemprop=\"blogPost\" ><div class='avia_textblock  '   itemprop=\"text\" ><p style=\"text-align: justify;\">Durante la jornada del lunes 29 de noviembre, el alcalde Julio Uribe Alvarado, en compa\u00f1\u00eda de un equipo integrado por representantes de la Secretar\u00eda Comunal de Planificaci\u00f3n (SECPLAN), y de la Direcci\u00f3n de Tr\u00e1nsito y Transporte P\u00fablico, se reuni\u00f3 con vecinos y vecinas de El Salto para conversar y presentar los avances en materia de alumbrado y se\u00f1al\u00e9tica pr\u00f3ximas a implementarse.<\/p>\n<p style=\"text-align: justify;\">Con un aforo reducido y un riguroso protocolo, la autoridad municipal expuso a la comunidad aysenina dos proyectos que mejorar\u00e1n la calidad de vida del sector. El primero corresponde a luminarias en espacios p\u00fablicos, mientras que el segundo busca facilitar puntos de referencias al regularizar avenidas y calles mediante se\u00f1al\u00e9ticas en el plano comunal.<\/p>\n<p style=\"text-align: justify;\">\u201cLos vecinos nos han solicitado apoyarlos en la parte de electrificaci\u00f3n tanto para su vivienda como tambi\u00e9n para el alumbrado p\u00fablico, por lo que hemos tra\u00eddo la buena noticia que la pr\u00f3xima semana vamos a ingresar el proyecto al Gobierno Regional\u201d, manifest\u00f3 el alcalde respecto a la gesti\u00f3n municipal. Adem\u00e1s, en la reuni\u00f3n se inform\u00f3 que las se\u00f1al\u00e9ticas estar\u00edan dispuestas entre finales de diciembre y principios de enero 2022.<\/p>\n<p style=\"text-align: justify;\">\u201cSon recursos que hoy d\u00eda est\u00e1n en licitaci\u00f3n y esperamos que se lo adjudique alguna empresa para poder instalar una se\u00f1al\u00e9tica que favorezca en la conducci\u00f3n del sector. Tambi\u00e9n nos informaban que el proyecto de pavimentaci\u00f3n de varios caminos ya se encontrar\u00eda con RS y el pr\u00f3ximo a\u00f1o empezar\u00eda con las expropiaciones para el ensanche y posterior pavimentaci\u00f3n\u201d, complement\u00f3 la autoridad edilicia de Ays\u00e9n.<\/p>\n<p style=\"text-align: justify;\">Desde el territorio beneficiado, Loty Gonz\u00e1lez, presidenta del Comit\u00e9 El Salto Oriente, manifest\u00f3 a nombre de los y las asistentes a la reuni\u00f3n los agradecimientos respectivos por las gestiones y el r\u00e1pido avance en materia de urbanizaci\u00f3n.<\/p>\n<p style=\"text-align: justify;\">\u201cEstamos muy contentos porque no pens\u00e1bamos que nos iba a traer tan buena noticia. Nosotros ten\u00edamos el planteamiento del pavimento, ese es un proyecto que ten\u00edamos pendiente y empezamos a agilizarlo. Hoy d\u00eda nos trajo buenas noticias que esto comienza el pr\u00f3ximo a\u00f1o con expropiaci\u00f3n y pavimentando quiz\u00e1 el 2023, excelente para nuestro sector. El otro tema de la electrificaci\u00f3n va marchando de acuerdo a lo que planifican, de acuerdo a lo que necesitan, documentaci\u00f3n y todo eso ha ido saliendo como se ha planificado\u201d, cerr\u00f3 Gonz\u00e1lez.<\/p>\n<\/div><\/section><\/div><div  style='height:50px' class='hr hr-invisible   avia-builder-el-6  el_after_av_one_full  el_before_av_social_share '><span class='hr-inner ' ><span class='hr-inner-style'><\/span><\/span><\/div><\/p>\n<div  class='av-social-sharing-box  avia-builder-el-7  el_after_av_hr  el_before_av_hr  '><div class='av-share-box'><h5 class='av-share-link-description av-no-toc '>Compartir esta noticia<\/h5><ul class='av-share-box-list noLightbox'><li class='av-share-link av-social-link-facebook' ><a target=\"_blank\" aria-label=\"Compartir en Facebook\" href='https:\/\/www.facebook.com\/sharer.php?u=https:\/\/radiorevelacionfm.cl\/?p=11414&#038;t=Alcalde%20Uribe%20se%20re%C3%BAne%20con%20Comit%C3%A9%20El%20Salto%20Oriente%20para%20informar%20avances%20en%20iluminaci%C3%B3n%20y%20se%C3%B1al%C3%A9tica' aria-hidden='false' data-av_icon='\ue8f3' data-av_iconfont='entypo-fontello' title='' data-avia-related-tooltip='Compartir en Facebook' rel=\"noopener\"><span class='avia_hidden_link_text'>Compartir en Facebook<\/span><\/a><\/li><li class='av-share-link av-social-link-twitter' ><a target=\"_blank\" aria-label=\"Compartir en Twitter\" href='https:\/\/twitter.com\/share?text=Alcalde%20Uribe%20se%20re%C3%BAne%20con%20Comit%C3%A9%20El%20Salto%20Oriente%20para%20informar%20avances%20en%20iluminaci%C3%B3n%20y%20se%C3%B1al%C3%A9tica&#038;url=https:\/\/radiorevelacionfm.cl\/?p=11414' aria-hidden='false' data-av_icon='\ue8f1' data-av_iconfont='entypo-fontello' title='' data-avia-related-tooltip='Compartir en Twitter' rel=\"noopener\"><span class='avia_hidden_link_text'>Compartir en Twitter<\/span><\/a><\/li><li class='av-share-link av-social-link-whatsapp' ><a target=\"_blank\" aria-label=\"Compartir en Whatsapp\" href='https:\/\/api.whatsapp.com\/send?text=https:\/\/radiorevelacionfm.cl\/?p=11414' aria-hidden='false' data-av_icon='\uf232' data-av_iconfont='entypo-fontello' title='' data-avia-related-tooltip='Compartir en Whatsapp' rel=\"noopener\"><span class='avia_hidden_link_text'>Compartir en Whatsapp<\/span><\/a><\/li><li class='av-share-link av-social-link-linkedin' ><a target=\"_blank\" aria-label=\"Compartir en LinkedIn\" href='https:\/\/linkedin.com\/shareArticle?mini=true&#038;title=Alcalde%20Uribe%20se%20re%C3%BAne%20con%20Comit%C3%A9%20El%20Salto%20Oriente%20para%20informar%20avances%20en%20iluminaci%C3%B3n%20y%20se%C3%B1al%C3%A9tica&#038;url=https:\/\/radiorevelacionfm.cl\/?p=11414' aria-hidden='false' data-av_icon='\ue8fc' data-av_iconfont='entypo-fontello' title='' data-avia-related-tooltip='Compartir en LinkedIn' rel=\"noopener\"><span class='avia_hidden_link_text'>Compartir en LinkedIn<\/span><\/a><\/li><li class='av-share-link av-social-link-mail' ><a  aria-label=\"Compartir por correo\" href='mailto:?subject=Alcalde%20Uribe%20se%20re%C3%BAne%20con%20Comit%C3%A9%20El%20Salto%20Oriente%20para%20informar%20avances%20en%20iluminaci%C3%B3n%20y%20se%C3%B1al%C3%A9tica&#038;body=https:\/\/radiorevelacionfm.cl\/?p=11414' aria-hidden='false' data-av_icon='\ue805' data-av_iconfont='entypo-fontello' title='' data-avia-related-tooltip='Compartir por correo'><span class='avia_hidden_link_text'>Compartir por correo<\/span><\/a><\/li><\/ul><\/div><\/div>\n<div  style='height:50px' class='hr hr-invisible   avia-builder-el-8  el_after_av_social_share  el_before_av_comments_list '><span class='hr-inner ' ><span class='hr-inner-style'><\/span><\/span><\/div>\n<div  class='av-buildercomment  av-blog-meta-html-info-disabled av-blog-meta-tag-disabled  '><\/div>\n","protected":false},"excerpt":{"rendered":"","protected":false},"author":1,"featured_media":11415,"comment_status":"open","ping_status":"open","sticky":false,"template":"","format":"standard","meta":{"footnotes":""},"categories":[38],"tags":[],"class_list":["post-11414","post","type-post","status-publish","format-standard","has-post-thumbnail","hentry","category-regional"],"jetpack_featured_media_url":"https:\/\/radiorevelacionfm.cl\/wp-content\/uploads\/2021\/11\/Comite-El-Salto-Oriente-Foto-3i-1-1.jpg","_links":{"self":[{"href":"https:\/\/radiorevelacionfm.cl\/index.php?rest_route=\/wp\/v2\/posts\/11414","targetHints":{"allow":["GET"]}}],"collection":[{"href":"https:\/\/radiorevelacionfm.cl\/index.php?rest_route=\/wp\/v2\/posts"}],"about":[{"href":"https:\/\/radiorevelacionfm.cl\/index.php?rest_route=\/wp\/v2\/types\/post"}],"author":[{"embeddable":true,"href":"https:\/\/radiorevelacionfm.cl\/index.php?rest_route=\/wp\/v2\/users\/1"}],"replies":[{"embeddable":true,"href":"https:\/\/radiorevelacionfm.cl\/index.php?rest_route=%2Fwp%2Fv2%2Fcomments&post=11414"}],"version-history":[{"count":2,"href":"https:\/\/radiorevelacionfm.cl\/index.php?rest_route=\/wp\/v2\/posts\/11414\/revisions"}],"predecessor-version":[{"id":11426,"href":"https:\/\/radiorevelacionfm.cl\/index.php?rest_route=\/wp\/v2\/posts\/11414\/revisions\/11426"}],"wp:featuredmedia":[{"embeddable":true,"href":"https:\/\/radiorevelacionfm.cl\/index.php?rest_route=\/wp\/v2\/media\/11415"}],"wp:attachment":[{"href":"https:\/\/radiorevelacionfm.cl\/index.php?rest_route=%2Fwp%2Fv2%2Fmedia&parent=11414"}],"wp:term":[{"taxonomy":"category","embeddable":true,"href":"https:\/\/radiorevelacionfm.cl\/index.php?rest_route=%2Fwp%2Fv2%2Fcategories&post=11414"},{"taxonomy":"post_tag","embeddable":true,"href":"https:\/\/radiorevelacionfm.cl\/index.php?rest_route=%2Fwp%2Fv2%2Ftags&post=11414"}],"curies":[{"name":"wp","href":"https:\/\/api.w.org\/{rel}","templated":true}]}}