{"id":11411,"date":"2021-12-01T09:50:16","date_gmt":"2021-12-01T12:50:16","guid":{"rendered":"https:\/\/radiorevelacionfm.cl\/?p=11411"},"modified":"2021-12-01T09:50:16","modified_gmt":"2021-12-01T12:50:16","slug":"gobierno-anuncia-extension-del-ife-laboral-por-tres-meses","status":"publish","type":"post","link":"https:\/\/radiorevelacionfm.cl\/?p=11411","title":{"rendered":"Gobierno anuncia extensi\u00f3n del IFE Laboral por tres meses"},"content":{"rendered":"<div class=\"flex_column av_one_full  flex_column_div av-zero-column-padding first  avia-builder-el-0  el_before_av_one_full  avia-builder-el-first  \" style='border-radius:0px; '><div  class='avia-image-container  av-styling-    avia-builder-el-1  avia-builder-el-no-sibling  avia-align-center '  itemprop=\"image\" itemscope=\"itemscope\" itemtype=\"https:\/\/schema.org\/ImageObject\"  ><div class='avia-image-container-inner'><div class='avia-image-overlay-wrap'><img decoding=\"async\" class='wp-image-11412 avia-img-lazy-loading-not-11412 avia_image' src=\"https:\/\/radiorevelacionfm.cl\/wp-content\/uploads\/2021\/11\/DelegadaReg-y-Seremi-Andrea-Ponce-2i-1-1.jpg\" alt='' title='DelegadaReg y Seremi Andrea Ponce (2)i (1) (1)' height=\"600\" width=\"1070\"  itemprop=\"thumbnailUrl\" srcset=\"https:\/\/radiorevelacionfm.cl\/wp-content\/uploads\/2021\/11\/DelegadaReg-y-Seremi-Andrea-Ponce-2i-1-1.jpg 1070w, https:\/\/radiorevelacionfm.cl\/wp-content\/uploads\/2021\/11\/DelegadaReg-y-Seremi-Andrea-Ponce-2i-1-1-300x168.jpg 300w, https:\/\/radiorevelacionfm.cl\/wp-content\/uploads\/2021\/11\/DelegadaReg-y-Seremi-Andrea-Ponce-2i-1-1-1030x578.jpg 1030w, https:\/\/radiorevelacionfm.cl\/wp-content\/uploads\/2021\/11\/DelegadaReg-y-Seremi-Andrea-Ponce-2i-1-1-768x431.jpg 768w, https:\/\/radiorevelacionfm.cl\/wp-content\/uploads\/2021\/11\/DelegadaReg-y-Seremi-Andrea-Ponce-2i-1-1-705x395.jpg 705w, https:\/\/radiorevelacionfm.cl\/wp-content\/uploads\/2021\/11\/DelegadaReg-y-Seremi-Andrea-Ponce-2i-1-1-600x336.jpg 600w\" sizes=\"(max-width: 1070px) 100vw, 1070px\" \/><\/div><\/div><\/div><\/div><div class=\"flex_column av_one_full  flex_column_div av-zero-column-padding first  avia-builder-el-2  el_after_av_one_full  el_before_av_one_full  column-top-margin\" style='border-radius:0px; '><section class=\"av_textblock_section \"  itemscope=\"itemscope\" itemtype=\"https:\/\/schema.org\/BlogPosting\" itemprop=\"blogPost\" ><div class='avia_textblock  '   itemprop=\"text\" ><p style=\"text-align: center;\"><span style=\"font-size: 18pt;\"><b><span lang=\"ES-MX\">Gobierno anuncia extensi\u00f3n del IFE Laboral por tres meses<\/span><\/b><\/span><\/p>\n<div id=\"gtx-trans\" style=\"position: absolute; left: -50px; top: 4.31534px;\">\n<div class=\"gtx-trans-icon\"><\/div>\n<\/div>\n<\/div><\/section><\/div><div class=\"flex_column av_one_full  flex_column_div av-zero-column-padding first  avia-builder-el-4  el_after_av_one_full  el_before_av_hr  column-top-margin\" style='border-radius:0px; '><section class=\"av_textblock_section \"  itemscope=\"itemscope\" itemtype=\"https:\/\/schema.org\/BlogPosting\" itemprop=\"blogPost\" ><div class='avia_textblock  '   itemprop=\"text\" ><p class=\"v1MsoNormal\" style=\"text-align: justify;\"><span lang=\"ES-MX\">El Presidente de la Rep\u00fablica, Sebasti\u00e1n Pi\u00f1era, y el ministro del Trabajo y Previsi\u00f3n Social, Patricio Melero, anunciaron hoy la extensi\u00f3n por tres meses del IFE Laboral, en una ceremonia realizada en el Palacio de La Moneda. De esta forma, el periodo de postulaci\u00f3n del beneficio se ampliar\u00e1 hasta el mes de marzo de 2022, manteniendo los mismos requisitos de acceso y montos mejorados para grupos prioritarios. Adicionalmente, quienes resulten beneficiarios del IFE Laboral en noviembre y diciembre de 2021, recibir\u00e1n hasta 3 meses de pago del subsidio.<\/span><\/p>\n<p class=\"v1MsoNormal\" style=\"text-align: justify;\"><span lang=\"ES-MX\">La Delegada Presidencial de Ays\u00e9n afirm\u00f3 sobre este anuncio, \u00abEsta extensi\u00f3n que anunci\u00f3 hoy el Presidente Sebasti\u00e1n Pi\u00f1era reafirma nuestro compromiso como Gobierno de proteger y recuperar los empleos de los ayseninos, mediante este IFE Laboral que ha beneficiado en nuestro territorio a casi 2 mil trabajadores, quienes han obtenido este aporte que valoramos y que se suma a los buenos resultados a nivel local de recuperaci\u00f3n de empleo, el que al mes de octubre lleg\u00f3 al 3,4%; consolidando una tendencia a la baja por sexto mes consecutivo. Lo anterior, demuestra que todos los mecanismos dise\u00f1ados han dado sus frutos en estos meses complejos a causa de la pandemia, donde le podemos decir a nuestros compatriotas que hemos recuperado una de las cosas m\u00e1s apreciadas, como lo es el trabajo\u00bb.<\/span><\/p>\n<p class=\"v1MsoNormal\" style=\"text-align: justify;\"><span lang=\"ES-MX\">\u00abLa extensi\u00f3n del IFE Laboral era algo muy esperado y una gran noticia para los trabajadores y trabajadoras de la Regi\u00f3n de Ays\u00e9n, m\u00e1s a\u00fan cuando pronto tendremos una Feria Laboral organizada junto al Servicio Nacional de Capacitaci\u00f3n y Empleo, Sence, ya que en nuestra regi\u00f3n hay trabajo disponible. Este anuncio significa que quienes est\u00e1n cesantes y encuentren un empleo formal de aqu\u00ed a marzo, podr\u00e1n aumentar hasta en $250 mil pesos mensuales su remuneraci\u00f3n. Los requisitos de acceso se mantendr\u00e1n, es decir, hay montos mejorados para grupos prioritarios, que son las mujeres, j\u00f3venes, hombres mayores de 55 a\u00f1os, personas con discapacidad, y asignatarios de pensi\u00f3n de invalidez. Adicionalmente, quienes resulten beneficiarios del IFE Laboral en noviembre y diciembre de 2021, recibir\u00e1n hasta 3 meses de pago del subsidio, que antes de este anuncio finalizaba ahora en diciembre. Tal como mencion\u00f3 la Delegada Presidencial, las cifras de desempleo en la regi\u00f3n nos indican que nos estamos recuperando y ya estamos en cifras prepandemia, y el IFE Laboral precisamente ha apoyado esta recuperaci\u00f3n de los empleos en la regi\u00f3n, incentivando adem\u00e1s al trabajo formal, con cobertura social de salud y previsi\u00f3n\u00bb, mencion\u00f3 la Seremi del Trabajo y Previsi\u00f3n Social, Andrea Ponce.\u00a0<\/span><\/p>\n<p class=\"v1MsoNormal\" style=\"text-align: justify;\"><span lang=\"ES-MX\">El IFE Laboral es un programa del Ministerio del Trabajo y Previsi\u00f3n Social, ejecutado por el Servicio Nacional de Capacitaci\u00f3n y Empleo, Sence. A nivel nacional ya son 403.831 personas las que han sido beneficiadas con el IFE Laboral.<\/span><\/p>\n<p class=\"v1MsoNormal\" style=\"text-align: justify;\"><span lang=\"ES-MX\">La Directora Regional del Sence Ays\u00e9n, Katherine Kingma, destac\u00f3 este aumento de plazo y realiz\u00f3 un llamado a quienes cumplan con los requisitos a postular \u00abComo ya saben, este es un incentivo para quienes se inserten en el mundo laboral, lo que significa haber estado cesante y tener un nuevo contrato a contar del 1 de noviembre. Para postular deben ingresar a la p\u00e1gina web\u00a0<a href=\"http:\/\/www.subsidioalempleo.cl\/\" target=\"_blank\" rel=\"noopener noreferrer\">www.subsidioalempleo.cl<\/a>\u00a0con su clave \u00fanica, revisar los requisitos, completar la informaci\u00f3n y subir una foto de su contrato de trabajo firmado por el empleador y por el trabajador o trabajadora. Para quienes sea muy complicado hacerlo, pueden acercarse -tomando todos los resguardos sanitarios- a las oficinas de atenci\u00f3n ciudadana de Sence en Coyhaique, Puerto Ays\u00e9n, Chile Chico y Cochrane\u00bb se\u00f1al\u00f3.<\/span><\/p>\n<p style=\"text-align: justify;\"><span lang=\"ES-MX\">\u00abCon el esfuerzo y aporte de todos, estamos recuperando los trabajos perdidos, reactivando con mucha fuerza nuestra econom\u00eda y controlando la pandemia\u00bb,\u00a0se\u00f1al\u00f3 el Presidente Sebasti\u00e1n Pi\u00f1era en el anuncio de esta extensi\u00f3n, quien estuvo acompa\u00f1ado por los ministros del Trabajo, Patricio Melero; Hacienda, Rodrigo Cerda; Econom\u00eda, Lucas Palacios; Desarrollo Social, Karla Rubilar; y de la Mujer, M\u00f3nica Zalaquett, adem\u00e1s de beneficiarios\/as.<\/span><\/p>\n<p class=\"v1MsoNormal\" style=\"text-align: justify;\"><b><u>Requisitos\u00a0para acceder\u00a0el\u00a0beneficio:<\/u><\/b><\/p>\n<p style=\"text-align: justify;\">1.\u00a0 \u00a0 \u00a0 Tener un nuevo contrato de trabajo (en el mes de postulaci\u00f3n o m\u00e1ximo en el inmediatamente anterior al de postulaci\u00f3n).<\/p>\n<p style=\"text-align: justify;\">2.\u00a0\u00a0\u00a0\u00a0\u00a0\u00a0\u00a0Tener\u00a0una\u00a0remuneraci\u00f3n\u00a0mensual\u00a0bruta\u00a0menor\u00a0o\u00a0igual\u00a0a\u00a03\u00a0Ingresos\u00a0M\u00ednimos\u00a0Mensuales\u00a0($1.011.000).<\/p>\n<p style=\"text-align: justify;\">3.\u00a0\u00a0\u00a0\u00a0\u00a0\u00a0\u00a0Haber\u00a0estado\u00a0cesante\u00a0durante\u00a0todo\u00a0el\u00a0mes\u00a0anterior\u00a0al\u00a0inicio\u00a0del\u00a0nuevo contrato\u00a0de trabajo.<\/p>\n<p style=\"text-align: justify;\"><b>Montos\u00a0del\u00a0IFE Laboral<\/b>:<\/p>\n<p style=\"text-align: justify;\">\u00d8 Hombres entre 24 y 55 a\u00f1os: reciben el 50% de su remuneraci\u00f3n bruta mensual, con tope de $200 mil mensuales.<\/p>\n<p style=\"text-align: justify;\">\u00d8 Mujeres, j\u00f3venes entre 18 y 24 a\u00f1os, hombres mayores de 55 a\u00f1os, personas con discapacidad debidamente certificada y asignatarios de pensi\u00f3n de invalidez: reciben el 60% de su remuneraci\u00f3n bruta mensual, con tope de $250 mil mensuales.<\/p>\n<p style=\"text-align: justify;\">\u00d8 Adem\u00e1s, es compatible con el Ingreso M\u00ednimo Garantizado (IMG), el Subsidio Protege, el Bono Trabajo Mujer (BTM), el Subsidio Empleo Joven (SEJ) y la reducci\u00f3n temporal de la jornada de trabajo de la Ley de Protecci\u00f3n del Empleo.<\/p>\n<p style=\"text-align: justify;\"><b>Calendario\u00a0de pagos<\/b>:\u00a0Los\u00a0pagos\u00a0del\u00a0IFE\u00a0Laboral\u00a0se\u00a0efectuar\u00e1n\u00a0de\u00a0acuerdo\u00a0con el\u00a0siguiente\u00a0calendario\u00a0y\u00a0var\u00edan\u00a0seg\u00fan la\u00a0fecha\u00a0de\u00a0la\u00a0contrataci\u00f3n\u00a0y\u00a0la\u00a0fecha\u00a0de\u00a0postulaci\u00f3n\u00a0al\u00a0beneficio:<\/p>\n<table border=\"0\" width=\"0\" cellspacing=\"0\" cellpadding=\"0\">\n<tbody>\n<tr>\n<td valign=\"top\" width=\"211\">\n<p class=\"v1MsoNormal\" align=\"center\"><b>Nuevo contrato\u00a0de\u00a0trabajo<\/b><b><\/b><\/p>\n<\/td>\n<td valign=\"top\" width=\"170\">\n<p class=\"v1MsoNormal\"><b>Postulaci\u00f3n<\/b><b><\/b><\/p>\n<\/td>\n<td valign=\"top\" width=\"219\">\n<p class=\"v1MsoNormal\"><b>F<\/b><b>e<\/b><b>cha\u00a0de\u00a0pago<\/b><b><\/b><\/p>\n<\/td>\n<\/tr>\n<tr>\n<td valign=\"top\" width=\"211\">\n<p class=\"v1MsoNormal\">1\u00a0octubre\u00a0al\u00a030\u00a0noviembre\u00a02021<\/p>\n<\/td>\n<td valign=\"top\" width=\"170\">\n<p class=\"v1MsoNormal\">Durante\u00a0noviembre\u00a02021<\/p>\n<\/td>\n<td valign=\"top\" width=\"219\">\n<p class=\"v1MsoNormal\">A\u00a0partir\u00a0del\u00a01\u00b0\u00a0de\u00a0enero\u00a02022<\/p>\n<\/td>\n<\/tr>\n<tr>\n<td valign=\"top\" width=\"211\">\n<p class=\"v1MsoNormal\">1\u00a0noviembre\u00a0al\u00a031\u00a0diciembre\u00a02021<\/p>\n<\/td>\n<td valign=\"top\" width=\"170\">\n<p class=\"v1MsoNormal\">Durante\u00a0diciembre\u00a02021<\/p>\n<\/td>\n<td valign=\"top\" width=\"219\">\n<p class=\"v1MsoNormal\">A\u00a0partir\u00a0del\u00a01\u00b0\u00a0de\u00a0febrero\u00a02022<\/p>\n<\/td>\n<\/tr>\n<tr>\n<td valign=\"top\" width=\"211\">\n<p class=\"v1MsoNormal\">1\u00a0diciembre\u00a0al\u00a031\u00a0enero\u00a02022<\/p>\n<\/td>\n<td valign=\"top\" width=\"170\">\n<p class=\"v1MsoNormal\">Durante\u00a0enero\u00a02022<\/p>\n<\/td>\n<td valign=\"top\" width=\"219\">\n<p class=\"v1MsoNormal\">A\u00a0partir\u00a0del\u00a01\u00b0\u00a0de\u00a0marzo\u00a02022<\/p>\n<\/td>\n<\/tr>\n<tr>\n<td valign=\"top\" width=\"211\">\n<p class=\"v1MsoNormal\">1\u00a0enero\u00a0al\u00a028\u00a0febrero\u00a02022<\/p>\n<\/td>\n<td valign=\"top\" width=\"170\">\n<p class=\"v1MsoNormal\">Durante\u00a0febrero\u00a02022<\/p>\n<\/td>\n<td valign=\"top\" width=\"219\">\n<p class=\"v1MsoNormal\">A\u00a0partir\u00a0del\u00a01\u00b0\u00a0de\u00a0abril\u00a02022<\/p>\n<\/td>\n<\/tr>\n<tr>\n<td valign=\"top\" width=\"211\">\n<p class=\"v1MsoNormal\">1\u00a0febrero\u00a0al\u00a031\u00a0marzo\u00a02022<\/p>\n<\/td>\n<td valign=\"top\" width=\"170\">\n<p class=\"v1MsoNormal\">Durante\u00a0marzo\u00a02022<\/p>\n<\/td>\n<td valign=\"top\" width=\"219\">\n<p class=\"v1MsoNormal\">A\u00a0partir\u00a0del\u00a01\u00a0de\u00a0mayo\u00a02022<\/p>\n<\/td>\n<\/tr>\n<\/tbody>\n<\/table>\n<\/div><\/section><\/div><div  style='height:50px' class='hr hr-invisible   avia-builder-el-6  el_after_av_one_full  el_before_av_social_share '><span class='hr-inner ' ><span class='hr-inner-style'><\/span><\/span><\/div><\/p>\n<div  class='av-social-sharing-box  avia-builder-el-7  el_after_av_hr  el_before_av_hr  '><div class='av-share-box'><h5 class='av-share-link-description av-no-toc '>Compartir esta noticia<\/h5><ul class='av-share-box-list noLightbox'><li class='av-share-link av-social-link-facebook' ><a target=\"_blank\" aria-label=\"Compartir en Facebook\" href='https:\/\/www.facebook.com\/sharer.php?u=https:\/\/radiorevelacionfm.cl\/?p=11411&#038;t=Gobierno%20anuncia%20extensi%C3%B3n%20del%20IFE%20Laboral%20por%20tres%20meses' aria-hidden='false' data-av_icon='\ue8f3' data-av_iconfont='entypo-fontello' title='' data-avia-related-tooltip='Compartir en Facebook' rel=\"noopener\"><span class='avia_hidden_link_text'>Compartir en Facebook<\/span><\/a><\/li><li class='av-share-link av-social-link-twitter' ><a target=\"_blank\" aria-label=\"Compartir en Twitter\" href='https:\/\/twitter.com\/share?text=Gobierno%20anuncia%20extensi%C3%B3n%20del%20IFE%20Laboral%20por%20tres%20meses&#038;url=https:\/\/radiorevelacionfm.cl\/?p=11411' aria-hidden='false' data-av_icon='\ue8f1' data-av_iconfont='entypo-fontello' title='' data-avia-related-tooltip='Compartir en Twitter' rel=\"noopener\"><span class='avia_hidden_link_text'>Compartir en Twitter<\/span><\/a><\/li><li class='av-share-link av-social-link-whatsapp' ><a target=\"_blank\" aria-label=\"Compartir en Whatsapp\" href='https:\/\/api.whatsapp.com\/send?text=https:\/\/radiorevelacionfm.cl\/?p=11411' aria-hidden='false' data-av_icon='\uf232' data-av_iconfont='entypo-fontello' title='' data-avia-related-tooltip='Compartir en Whatsapp' rel=\"noopener\"><span class='avia_hidden_link_text'>Compartir en Whatsapp<\/span><\/a><\/li><li class='av-share-link av-social-link-linkedin' ><a target=\"_blank\" aria-label=\"Compartir en LinkedIn\" href='https:\/\/linkedin.com\/shareArticle?mini=true&#038;title=Gobierno%20anuncia%20extensi%C3%B3n%20del%20IFE%20Laboral%20por%20tres%20meses&#038;url=https:\/\/radiorevelacionfm.cl\/?p=11411' aria-hidden='false' data-av_icon='\ue8fc' data-av_iconfont='entypo-fontello' title='' data-avia-related-tooltip='Compartir en LinkedIn' rel=\"noopener\"><span class='avia_hidden_link_text'>Compartir en LinkedIn<\/span><\/a><\/li><li class='av-share-link av-social-link-mail' ><a  aria-label=\"Compartir por correo\" href='mailto:?subject=Gobierno%20anuncia%20extensi%C3%B3n%20del%20IFE%20Laboral%20por%20tres%20meses&#038;body=https:\/\/radiorevelacionfm.cl\/?p=11411' aria-hidden='false' data-av_icon='\ue805' data-av_iconfont='entypo-fontello' title='' data-avia-related-tooltip='Compartir por correo'><span class='avia_hidden_link_text'>Compartir por correo<\/span><\/a><\/li><\/ul><\/div><\/div>\n<div  style='height:50px' class='hr hr-invisible   avia-builder-el-8  el_after_av_social_share  el_before_av_comments_list '><span class='hr-inner ' ><span class='hr-inner-style'><\/span><\/span><\/div>\n<div  class='av-buildercomment  av-blog-meta-html-info-disabled av-blog-meta-tag-disabled  '><\/div>\n","protected":false},"excerpt":{"rendered":"","protected":false},"author":1,"featured_media":11412,"comment_status":"open","ping_status":"open","sticky":false,"template":"","format":"standard","meta":{"footnotes":""},"categories":[38],"tags":[],"class_list":["post-11411","post","type-post","status-publish","format-standard","has-post-thumbnail","hentry","category-regional"],"jetpack_featured_media_url":"https:\/\/radiorevelacionfm.cl\/wp-content\/uploads\/2021\/11\/DelegadaReg-y-Seremi-Andrea-Ponce-2i-1-1.jpg","_links":{"self":[{"href":"https:\/\/radiorevelacionfm.cl\/index.php?rest_route=\/wp\/v2\/posts\/11411","targetHints":{"allow":["GET"]}}],"collection":[{"href":"https:\/\/radiorevelacionfm.cl\/index.php?rest_route=\/wp\/v2\/posts"}],"about":[{"href":"https:\/\/radiorevelacionfm.cl\/index.php?rest_route=\/wp\/v2\/types\/post"}],"author":[{"embeddable":true,"href":"https:\/\/radiorevelacionfm.cl\/index.php?rest_route=\/wp\/v2\/users\/1"}],"replies":[{"embeddable":true,"href":"https:\/\/radiorevelacionfm.cl\/index.php?rest_route=%2Fwp%2Fv2%2Fcomments&post=11411"}],"version-history":[{"count":2,"href":"https:\/\/radiorevelacionfm.cl\/index.php?rest_route=\/wp\/v2\/posts\/11411\/revisions"}],"predecessor-version":[{"id":11425,"href":"https:\/\/radiorevelacionfm.cl\/index.php?rest_route=\/wp\/v2\/posts\/11411\/revisions\/11425"}],"wp:featuredmedia":[{"embeddable":true,"href":"https:\/\/radiorevelacionfm.cl\/index.php?rest_route=\/wp\/v2\/media\/11412"}],"wp:attachment":[{"href":"https:\/\/radiorevelacionfm.cl\/index.php?rest_route=%2Fwp%2Fv2%2Fmedia&parent=11411"}],"wp:term":[{"taxonomy":"category","embeddable":true,"href":"https:\/\/radiorevelacionfm.cl\/index.php?rest_route=%2Fwp%2Fv2%2Fcategories&post=11411"},{"taxonomy":"post_tag","embeddable":true,"href":"https:\/\/radiorevelacionfm.cl\/index.php?rest_route=%2Fwp%2Fv2%2Ftags&post=11411"}],"curies":[{"name":"wp","href":"https:\/\/api.w.org\/{rel}","templated":true}]}}