{"id":11407,"date":"2021-11-30T22:53:30","date_gmt":"2021-12-01T01:53:30","guid":{"rendered":"https:\/\/radiorevelacionfm.cl\/?p=11407"},"modified":"2021-11-30T22:53:30","modified_gmt":"2021-12-01T01:53:30","slug":"invitan-a-comerciantes-de-lena-en-aysen-a-postular-al-sello-calidad-2021-2022","status":"publish","type":"post","link":"https:\/\/radiorevelacionfm.cl\/?p=11407","title":{"rendered":"Invitan a comerciantes de le\u00f1a en Ays\u00e9n a postular al Sello Calidad 2021-2022"},"content":{"rendered":"<div class=\"flex_column av_one_full  flex_column_div av-zero-column-padding first  avia-builder-el-0  el_before_av_one_full  avia-builder-el-first  \" style='border-radius:0px; '><div  class='avia-image-container  av-styling-    avia-builder-el-1  avia-builder-el-no-sibling  avia-align-center '  itemprop=\"image\" itemscope=\"itemscope\" itemtype=\"https:\/\/schema.org\/ImageObject\"  ><div class='avia-image-container-inner'><div class='avia-image-overlay-wrap'><img decoding=\"async\" class='wp-image-11408 avia-img-lazy-loading-not-11408 avia_image' src=\"https:\/\/radiorevelacionfm.cl\/wp-content\/uploads\/2021\/11\/lena1-1_optimized.jpg\" alt='' title='le\u00f1a1-(1)_optimized' height=\"600\" width=\"800\"  itemprop=\"thumbnailUrl\" srcset=\"https:\/\/radiorevelacionfm.cl\/wp-content\/uploads\/2021\/11\/lena1-1_optimized.jpg 800w, https:\/\/radiorevelacionfm.cl\/wp-content\/uploads\/2021\/11\/lena1-1_optimized-300x225.jpg 300w, https:\/\/radiorevelacionfm.cl\/wp-content\/uploads\/2021\/11\/lena1-1_optimized-768x576.jpg 768w, https:\/\/radiorevelacionfm.cl\/wp-content\/uploads\/2021\/11\/lena1-1_optimized-705x529.jpg 705w, https:\/\/radiorevelacionfm.cl\/wp-content\/uploads\/2021\/11\/lena1-1_optimized-600x450.jpg 600w\" sizes=\"(max-width: 800px) 100vw, 800px\" \/><\/div><\/div><\/div><\/div><div class=\"flex_column av_one_full  flex_column_div av-zero-column-padding first  avia-builder-el-2  el_after_av_one_full  el_before_av_one_full  column-top-margin\" style='border-radius:0px; '><section class=\"av_textblock_section \"  itemscope=\"itemscope\" itemtype=\"https:\/\/schema.org\/BlogPosting\" itemprop=\"blogPost\" ><div class='avia_textblock  '   itemprop=\"text\" ><p style=\"text-align: center;\"><strong><span style=\"font-size: 18pt;\">Invitan a comerciantes de le\u00f1a en Ays\u00e9n a postular al Sello Calidad 2021-2022<\/span><\/strong><\/p>\n<div id=\"gtx-trans\" style=\"position: absolute; left: -50px; top: 4.31534px;\">\n<div class=\"gtx-trans-icon\"><\/div>\n<\/div>\n<\/div><\/section><\/div><div class=\"flex_column av_one_full  flex_column_div av-zero-column-padding first  avia-builder-el-4  el_after_av_one_full  el_before_av_hr  column-top-margin\" style='border-radius:0px; '><section class=\"av_textblock_section \"  itemscope=\"itemscope\" itemtype=\"https:\/\/schema.org\/BlogPosting\" itemprop=\"blogPost\" ><div class='avia_textblock  '   itemprop=\"text\" ><p style=\"text-align: justify;\">El Ministerio de Energ\u00eda y la Agencia de Sostenibilidad Energ\u00e9tica (AgenciaSE), invitan a los productores y comerciantes de le\u00f1a de la regi\u00f3n de Ays\u00e9n a postular a una nueva convocatoria del Sello Calidad de Le\u00f1a 2021-2022.<\/p>\n<p style=\"text-align: justify;\">Esta iniciativa reconoce y visibiliza tanto a comerciantes como a productores de le\u00f1a que se adhieren a un est\u00e1ndar de calidad, es decir, que respetan la normativa tributaria y forestal, y cuyo proceso de producci\u00f3n les permite generar un producto seco y de dimensiones \u00f3ptimas para el uso eficiente en calefactores domiciliarios.<\/p>\n<p style=\"text-align: justify;\">Al respecto el Seremi de Energ\u00eda de Ays\u00e9n, Juan Luis Amen\u00e1bar, se\u00f1al\u00f3 que \u201cel Sello Calidad de Le\u00f1a es parte de la nueva Estrategia de Transici\u00f3n Energ\u00e9tica Residencial, que contempla distintas iniciativas para ir, gradualmente, resolviendo el problema que genera la contaminaci\u00f3n que se produce cuando se usa le\u00f1a h\u00fameda en la calefacci\u00f3n de los hogares. Es por ello, que es de suma importancia avanzar en la promoci\u00f3n de una oferta de le\u00f1a de calidad que nos permita dar un paso hacia la sustentabilidad\u201d.<\/p>\n<p style=\"text-align: justify;\">En la Convocatoria 2021-2022, pueden participar los y las comerciantes de le\u00f1a formales e informales que cumplan con los requerimientos detallados en las bases de postulaci\u00f3n. En el caso que un postulante informal resulte seleccionado, durante el proceso deber\u00e1 acreditar su formalizaci\u00f3n tributaria para poder recibir el Sello Calidad de Le\u00f1a. Cabe destacar, que tanto el proceso de postulaci\u00f3n y monitoreo del est\u00e1ndar para obtener el Sello Calidad de Le\u00f1a no tiene costo para los interesados.<\/p>\n<p style=\"text-align: justify;\">La convocatoria en curso se trata de una ventanilla abierta que cuenta con cupos limitados y estar\u00e1 vigente hasta el 28 de febrero de 2022, o hasta que se acaben los cupos disponibles.<\/p>\n<p style=\"text-align: justify;\">Las postulaciones se pueden realizar ingresando al sitio web www.sellocalidadlena.cl, donde se encuentran disponibles los requisitos e instrucciones para postular.<\/p>\n<p style=\"text-align: justify;\">Las personas que requieran m\u00e1s informaci\u00f3n podr\u00e1n enviar sus consultas al correo electr\u00f3nico <a href=\"mailto:sellocalidadlena@agenciase.org\">sellocalidadlena@agenciase.org<\/a>. Tambi\u00e9n pueden dirigirse a la oficina de la Seremi de Energ\u00eda de Ays\u00e9n, ubicada en calle Baquedano #310 interior, o bien llamar al tel\u00e9fono 223656656.<\/p>\n<p style=\"text-align: justify;\">Finalmente, el Seremi Amen\u00e1bar indic\u00f3 que \u201cme gustar\u00eda invitar a los productores y comerciantes de le\u00f1a de nuestra regi\u00f3n a postular al Sello Calidad de Le\u00f1a, ya que esta iniciativa pone a disposici\u00f3n de los consumidores un biocombustible estandarizado, eficiente, que genera m\u00e1s calor y es menos contaminante. Adem\u00e1s, permite que los le\u00f1eros y le\u00f1eras de Ays\u00e9n puedan destacarse por poner en el mercado un producto de calidad. De esta manera, juntos podremos avanzar en la descontaminaci\u00f3n de nuestra regi\u00f3n, y mejorar la calidad de vida de nuestras familias\u201d.<\/p>\n<\/div><\/section><\/div><div  style='height:50px' class='hr hr-invisible   avia-builder-el-6  el_after_av_one_full  el_before_av_social_share '><span class='hr-inner ' ><span class='hr-inner-style'><\/span><\/span><\/div><\/p>\n<div  class='av-social-sharing-box  avia-builder-el-7  el_after_av_hr  el_before_av_hr  '><div class='av-share-box'><h5 class='av-share-link-description av-no-toc '>Compartir esta noticia<\/h5><ul class='av-share-box-list noLightbox'><li class='av-share-link av-social-link-facebook' ><a target=\"_blank\" aria-label=\"Compartir en Facebook\" href='https:\/\/www.facebook.com\/sharer.php?u=https:\/\/radiorevelacionfm.cl\/?p=11407&#038;t=Invitan%20a%20comerciantes%20de%20le%C3%B1a%20en%20Ays%C3%A9n%20a%20postular%20al%20Sello%20Calidad%202021-2022' aria-hidden='false' data-av_icon='\ue8f3' data-av_iconfont='entypo-fontello' title='' data-avia-related-tooltip='Compartir en Facebook' rel=\"noopener\"><span class='avia_hidden_link_text'>Compartir en Facebook<\/span><\/a><\/li><li class='av-share-link av-social-link-twitter' ><a target=\"_blank\" aria-label=\"Compartir en Twitter\" href='https:\/\/twitter.com\/share?text=Invitan%20a%20comerciantes%20de%20le%C3%B1a%20en%20Ays%C3%A9n%20a%20postular%20al%20Sello%20Calidad%202021-2022&#038;url=https:\/\/radiorevelacionfm.cl\/?p=11407' aria-hidden='false' data-av_icon='\ue8f1' data-av_iconfont='entypo-fontello' title='' data-avia-related-tooltip='Compartir en Twitter' rel=\"noopener\"><span class='avia_hidden_link_text'>Compartir en Twitter<\/span><\/a><\/li><li class='av-share-link av-social-link-whatsapp' ><a target=\"_blank\" aria-label=\"Compartir en Whatsapp\" href='https:\/\/api.whatsapp.com\/send?text=https:\/\/radiorevelacionfm.cl\/?p=11407' aria-hidden='false' data-av_icon='\uf232' data-av_iconfont='entypo-fontello' title='' data-avia-related-tooltip='Compartir en Whatsapp' rel=\"noopener\"><span class='avia_hidden_link_text'>Compartir en Whatsapp<\/span><\/a><\/li><li class='av-share-link av-social-link-linkedin' ><a target=\"_blank\" aria-label=\"Compartir en LinkedIn\" href='https:\/\/linkedin.com\/shareArticle?mini=true&#038;title=Invitan%20a%20comerciantes%20de%20le%C3%B1a%20en%20Ays%C3%A9n%20a%20postular%20al%20Sello%20Calidad%202021-2022&#038;url=https:\/\/radiorevelacionfm.cl\/?p=11407' aria-hidden='false' data-av_icon='\ue8fc' data-av_iconfont='entypo-fontello' title='' data-avia-related-tooltip='Compartir en LinkedIn' rel=\"noopener\"><span class='avia_hidden_link_text'>Compartir en LinkedIn<\/span><\/a><\/li><li class='av-share-link av-social-link-mail' ><a  aria-label=\"Compartir por correo\" href='mailto:?subject=Invitan%20a%20comerciantes%20de%20le%C3%B1a%20en%20Ays%C3%A9n%20a%20postular%20al%20Sello%20Calidad%202021-2022&#038;body=https:\/\/radiorevelacionfm.cl\/?p=11407' aria-hidden='false' data-av_icon='\ue805' data-av_iconfont='entypo-fontello' title='' data-avia-related-tooltip='Compartir por correo'><span class='avia_hidden_link_text'>Compartir por correo<\/span><\/a><\/li><\/ul><\/div><\/div>\n<div  style='height:50px' class='hr hr-invisible   avia-builder-el-8  el_after_av_social_share  el_before_av_comments_list '><span class='hr-inner ' ><span class='hr-inner-style'><\/span><\/span><\/div>\n<div  class='av-buildercomment  av-blog-meta-html-info-disabled av-blog-meta-tag-disabled  '><\/div>\n","protected":false},"excerpt":{"rendered":"","protected":false},"author":1,"featured_media":11408,"comment_status":"open","ping_status":"open","sticky":false,"template":"","format":"standard","meta":{"footnotes":""},"categories":[38],"tags":[],"class_list":["post-11407","post","type-post","status-publish","format-standard","has-post-thumbnail","hentry","category-regional"],"jetpack_featured_media_url":"https:\/\/radiorevelacionfm.cl\/wp-content\/uploads\/2021\/11\/lena1-1_optimized.jpg","_links":{"self":[{"href":"https:\/\/radiorevelacionfm.cl\/index.php?rest_route=\/wp\/v2\/posts\/11407","targetHints":{"allow":["GET"]}}],"collection":[{"href":"https:\/\/radiorevelacionfm.cl\/index.php?rest_route=\/wp\/v2\/posts"}],"about":[{"href":"https:\/\/radiorevelacionfm.cl\/index.php?rest_route=\/wp\/v2\/types\/post"}],"author":[{"embeddable":true,"href":"https:\/\/radiorevelacionfm.cl\/index.php?rest_route=\/wp\/v2\/users\/1"}],"replies":[{"embeddable":true,"href":"https:\/\/radiorevelacionfm.cl\/index.php?rest_route=%2Fwp%2Fv2%2Fcomments&post=11407"}],"version-history":[{"count":2,"href":"https:\/\/radiorevelacionfm.cl\/index.php?rest_route=\/wp\/v2\/posts\/11407\/revisions"}],"predecessor-version":[{"id":11410,"href":"https:\/\/radiorevelacionfm.cl\/index.php?rest_route=\/wp\/v2\/posts\/11407\/revisions\/11410"}],"wp:featuredmedia":[{"embeddable":true,"href":"https:\/\/radiorevelacionfm.cl\/index.php?rest_route=\/wp\/v2\/media\/11408"}],"wp:attachment":[{"href":"https:\/\/radiorevelacionfm.cl\/index.php?rest_route=%2Fwp%2Fv2%2Fmedia&parent=11407"}],"wp:term":[{"taxonomy":"category","embeddable":true,"href":"https:\/\/radiorevelacionfm.cl\/index.php?rest_route=%2Fwp%2Fv2%2Fcategories&post=11407"},{"taxonomy":"post_tag","embeddable":true,"href":"https:\/\/radiorevelacionfm.cl\/index.php?rest_route=%2Fwp%2Fv2%2Ftags&post=11407"}],"curies":[{"name":"wp","href":"https:\/\/api.w.org\/{rel}","templated":true}]}}