{"id":11404,"date":"2021-12-01T09:45:13","date_gmt":"2021-12-01T12:45:13","guid":{"rendered":"https:\/\/radiorevelacionfm.cl\/?p=11404"},"modified":"2021-12-01T09:45:13","modified_gmt":"2021-12-01T12:45:13","slug":"carabineros-ha-detenido-a-nivel-nacional-a-mas-de-1-500-personas-portando-elementos-para-cometer-robos","status":"publish","type":"post","link":"https:\/\/radiorevelacionfm.cl\/?p=11404","title":{"rendered":"Carabineros ha detenido a nivel nacional a m\u00e1s de 1.500 personas portando elementos para cometer robos"},"content":{"rendered":"<div class=\"flex_column av_one_full  flex_column_div av-zero-column-padding first  avia-builder-el-0  el_before_av_one_full  avia-builder-el-first  \" style='border-radius:0px; '><div  class='avia-image-container  av-styling-    avia-builder-el-1  avia-builder-el-no-sibling  avia-align-center '  itemprop=\"image\" itemscope=\"itemscope\" itemtype=\"https:\/\/schema.org\/ImageObject\"  ><div class='avia-image-container-inner'><div class='avia-image-overlay-wrap'><img decoding=\"async\" class='wp-image-11405 avia-img-lazy-loading-not-11405 avia_image' src=\"https:\/\/radiorevelacionfm.cl\/wp-content\/uploads\/2021\/11\/Balance-Carabineros30.11-1-1.jpg\" alt='' title='Balance Carabineros30.11 (1) (1)' height=\"600\" width=\"800\"  itemprop=\"thumbnailUrl\" srcset=\"https:\/\/radiorevelacionfm.cl\/wp-content\/uploads\/2021\/11\/Balance-Carabineros30.11-1-1.jpg 800w, https:\/\/radiorevelacionfm.cl\/wp-content\/uploads\/2021\/11\/Balance-Carabineros30.11-1-1-300x225.jpg 300w, https:\/\/radiorevelacionfm.cl\/wp-content\/uploads\/2021\/11\/Balance-Carabineros30.11-1-1-768x576.jpg 768w, https:\/\/radiorevelacionfm.cl\/wp-content\/uploads\/2021\/11\/Balance-Carabineros30.11-1-1-705x529.jpg 705w, https:\/\/radiorevelacionfm.cl\/wp-content\/uploads\/2021\/11\/Balance-Carabineros30.11-1-1-600x450.jpg 600w\" sizes=\"(max-width: 800px) 100vw, 800px\" \/><\/div><\/div><\/div><\/div><div class=\"flex_column av_one_full  flex_column_div av-zero-column-padding first  avia-builder-el-2  el_after_av_one_full  el_before_av_one_full  column-top-margin\" style='border-radius:0px; '><section class=\"av_textblock_section \"  itemscope=\"itemscope\" itemtype=\"https:\/\/schema.org\/BlogPosting\" itemprop=\"blogPost\" ><div class='avia_textblock  '   itemprop=\"text\" ><p style=\"text-align: center;\"><span style=\"font-size: 18pt;\"><b>Carabineros ha detenido a nivel nacional a m\u00e1s de 1.500 personas portando elementos para cometer robos<\/b><\/span><\/p>\n<div id=\"gtx-trans\" style=\"position: absolute; left: -50px; top: 4.31534px;\">\n<div class=\"gtx-trans-icon\"><\/div>\n<\/div>\n<\/div><\/section><\/div><div class=\"flex_column av_one_full  flex_column_div av-zero-column-padding first  avia-builder-el-4  el_after_av_one_full  el_before_av_hr  column-top-margin\" style='border-radius:0px; '><section class=\"av_textblock_section \"  itemscope=\"itemscope\" itemtype=\"https:\/\/schema.org\/BlogPosting\" itemprop=\"blogPost\" ><div class='avia_textblock  '   itemprop=\"text\" ><p class=\"v1MsoNormal\" style=\"text-align: justify;\">Tres de los aprehendidos registran 40 reiteraciones por el mismo delito, adem\u00e1s de numerosos antecedentes policiales por otros il\u00edcitos, como robos, hurtos e infracciones a la Ley de Drogas.<\/p>\n<p class=\"v1MsoNormal\" style=\"text-align: justify;\">La semana pasada, los uniformados detuvieron a m\u00e1s de 1.400 personas por Delitos de Mayor Connotaci\u00f3n Social y 564 por Violencia Intrafamiliar.<\/p>\n<p class=\"v1MsoNormal\" style=\"text-align: justify;\">\u00abEn virtud del art\u00edculo 445 del C\u00f3digo Penal, en lo que va del a\u00f1o, Carabineros ha detenido a 1.527 personas por portar elementos para cometer el delito de robo. Esto es fruto de los servicios focalizados, que han permitido aprehender a esta gran cantidad de sujetos antes de cometer el il\u00edcito. Es el resultado de la labor preventiva de nuestros carabineros, que adem\u00e1s de detener a miles de delincuentes, evitan que miles de chilenos sean v\u00edctimas de estos antisociales\u00bb. As\u00ed inform\u00f3 esta ma\u00f1ana el Director Nacional de Orden y Seguridad, General Inspector Marcelo Araya Zapata, durante el balance semanal de la labor policial.<\/p>\n<p class=\"v1MsoNormal\" style=\"text-align: justify;\">El alto oficial tambi\u00e9n se\u00f1al\u00f3 que, de los m\u00e1s de 1.500 detenidos por este motivo, tres personas registran 40 reiteraciones por la misma causa. Un tr\u00edo que adem\u00e1s ha sido aprehendido en numerosas ocasiones por otros delitos, como robos consumados (45), hurtos (8), porte de arma blanca (5) e infracci\u00f3n a la ley de drogas (5).\u00a0 Uno de ellos, de hecho, con apenas 23 a\u00f1os, ha sido detenido 42 veces por carabineros, mientras que los otros registran 33 y 28 aprehensiones, respectivamente.<\/p>\n<p class=\"v1MsoNormal\" style=\"text-align: justify;\"><b>Labor semanal<\/b><\/p>\n<p class=\"v1MsoNormal\" style=\"text-align: justify;\">Entre el 22 y el 28 de noviembre, Carabineros registr\u00f3 6.130 detenidos, con un promedio de 876 por d\u00eda y 36 por hora; entre los que se cuentan 1.443 por Delitos de Mayor Connotaci\u00f3n Social; 564 por Violencia Intrafamiliar, 110 por infracci\u00f3n a la Ley de Armas y 294 a la Ley de Drogas, \u00ablos delitos que mayor da\u00f1o y dolor causan a nuestras sociedad\u00bb, dijo el General Inspector Araya.<\/p>\n<p class=\"v1MsoNormal\" style=\"text-align: justify;\">Por segunda semana consecutiva, el alto oficial destac\u00f3 la cantidad de aprehendidos por conducir bajo la influencia del alcohol o drogas.<\/p>\n<p class=\"v1MsoNormal\" style=\"text-align: justify;\">\u00abLa semana anterior informamos 492 detenciones por esta causa y ahora esa cifra subi\u00f3 a 535. Son 76 conductores irresponsables que hemos sorprendido cada d\u00eda. Ambas cifras son sumamente preocupantes, porque los accidentes viales cuestan miles de vidas, p\u00e9rdidas irreparables para Chile. Llamamos a todos los ciudadanos a colaborarnos en la prevenci\u00f3n. No por nada la Organizaci\u00f3n Mundial de la Salud ha catalogado a los accidentes en el tr\u00e1nsito como una pandemia\u00bb, expres\u00f3.<\/p>\n<\/div><\/section><\/div><div  style='height:50px' class='hr hr-invisible   avia-builder-el-6  el_after_av_one_full  el_before_av_social_share '><span class='hr-inner ' ><span class='hr-inner-style'><\/span><\/span><\/div><\/p>\n<div  class='av-social-sharing-box  avia-builder-el-7  el_after_av_hr  el_before_av_hr  '><div class='av-share-box'><h5 class='av-share-link-description av-no-toc '>Compartir esta noticia<\/h5><ul class='av-share-box-list noLightbox'><li class='av-share-link av-social-link-facebook' ><a target=\"_blank\" aria-label=\"Compartir en Facebook\" href='https:\/\/www.facebook.com\/sharer.php?u=https:\/\/radiorevelacionfm.cl\/?p=11404&#038;t=Carabineros%20ha%20detenido%20a%20nivel%20nacional%20a%20m%C3%A1s%20de%201.500%20personas%20portando%20elementos%20para%20cometer%20robos' aria-hidden='false' data-av_icon='\ue8f3' data-av_iconfont='entypo-fontello' title='' data-avia-related-tooltip='Compartir en Facebook' rel=\"noopener\"><span class='avia_hidden_link_text'>Compartir en Facebook<\/span><\/a><\/li><li class='av-share-link av-social-link-twitter' ><a target=\"_blank\" aria-label=\"Compartir en Twitter\" href='https:\/\/twitter.com\/share?text=Carabineros%20ha%20detenido%20a%20nivel%20nacional%20a%20m%C3%A1s%20de%201.500%20personas%20portando%20elementos%20para%20cometer%20robos&#038;url=https:\/\/radiorevelacionfm.cl\/?p=11404' aria-hidden='false' data-av_icon='\ue8f1' data-av_iconfont='entypo-fontello' title='' data-avia-related-tooltip='Compartir en Twitter' rel=\"noopener\"><span class='avia_hidden_link_text'>Compartir en Twitter<\/span><\/a><\/li><li class='av-share-link av-social-link-whatsapp' ><a target=\"_blank\" aria-label=\"Compartir en Whatsapp\" href='https:\/\/api.whatsapp.com\/send?text=https:\/\/radiorevelacionfm.cl\/?p=11404' aria-hidden='false' data-av_icon='\uf232' data-av_iconfont='entypo-fontello' title='' data-avia-related-tooltip='Compartir en Whatsapp' rel=\"noopener\"><span class='avia_hidden_link_text'>Compartir en Whatsapp<\/span><\/a><\/li><li class='av-share-link av-social-link-linkedin' ><a target=\"_blank\" aria-label=\"Compartir en LinkedIn\" href='https:\/\/linkedin.com\/shareArticle?mini=true&#038;title=Carabineros%20ha%20detenido%20a%20nivel%20nacional%20a%20m%C3%A1s%20de%201.500%20personas%20portando%20elementos%20para%20cometer%20robos&#038;url=https:\/\/radiorevelacionfm.cl\/?p=11404' aria-hidden='false' data-av_icon='\ue8fc' data-av_iconfont='entypo-fontello' title='' data-avia-related-tooltip='Compartir en LinkedIn' rel=\"noopener\"><span class='avia_hidden_link_text'>Compartir en LinkedIn<\/span><\/a><\/li><li class='av-share-link av-social-link-mail' ><a  aria-label=\"Compartir por correo\" href='mailto:?subject=Carabineros%20ha%20detenido%20a%20nivel%20nacional%20a%20m%C3%A1s%20de%201.500%20personas%20portando%20elementos%20para%20cometer%20robos&#038;body=https:\/\/radiorevelacionfm.cl\/?p=11404' aria-hidden='false' data-av_icon='\ue805' data-av_iconfont='entypo-fontello' title='' data-avia-related-tooltip='Compartir por correo'><span class='avia_hidden_link_text'>Compartir por correo<\/span><\/a><\/li><\/ul><\/div><\/div>\n<div  style='height:50px' class='hr hr-invisible   avia-builder-el-8  el_after_av_social_share  el_before_av_comments_list '><span class='hr-inner ' ><span class='hr-inner-style'><\/span><\/span><\/div>\n<div  class='av-buildercomment  av-blog-meta-html-info-disabled av-blog-meta-tag-disabled  '><\/div>\n","protected":false},"excerpt":{"rendered":"","protected":false},"author":1,"featured_media":11405,"comment_status":"open","ping_status":"open","sticky":false,"template":"","format":"standard","meta":{"footnotes":""},"categories":[36],"tags":[],"class_list":["post-11404","post","type-post","status-publish","format-standard","has-post-thumbnail","hentry","category-policial"],"jetpack_featured_media_url":"https:\/\/radiorevelacionfm.cl\/wp-content\/uploads\/2021\/11\/Balance-Carabineros30.11-1-1.jpg","_links":{"self":[{"href":"https:\/\/radiorevelacionfm.cl\/index.php?rest_route=\/wp\/v2\/posts\/11404","targetHints":{"allow":["GET"]}}],"collection":[{"href":"https:\/\/radiorevelacionfm.cl\/index.php?rest_route=\/wp\/v2\/posts"}],"about":[{"href":"https:\/\/radiorevelacionfm.cl\/index.php?rest_route=\/wp\/v2\/types\/post"}],"author":[{"embeddable":true,"href":"https:\/\/radiorevelacionfm.cl\/index.php?rest_route=\/wp\/v2\/users\/1"}],"replies":[{"embeddable":true,"href":"https:\/\/radiorevelacionfm.cl\/index.php?rest_route=%2Fwp%2Fv2%2Fcomments&post=11404"}],"version-history":[{"count":2,"href":"https:\/\/radiorevelacionfm.cl\/index.php?rest_route=\/wp\/v2\/posts\/11404\/revisions"}],"predecessor-version":[{"id":11422,"href":"https:\/\/radiorevelacionfm.cl\/index.php?rest_route=\/wp\/v2\/posts\/11404\/revisions\/11422"}],"wp:featuredmedia":[{"embeddable":true,"href":"https:\/\/radiorevelacionfm.cl\/index.php?rest_route=\/wp\/v2\/media\/11405"}],"wp:attachment":[{"href":"https:\/\/radiorevelacionfm.cl\/index.php?rest_route=%2Fwp%2Fv2%2Fmedia&parent=11404"}],"wp:term":[{"taxonomy":"category","embeddable":true,"href":"https:\/\/radiorevelacionfm.cl\/index.php?rest_route=%2Fwp%2Fv2%2Fcategories&post=11404"},{"taxonomy":"post_tag","embeddable":true,"href":"https:\/\/radiorevelacionfm.cl\/index.php?rest_route=%2Fwp%2Fv2%2Ftags&post=11404"}],"curies":[{"name":"wp","href":"https:\/\/api.w.org\/{rel}","templated":true}]}}