{"id":11401,"date":"2021-12-01T09:16:58","date_gmt":"2021-12-01T12:16:58","guid":{"rendered":"https:\/\/radiorevelacionfm.cl\/?p=11401"},"modified":"2021-12-01T09:16:58","modified_gmt":"2021-12-01T12:16:58","slug":"proyecto-de-arte-y-cultura-de-vinculacion-con-el-medio-uach-realiza-estudios-en-las-regiones-de-los-lagos-y-aysen","status":"publish","type":"post","link":"https:\/\/radiorevelacionfm.cl\/?p=11401","title":{"rendered":"Proyecto de Arte y Cultura de Vinculaci\u00f3n con el Medio UACh realiza estudios en las regiones de Los Lagos y Ays\u00e9n"},"content":{"rendered":"<div class=\"flex_column av_one_full  flex_column_div av-zero-column-padding first  avia-builder-el-0  el_before_av_one_full  avia-builder-el-first  \" style='border-radius:0px; '><div  class='avia-image-container  av-styling-    avia-builder-el-1  avia-builder-el-no-sibling  avia-align-center '  itemprop=\"image\" itemscope=\"itemscope\" itemtype=\"https:\/\/schema.org\/ImageObject\"  ><div class='avia-image-container-inner'><div class='avia-image-overlay-wrap'><img decoding=\"async\" class='wp-image-11402 avia-img-lazy-loading-not-11402 avia_image' src=\"https:\/\/radiorevelacionfm.cl\/wp-content\/uploads\/2021\/11\/Focus-SP-1-1.jpg\" alt='' title='Focus SP (1) (1)' height=\"600\" width=\"1215\"  itemprop=\"thumbnailUrl\" srcset=\"https:\/\/radiorevelacionfm.cl\/wp-content\/uploads\/2021\/11\/Focus-SP-1-1.jpg 1215w, https:\/\/radiorevelacionfm.cl\/wp-content\/uploads\/2021\/11\/Focus-SP-1-1-300x148.jpg 300w, https:\/\/radiorevelacionfm.cl\/wp-content\/uploads\/2021\/11\/Focus-SP-1-1-1030x509.jpg 1030w, https:\/\/radiorevelacionfm.cl\/wp-content\/uploads\/2021\/11\/Focus-SP-1-1-768x379.jpg 768w, https:\/\/radiorevelacionfm.cl\/wp-content\/uploads\/2021\/11\/Focus-SP-1-1-705x348.jpg 705w, https:\/\/radiorevelacionfm.cl\/wp-content\/uploads\/2021\/11\/Focus-SP-1-1-600x296.jpg 600w\" sizes=\"(max-width: 1215px) 100vw, 1215px\" \/><\/div><\/div><\/div><\/div><div class=\"flex_column av_one_full  flex_column_div av-zero-column-padding first  avia-builder-el-2  el_after_av_one_full  el_before_av_one_full  column-top-margin\" style='border-radius:0px; '><section class=\"av_textblock_section \"  itemscope=\"itemscope\" itemtype=\"https:\/\/schema.org\/BlogPosting\" itemprop=\"blogPost\" ><div class='avia_textblock  '   itemprop=\"text\" ><p style=\"text-align: center;\"><strong><span style=\"font-size: 18pt;\">Proyecto de Arte y Cultura de Vinculaci\u00f3n con el Medio UACh realiza estudios en las regiones de Los Lagos y Ays\u00e9n<\/span><\/strong><\/p>\n<div id=\"gtx-trans\" style=\"position: absolute; left: -50px; top: 4.31534px;\">\n<div class=\"gtx-trans-icon\"><\/div>\n<\/div>\n<\/div><\/section><\/div><div class=\"flex_column av_one_full  flex_column_div av-zero-column-padding first  avia-builder-el-4  el_after_av_one_full  el_before_av_hr  column-top-margin\" style='border-radius:0px; '><section class=\"av_textblock_section \"  itemscope=\"itemscope\" itemtype=\"https:\/\/schema.org\/BlogPosting\" itemprop=\"blogPost\" ><div class='avia_textblock  '   itemprop=\"text\" ><p style=\"text-align: justify;\">En el marco del proyecto AUS 2095, de la Universidad Austral de Chile, \u201cArte y Cultura en el Sur Austral: Fortalecimiento de la estructura organizativa, oferta program\u00e1tica, formaci\u00f3n de audiencias e interrelaci\u00f3n con el \u00e1rea de docencia\u201d, se desarroll\u00f3 una investigaci\u00f3n que permitir\u00e1 elaborar un mapa de actores y un diagn\u00f3stico participativo en las \u00e1reas de Arte, Cultura y Patrimonio en las regiones de Los Lagos y Ays\u00e9n.<\/p>\n<p style=\"text-align: justify;\">El proceso de investigaci\u00f3n incluy\u00f3 grupos focales con docentes y funcionarios UACh, encargados de cultura municipales, organizaciones sociales y artistas, cultores y gestores, entre otros, donde a la fecha han participado m\u00e1s de 50 personas y se han realizado entrevistas en profundidad a representantes del ecosistema creativo de elevado impacto y vasta trayectoria.<\/p>\n<p style=\"text-align: justify;\">A trav\u00e9s de este mapa se espera reconocer a las y los actores claves de cada territorio, para caracterizar y definir estrategias y programas de vinculaci\u00f3n futura seg\u00fan \u00e1reas priorizadas.<\/p>\n<p style=\"text-align: justify;\">Al respecto, Valentina Reyes, encargada del \u00c1rea de Arte y Cultura de la Sede Puerto Montt UACh, manifest\u00f3 que \u201cyo creo que la evaluaci\u00f3n es positiva en el sentido de que los focus fueron s\u00faper diversos. Asisti\u00f3 mucha gente del \u00e1rea de las artes, las culturas y el patrimonio de la regi\u00f3n, desde cultores, artistas locales hasta instituciones como la Seremi de las Culturas y las Artes y el Consejo del Patrimonio Cultural. En ese sentido, los focus fueron un facilitador para hacer el levantamiento de informaci\u00f3n que necesit\u00e1bamos para empezar a dar los primeros pasos para la vinculaci\u00f3n\u201d.<\/p>\n<p style=\"text-align: justify;\">Cabe se\u00f1alar que este proyecto es de la direcci\u00f3n de Vinculaci\u00f3n con el Medio UACh cuyo objetivo general se orienta a \u201cFomentar la vinculaci\u00f3n en el \u00e1mbito art\u00edstico cultural de la Sede Puerto Montt y Campus Patagonia a trav\u00e9s de estrategias de fortalecimiento organizacional, dise\u00f1o program\u00e1tico y formaci\u00f3n de audiencias, y articulaci\u00f3n con docencia\u201d, con especial \u00e9nfasis en el fortalecimiento de estructuras organizativas para la gesti\u00f3n del \u00e1mbito de extensi\u00f3n art\u00edstica y cultural y de pol\u00edticas de vinculaci\u00f3n UACh.<\/p>\n<p style=\"text-align: justify;\">A lo mencionado anteriormente, el director de Vinculaci\u00f3n con el Medio UACh, Dr. Galo Valdebenito mencion\u00f3 que: \u201cEl proyecto es sin duda un anhelo de la direcci\u00f3n, de poder mejorar la articulaci\u00f3n, esta bidireccionalidad, sobretodo con las regiones de Los Lagos y Ays\u00e9n, en el entendido que es una de las promesas que tiene nuestra direcci\u00f3n, es por ello que hemos querido poner en valor justamente esta vinculaci\u00f3n, de tal manera que la Universidad Austral de Chile se presente como una sola instituci\u00f3n y no como campus o sedes que est\u00e9n aislados o desconectados, por lo tanto reviste especial importancia para esta direcci\u00f3n y para este director fomentar y propiciar instancias que permitan esta uni\u00f3n y articulaci\u00f3n con los distintos territorios\u201d.<\/p>\n<p style=\"text-align: justify;\">Por su parte, Carlos Galdames, encargado del proyecto en el Campus Patagonia, se\u00f1al\u00f3 que \u201cpara el \u00e1rea de Arte y Cultura del Campus Patagonia es muy importante desarrollar este estudio, ya que nos permitir\u00e1 contar con informaci\u00f3n actualizada a trav\u00e9s de la realizaci\u00f3n de un mapa de actores y un diagn\u00f3stico participativo a nivel local el que se est\u00e1 desarrollando desde el mes de octubre. Es fundamental para nosotros poder intencionar el di\u00e1logo, la escucha y la actualizaci\u00f3n tanto del ecosistema art\u00edstico, cultural y comunitario de la regi\u00f3n, como tambi\u00e9n a nivel interno en la universidad\u201d.<\/p>\n<p style=\"text-align: justify;\">Se espera que tanto el mapa de actores como el diagn\u00f3stico participativo sean de gran utilidad para mejorar la articulaci\u00f3n interna y para crear, mantener y fortalecer v\u00ednculos entre la Universidad y el ecosistema creativo presente en las regiones de los Lagos y Ays\u00e9n, sirviendo como insumos para la planificaci\u00f3n estrat\u00e9gica del \u00e1rea de extensi\u00f3n y para fortalecer el proyecto de Vicerrector\u00eda de Vinculaci\u00f3n con el Medio y para la generaci\u00f3n de articulaciones formales e informales con los diversos actores presentes en dichos territorios,\u00a0 atendiendo a las realidades y necesidades locales desde los principios orientadores que rigen nuestra casa de estudios.<\/p>\n<p style=\"text-align: justify;\">Finalmente, desde la casa de estudios en Coyhaique se\u00f1alaron que con esto se busca tomar decisiones mucho m\u00e1s pertinentes, con enfoque asociativo para definir proyectos, programaci\u00f3n y actividades en el corto, mediano y largo plazo. Galdames destac\u00f3 que \u201cesperamos poder publicar y compartir estos resultados en el mes de enero de 2022, pues creemos que esta informaci\u00f3n es muy importante para todas las instituciones, agrupaciones, artistas ligadas al arte y las culturas, aqu\u00ed en la regi\u00f3n de Ays\u00e9n\u201d.<\/p>\n<\/div><\/section><\/div><div  style='height:50px' class='hr hr-invisible   avia-builder-el-6  el_after_av_one_full  el_before_av_social_share '><span class='hr-inner ' ><span class='hr-inner-style'><\/span><\/span><\/div><\/p>\n<div  class='av-social-sharing-box  avia-builder-el-7  el_after_av_hr  el_before_av_hr  '><div class='av-share-box'><h5 class='av-share-link-description av-no-toc '>Compartir esta noticia<\/h5><ul class='av-share-box-list noLightbox'><li class='av-share-link av-social-link-facebook' ><a target=\"_blank\" aria-label=\"Compartir en Facebook\" href='https:\/\/www.facebook.com\/sharer.php?u=https:\/\/radiorevelacionfm.cl\/?p=11401&#038;t=Proyecto%20de%20Arte%20y%20Cultura%20de%20Vinculaci%C3%B3n%20con%20el%20Medio%20UACh%20realiza%20estudios%20en%20las%20regiones%20de%20Los%20Lagos%20y%20Ays%C3%A9n' aria-hidden='false' data-av_icon='\ue8f3' data-av_iconfont='entypo-fontello' title='' data-avia-related-tooltip='Compartir en Facebook' rel=\"noopener\"><span class='avia_hidden_link_text'>Compartir en Facebook<\/span><\/a><\/li><li class='av-share-link av-social-link-twitter' ><a target=\"_blank\" aria-label=\"Compartir en Twitter\" href='https:\/\/twitter.com\/share?text=Proyecto%20de%20Arte%20y%20Cultura%20de%20Vinculaci%C3%B3n%20con%20el%20Medio%20UACh%20realiza%20estudios%20en%20las%20regiones%20de%20Los%20Lagos%20y%20Ays%C3%A9n&#038;url=https:\/\/radiorevelacionfm.cl\/?p=11401' aria-hidden='false' data-av_icon='\ue8f1' data-av_iconfont='entypo-fontello' title='' data-avia-related-tooltip='Compartir en Twitter' rel=\"noopener\"><span class='avia_hidden_link_text'>Compartir en Twitter<\/span><\/a><\/li><li class='av-share-link av-social-link-whatsapp' ><a target=\"_blank\" aria-label=\"Compartir en Whatsapp\" href='https:\/\/api.whatsapp.com\/send?text=https:\/\/radiorevelacionfm.cl\/?p=11401' aria-hidden='false' data-av_icon='\uf232' data-av_iconfont='entypo-fontello' title='' data-avia-related-tooltip='Compartir en Whatsapp' rel=\"noopener\"><span class='avia_hidden_link_text'>Compartir en Whatsapp<\/span><\/a><\/li><li class='av-share-link av-social-link-linkedin' ><a target=\"_blank\" aria-label=\"Compartir en LinkedIn\" href='https:\/\/linkedin.com\/shareArticle?mini=true&#038;title=Proyecto%20de%20Arte%20y%20Cultura%20de%20Vinculaci%C3%B3n%20con%20el%20Medio%20UACh%20realiza%20estudios%20en%20las%20regiones%20de%20Los%20Lagos%20y%20Ays%C3%A9n&#038;url=https:\/\/radiorevelacionfm.cl\/?p=11401' aria-hidden='false' data-av_icon='\ue8fc' data-av_iconfont='entypo-fontello' title='' data-avia-related-tooltip='Compartir en LinkedIn' rel=\"noopener\"><span class='avia_hidden_link_text'>Compartir en LinkedIn<\/span><\/a><\/li><li class='av-share-link av-social-link-mail' ><a  aria-label=\"Compartir por correo\" href='mailto:?subject=Proyecto%20de%20Arte%20y%20Cultura%20de%20Vinculaci%C3%B3n%20con%20el%20Medio%20UACh%20realiza%20estudios%20en%20las%20regiones%20de%20Los%20Lagos%20y%20Ays%C3%A9n&#038;body=https:\/\/radiorevelacionfm.cl\/?p=11401' aria-hidden='false' data-av_icon='\ue805' data-av_iconfont='entypo-fontello' title='' data-avia-related-tooltip='Compartir por correo'><span class='avia_hidden_link_text'>Compartir por correo<\/span><\/a><\/li><\/ul><\/div><\/div>\n<div  style='height:50px' class='hr hr-invisible   avia-builder-el-8  el_after_av_social_share  el_before_av_comments_list '><span class='hr-inner ' ><span class='hr-inner-style'><\/span><\/span><\/div>\n<div  class='av-buildercomment  av-blog-meta-html-info-disabled av-blog-meta-tag-disabled  '><\/div>\n","protected":false},"excerpt":{"rendered":"","protected":false},"author":1,"featured_media":11402,"comment_status":"open","ping_status":"open","sticky":false,"template":"","format":"standard","meta":{"footnotes":""},"categories":[52],"tags":[],"class_list":["post-11401","post","type-post","status-publish","format-standard","has-post-thumbnail","hentry","category-cultura"],"jetpack_featured_media_url":"https:\/\/radiorevelacionfm.cl\/wp-content\/uploads\/2021\/11\/Focus-SP-1-1.jpg","_links":{"self":[{"href":"https:\/\/radiorevelacionfm.cl\/index.php?rest_route=\/wp\/v2\/posts\/11401","targetHints":{"allow":["GET"]}}],"collection":[{"href":"https:\/\/radiorevelacionfm.cl\/index.php?rest_route=\/wp\/v2\/posts"}],"about":[{"href":"https:\/\/radiorevelacionfm.cl\/index.php?rest_route=\/wp\/v2\/types\/post"}],"author":[{"embeddable":true,"href":"https:\/\/radiorevelacionfm.cl\/index.php?rest_route=\/wp\/v2\/users\/1"}],"replies":[{"embeddable":true,"href":"https:\/\/radiorevelacionfm.cl\/index.php?rest_route=%2Fwp%2Fv2%2Fcomments&post=11401"}],"version-history":[{"count":2,"href":"https:\/\/radiorevelacionfm.cl\/index.php?rest_route=\/wp\/v2\/posts\/11401\/revisions"}],"predecessor-version":[{"id":11421,"href":"https:\/\/radiorevelacionfm.cl\/index.php?rest_route=\/wp\/v2\/posts\/11401\/revisions\/11421"}],"wp:featuredmedia":[{"embeddable":true,"href":"https:\/\/radiorevelacionfm.cl\/index.php?rest_route=\/wp\/v2\/media\/11402"}],"wp:attachment":[{"href":"https:\/\/radiorevelacionfm.cl\/index.php?rest_route=%2Fwp%2Fv2%2Fmedia&parent=11401"}],"wp:term":[{"taxonomy":"category","embeddable":true,"href":"https:\/\/radiorevelacionfm.cl\/index.php?rest_route=%2Fwp%2Fv2%2Fcategories&post=11401"},{"taxonomy":"post_tag","embeddable":true,"href":"https:\/\/radiorevelacionfm.cl\/index.php?rest_route=%2Fwp%2Fv2%2Ftags&post=11401"}],"curies":[{"name":"wp","href":"https:\/\/api.w.org\/{rel}","templated":true}]}}