{"id":11393,"date":"2021-11-30T22:04:51","date_gmt":"2021-12-01T01:04:51","guid":{"rendered":"https:\/\/radiorevelacionfm.cl\/?p=11393"},"modified":"2021-11-30T22:04:51","modified_gmt":"2021-12-01T01:04:51","slug":"ultimo-pago-del-ife-se-traduce-en-14-mil-millones-de-pesos-en-trasferencias-directas-en-la-region-de-aysen","status":"publish","type":"post","link":"https:\/\/radiorevelacionfm.cl\/?p=11393","title":{"rendered":"\u00daltimo pago del IFE se traduce en 14 mil millones de pesos en trasferencias directas en la regi\u00f3n de Ays\u00e9n"},"content":{"rendered":"<div class=\"flex_column av_one_full  flex_column_div av-zero-column-padding first  avia-builder-el-0  el_before_av_one_full  avia-builder-el-first  \" style='border-radius:0px; '><div  class='avia-image-container  av-styling-    avia-builder-el-1  avia-builder-el-no-sibling  avia-align-center '  itemprop=\"image\" itemscope=\"itemscope\" itemtype=\"https:\/\/schema.org\/ImageObject\"  ><div class='avia-image-container-inner'><div class='avia-image-overlay-wrap'><img decoding=\"async\" class='wp-image-11394 avia-img-lazy-loading-not-11394 avia_image' src=\"https:\/\/radiorevelacionfm.cl\/wp-content\/uploads\/2021\/11\/FOTO-2-9-1-1.jpg\" alt='' title='FOTO 2 (9) (1) (1)' height=\"600\" width=\"838\"  itemprop=\"thumbnailUrl\" srcset=\"https:\/\/radiorevelacionfm.cl\/wp-content\/uploads\/2021\/11\/FOTO-2-9-1-1.jpg 838w, https:\/\/radiorevelacionfm.cl\/wp-content\/uploads\/2021\/11\/FOTO-2-9-1-1-300x215.jpg 300w, https:\/\/radiorevelacionfm.cl\/wp-content\/uploads\/2021\/11\/FOTO-2-9-1-1-768x550.jpg 768w, https:\/\/radiorevelacionfm.cl\/wp-content\/uploads\/2021\/11\/FOTO-2-9-1-1-260x185.jpg 260w, https:\/\/radiorevelacionfm.cl\/wp-content\/uploads\/2021\/11\/FOTO-2-9-1-1-705x505.jpg 705w, https:\/\/radiorevelacionfm.cl\/wp-content\/uploads\/2021\/11\/FOTO-2-9-1-1-600x430.jpg 600w\" sizes=\"(max-width: 838px) 100vw, 838px\" \/><\/div><\/div><\/div><\/div><div class=\"flex_column av_one_full  flex_column_div av-zero-column-padding first  avia-builder-el-2  el_after_av_one_full  el_before_av_one_full  column-top-margin\" style='border-radius:0px; '><section class=\"av_textblock_section \"  itemscope=\"itemscope\" itemtype=\"https:\/\/schema.org\/BlogPosting\" itemprop=\"blogPost\" ><div class='avia_textblock  '   itemprop=\"text\" ><p style=\"text-align: center;\"><strong><span style=\"font-size: 18pt;\">\u00daltimo pago del IFE se traduce en 14 mil millones de pesos en trasferencias directas en la regi\u00f3n de Ays\u00e9n<\/span><\/strong><\/p>\n<div id=\"gtx-trans\" style=\"position: absolute; left: -50px; top: 4.31534px;\">\n<div class=\"gtx-trans-icon\"><\/div>\n<\/div>\n<\/div><\/section><\/div><div class=\"flex_column av_one_full  flex_column_div av-zero-column-padding first  avia-builder-el-4  el_after_av_one_full  el_before_av_hr  column-top-margin\" style='border-radius:0px; '><section class=\"av_textblock_section \"  itemscope=\"itemscope\" itemtype=\"https:\/\/schema.org\/BlogPosting\" itemprop=\"blogPost\" ><div class='avia_textblock  '   itemprop=\"text\" ><p style=\"text-align: justify;\">Actualmente en la regi\u00f3n de Ays\u00e9n son 100.127 personas las beneficiadas que responden a 47.977 hogares en el \u00faltimo pago del Ingreso Familiar de Emergencia Universal.<\/p>\n<p style=\"text-align: justify;\">El Ministerio de Desarrollo Social y Familia anunci\u00f3 el inicio de los pagos correspondientes al aporte de noviembre del IFE Universal. As\u00ed, a partir de este lunes reci\u00e9n pasado los beneficiarios autom\u00e1ticos quienes han recibido los anteriores aportes de este beneficio, as\u00ed como quienes lo solicitaron entre el 6 y 16 de noviembre comenzar\u00e1n a recibir las trasferencias electr\u00f3nicas con el aporte correspondiente a cada hogar.<\/p>\n<p style=\"text-align: justify;\">Cabe destacar que en la regi\u00f3n somos 107.737 habitantes, hay 105.262 personas con Registro Social de Hogares que corresponden a 97,7% y 51.124 hogares con RSH.<\/p>\n<p style=\"text-align: justify;\">\u201cDesde la comuna de Cochrane y junto al Delegado Provincial de Capit\u00e1n Prat, Gustavo M\u00e1rquez y la Directora Regional de Fosis Ays\u00e9n, Dominique Brautigam estamos entregando grandes noticias para nuestra regi\u00f3n, el Ingreso Familiar de Emergencia (IFE) trae grande cifras y grandes n\u00fameros que vienen en apoyo directo de nuestro Gobierno a las personas que peor lo pasaron en tiempos de pandemia. Hoy tenemos a 100.127 personas este mes recibiendo el IFE y que ya comenz\u00f3 a entregarse, con esto aportamos a la econom\u00eda regional en m\u00e1s de 14 mil millones de pesos, esto es una gran noticia para nuestros vecinos, de un impulso que hizo nuestro Gobierno para estar m\u00e1s cerca en tiempos de pandemia de quienes m\u00e1s lo necesitaron\u201d, sostuvo el Seremi de Desarrollo Social y Familia, Marcelo J\u00e9lvez.<\/p>\n<p style=\"text-align: justify;\">En la misma l\u00ednea agreg\u00f3 que \u201ctenemos la plataforma <a href=\"http:\/\/www.ingresodeemergencia.cl\">www.ingresodeemergencia.cl<\/a>, adem\u00e1s las oficinas de Chile Atiende donde se pueden informar, la mayor\u00eda de las trasferencias del IFE \u00a0se hacen de manera directa a las cuentas Rut o dep\u00f3sito bancario y tambi\u00e9n a la Caja Los H\u00e9roes y por otra parte en la p\u00e1gina web que les mencionaba pueden identificar el d\u00eda de la trasferencia y cuando se puede retirar en los respectivos centros de pagos\u201d, puntualiz\u00f3 J\u00e9lvez.<\/p>\n<p style=\"text-align: justify;\">Las transferencias electr\u00f3nicas a los hogares comenzaron este lunes 29 de noviembre, mientras que los pagos en modalidad presencial en sucursales de Banco Estado y Caja Los H\u00e9roes se iniciar\u00e1n este 2 de diciembre. Para conocer su fecha y modalidad de pago, las familias pueden acceder a www.ingresodeemergencia.cl e ingresar a la secci\u00f3n \u201cMis pagos\u201d.<\/p>\n<\/div><\/section><\/div><div  style='height:50px' class='hr hr-invisible   avia-builder-el-6  el_after_av_one_full  el_before_av_social_share '><span class='hr-inner ' ><span class='hr-inner-style'><\/span><\/span><\/div><\/p>\n<div  class='av-social-sharing-box  avia-builder-el-7  el_after_av_hr  el_before_av_hr  '><div class='av-share-box'><h5 class='av-share-link-description av-no-toc '>Compartir esta noticia<\/h5><ul class='av-share-box-list noLightbox'><li class='av-share-link av-social-link-facebook' ><a target=\"_blank\" aria-label=\"Compartir en Facebook\" href='https:\/\/www.facebook.com\/sharer.php?u=https:\/\/radiorevelacionfm.cl\/?p=11393&#038;t=%C3%9Altimo%20pago%20del%20IFE%20se%20traduce%20en%2014%20mil%20millones%20de%20pesos%20en%20trasferencias%20directas%20en%20la%20regi%C3%B3n%20de%20Ays%C3%A9n' aria-hidden='false' data-av_icon='\ue8f3' data-av_iconfont='entypo-fontello' title='' data-avia-related-tooltip='Compartir en Facebook' rel=\"noopener\"><span class='avia_hidden_link_text'>Compartir en Facebook<\/span><\/a><\/li><li class='av-share-link av-social-link-twitter' ><a target=\"_blank\" aria-label=\"Compartir en Twitter\" href='https:\/\/twitter.com\/share?text=%C3%9Altimo%20pago%20del%20IFE%20se%20traduce%20en%2014%20mil%20millones%20de%20pesos%20en%20trasferencias%20directas%20en%20la%20regi%C3%B3n%20de%20Ays%C3%A9n&#038;url=https:\/\/radiorevelacionfm.cl\/?p=11393' aria-hidden='false' data-av_icon='\ue8f1' data-av_iconfont='entypo-fontello' title='' data-avia-related-tooltip='Compartir en Twitter' rel=\"noopener\"><span class='avia_hidden_link_text'>Compartir en Twitter<\/span><\/a><\/li><li class='av-share-link av-social-link-whatsapp' ><a target=\"_blank\" aria-label=\"Compartir en Whatsapp\" href='https:\/\/api.whatsapp.com\/send?text=https:\/\/radiorevelacionfm.cl\/?p=11393' aria-hidden='false' data-av_icon='\uf232' data-av_iconfont='entypo-fontello' title='' data-avia-related-tooltip='Compartir en Whatsapp' rel=\"noopener\"><span class='avia_hidden_link_text'>Compartir en Whatsapp<\/span><\/a><\/li><li class='av-share-link av-social-link-linkedin' ><a target=\"_blank\" aria-label=\"Compartir en LinkedIn\" href='https:\/\/linkedin.com\/shareArticle?mini=true&#038;title=%C3%9Altimo%20pago%20del%20IFE%20se%20traduce%20en%2014%20mil%20millones%20de%20pesos%20en%20trasferencias%20directas%20en%20la%20regi%C3%B3n%20de%20Ays%C3%A9n&#038;url=https:\/\/radiorevelacionfm.cl\/?p=11393' aria-hidden='false' data-av_icon='\ue8fc' data-av_iconfont='entypo-fontello' title='' data-avia-related-tooltip='Compartir en LinkedIn' rel=\"noopener\"><span class='avia_hidden_link_text'>Compartir en LinkedIn<\/span><\/a><\/li><li class='av-share-link av-social-link-mail' ><a  aria-label=\"Compartir por correo\" href='mailto:?subject=%C3%9Altimo%20pago%20del%20IFE%20se%20traduce%20en%2014%20mil%20millones%20de%20pesos%20en%20trasferencias%20directas%20en%20la%20regi%C3%B3n%20de%20Ays%C3%A9n&#038;body=https:\/\/radiorevelacionfm.cl\/?p=11393' aria-hidden='false' data-av_icon='\ue805' data-av_iconfont='entypo-fontello' title='' data-avia-related-tooltip='Compartir por correo'><span class='avia_hidden_link_text'>Compartir por correo<\/span><\/a><\/li><\/ul><\/div><\/div>\n<div  style='height:50px' class='hr hr-invisible   avia-builder-el-8  el_after_av_social_share  el_before_av_comments_list '><span class='hr-inner ' ><span class='hr-inner-style'><\/span><\/span><\/div>\n<div  class='av-buildercomment  av-blog-meta-html-info-disabled av-blog-meta-tag-disabled  '><\/div>\n","protected":false},"excerpt":{"rendered":"","protected":false},"author":1,"featured_media":11394,"comment_status":"open","ping_status":"open","sticky":false,"template":"","format":"standard","meta":{"footnotes":""},"categories":[38],"tags":[],"class_list":["post-11393","post","type-post","status-publish","format-standard","has-post-thumbnail","hentry","category-regional"],"jetpack_featured_media_url":"https:\/\/radiorevelacionfm.cl\/wp-content\/uploads\/2021\/11\/FOTO-2-9-1-1.jpg","_links":{"self":[{"href":"https:\/\/radiorevelacionfm.cl\/index.php?rest_route=\/wp\/v2\/posts\/11393","targetHints":{"allow":["GET"]}}],"collection":[{"href":"https:\/\/radiorevelacionfm.cl\/index.php?rest_route=\/wp\/v2\/posts"}],"about":[{"href":"https:\/\/radiorevelacionfm.cl\/index.php?rest_route=\/wp\/v2\/types\/post"}],"author":[{"embeddable":true,"href":"https:\/\/radiorevelacionfm.cl\/index.php?rest_route=\/wp\/v2\/users\/1"}],"replies":[{"embeddable":true,"href":"https:\/\/radiorevelacionfm.cl\/index.php?rest_route=%2Fwp%2Fv2%2Fcomments&post=11393"}],"version-history":[{"count":2,"href":"https:\/\/radiorevelacionfm.cl\/index.php?rest_route=\/wp\/v2\/posts\/11393\/revisions"}],"predecessor-version":[{"id":11400,"href":"https:\/\/radiorevelacionfm.cl\/index.php?rest_route=\/wp\/v2\/posts\/11393\/revisions\/11400"}],"wp:featuredmedia":[{"embeddable":true,"href":"https:\/\/radiorevelacionfm.cl\/index.php?rest_route=\/wp\/v2\/media\/11394"}],"wp:attachment":[{"href":"https:\/\/radiorevelacionfm.cl\/index.php?rest_route=%2Fwp%2Fv2%2Fmedia&parent=11393"}],"wp:term":[{"taxonomy":"category","embeddable":true,"href":"https:\/\/radiorevelacionfm.cl\/index.php?rest_route=%2Fwp%2Fv2%2Fcategories&post=11393"},{"taxonomy":"post_tag","embeddable":true,"href":"https:\/\/radiorevelacionfm.cl\/index.php?rest_route=%2Fwp%2Fv2%2Ftags&post=11393"}],"curies":[{"name":"wp","href":"https:\/\/api.w.org\/{rel}","templated":true}]}}