{"id":11390,"date":"2021-12-01T08:51:29","date_gmt":"2021-12-01T11:51:29","guid":{"rendered":"https:\/\/radiorevelacionfm.cl\/?p=11390"},"modified":"2021-12-01T09:12:11","modified_gmt":"2021-12-01T12:12:11","slug":"red-intersectorial-desarrollo-en-puerto-aysen-actividad-conmemorativa-por-la-erradicacion-la-violencia-contra-la-mujer","status":"publish","type":"post","link":"https:\/\/radiorevelacionfm.cl\/?p=11390","title":{"rendered":"Red intersectorial desarroll\u00f3 en Puerto Ays\u00e9n actividad conmemorativa por la erradicaci\u00f3n de la Violencia contra la Mujer"},"content":{"rendered":"<div class=\"flex_column av_one_full  flex_column_div av-zero-column-padding first  avia-builder-el-0  el_before_av_one_full  avia-builder-el-first  \" style='border-radius:0px; '><div  class='avia-image-container  av-styling-    avia-builder-el-1  avia-builder-el-no-sibling  avia-align-center '  itemprop=\"image\" itemscope=\"itemscope\" itemtype=\"https:\/\/schema.org\/ImageObject\"  ><div class='avia-image-container-inner'><div class='avia-image-overlay-wrap'><img decoding=\"async\" class='wp-image-11391 avia-img-lazy-loading-not-11391 avia_image' src=\"https:\/\/radiorevelacionfm.cl\/wp-content\/uploads\/2021\/11\/DIAmujer4-1-1.jpeg\" alt='' title='DIAmujer4 (1) (1)' height=\"600\" width=\"900\"  itemprop=\"thumbnailUrl\" srcset=\"https:\/\/radiorevelacionfm.cl\/wp-content\/uploads\/2021\/11\/DIAmujer4-1-1.jpeg 900w, https:\/\/radiorevelacionfm.cl\/wp-content\/uploads\/2021\/11\/DIAmujer4-1-1-300x200.jpeg 300w, https:\/\/radiorevelacionfm.cl\/wp-content\/uploads\/2021\/11\/DIAmujer4-1-1-768x512.jpeg 768w, https:\/\/radiorevelacionfm.cl\/wp-content\/uploads\/2021\/11\/DIAmujer4-1-1-705x470.jpeg 705w, https:\/\/radiorevelacionfm.cl\/wp-content\/uploads\/2021\/11\/DIAmujer4-1-1-600x400.jpeg 600w\" sizes=\"(max-width: 900px) 100vw, 900px\" \/><\/div><\/div><\/div><\/div>\n<div class=\"flex_column av_one_full  flex_column_div av-zero-column-padding first  avia-builder-el-2  el_after_av_one_full  el_before_av_one_full  column-top-margin\" style='border-radius:0px; '><section class=\"av_textblock_section \"  itemscope=\"itemscope\" itemtype=\"https:\/\/schema.org\/BlogPosting\" itemprop=\"blogPost\" ><div class='avia_textblock  '   itemprop=\"text\" ><p style=\"text-align: center;\"><strong><span style=\"font-size: 18pt;\">Red intersectorial desarroll\u00f3 en Puerto Ays\u00e9n actividad conmemorativa por la erradicaci\u00f3n de la Violencia contra la Mujer<\/span><\/strong><\/p>\n<div id=\"gtx-trans\" style=\"position: absolute; left: -50px; top: 4.31534px;\">\n<div class=\"gtx-trans-icon\"><\/div>\n<\/div>\n<\/div><\/section><\/div><div class=\"flex_column av_one_full  flex_column_div av-zero-column-padding first  avia-builder-el-4  el_after_av_one_full  el_before_av_hr  column-top-margin\" style='border-radius:0px; '><section class=\"av_textblock_section \"  itemscope=\"itemscope\" itemtype=\"https:\/\/schema.org\/BlogPosting\" itemprop=\"blogPost\" ><div class='avia_textblock  '   itemprop=\"text\" ><p style=\"text-align: justify;\">En el contexto de la conmemoraci\u00f3n del D\u00eda Internacional de Violencia contra la Mujer (VcM), la Ilustre Municipalidad de Ays\u00e9n como parte de la Mesa Intersectorial en VcM que agrupa a una veintena de instituciones despleg\u00f3 toda su log\u00edstica para formular con la coordinaci\u00f3n del Centro de la Mujer Naa Alver\u00e9 una actividad de concientizaci\u00f3n que cont\u00f3 con la participaci\u00f3n de diversos colaboradores en esta materia, destacando la presencia de la Familia Alcaino, impulsores de la Ley 21.212 conocida como \u201cLey Gabriela\u201d.<\/p>\n<p style=\"text-align: justify;\">En este sentido, la Secretaria Regional Ministerial de la Mujer y Equidad de G\u00e9nero, B\u00e1rbara Ort\u00fazar, destac\u00f3 que \u201cefectivamente tuvimos una jornada muy emotiva, tuvimos a la familia de Gabriela y hay que entender que este cambio sociocultural lo tenemos que hacer todos y todas en conjunto, si bien en el Ministerio trabajamos d\u00eda a d\u00eda en prevenci\u00f3n de violencia, haciendo campa\u00f1a en nuestros medios de orientaci\u00f3n y apoyo, es importante que todo como sociedad podamos prevenir la violencia. Como ministerio sabemos que es un flagelo que tenemos como sociedad y hacemos este trabajo diario y esperamos que no tengamos muchos m\u00e1s casos de violencia contra la mujer, este d\u00eda nos llama a trabajar en prevenci\u00f3n y contenta por esta participaci\u00f3n\u201d.<\/p>\n<p style=\"text-align: justify;\">En tanto, la encargada del Programa de Prevenci\u00f3n de Violencia contra la Mujer, Leslie Bruna Bustamante, enfatiz\u00f3 en el trabajo desarrollado de manera mancomunada por la Red Intersectorial y que cont\u00f3 con la participaci\u00f3n de los t\u00edos de Gabriela Alcaino. \u201cNo puede ser que sea un 25 de nov para crear una actividad, sino que son actividades que vamos desarrollando siempre e invitamos a la comunidad a que se haga participe\u201d explic\u00f3 Bruna Bustamante.<\/p>\n<p style=\"text-align: justify;\">Asimismo, la funcionaria municipal del Centro de la Mujer Naa Alver\u00e9, agreg\u00f3 que \u201cno hay que sentir verg\u00fcenza, sino que hay que empoderarse, llegar al liderazgo, sacar la voz y cambiar un poco este estigma con el cual nosotros siempre debemos estar lidiando que es la verg\u00fcenza y el pudor al momento de hablar de violencia. Sin duda el relato de la familia Alcaino nos cal\u00f3 muy profundo, estamos muy emocionados y muy felices a la vez de poder convocar a nuestros establecimientos educaciones con los cuales trabajamos; el colegio Sagrada Familia, Kalem, Santa Teresa, el Liceo Polit\u00e9cnico, el Liceo Ra\u00fal Broussain Campino, el Liceo San Jos\u00e9, todos los establecimientos de educaci\u00f3n media hoy en d\u00eda son nuestros principales aliados\u201d.<\/p>\n<p style=\"text-align: justify;\">Por su parte, Mar\u00eda Julia Araneda, expositora de la Ley Gabriela, relev\u00f3 su agradecimiento con la invitaci\u00f3n formulada \u201cqueremos sensibilizar y llegar a los corazones de cada uno para que tomen conciencia de la realidad que est\u00e1n viviendo las mujeres, que es muy grave y necesitamos que se comience a fomentar el amor, el respeto en las relaciones\u201d, abordando los distintos elementos que contribuyen con una actitud positiva en el contexto de relaciones de pareja.<\/p>\n<p style=\"text-align: justify;\">Finalmente, Rodrigo Alcaino, realiz\u00f3 un hincapi\u00e9 en promover una cultura de equidad y derechos para cada persona en un ambiente libre de violencia \u201clo m\u00e1s importante es no causar violencia porque eso nos quita la personalidad de ser humano y nosotros pasamos tan poco tiempo en este lugar que debi\u00e9ramos generar conciencia para que todos tengamos una vida feliz\u201d. Tras ser consultado respecto a los \u00edndices de violencia en la zona declar\u00f3 que \u201ces doloroso, las cifras son brutales, pero creo que podemos hacer la diferencia en un futuro cercano en la medida que exista educaci\u00f3n y prevenci\u00f3n\u201d, puntualiz\u00f3 el t\u00edo de Gabriela Alcaino.<\/p>\n<\/div><\/section><\/div><\/p>\n<div  style='height:50px' class='hr hr-invisible   avia-builder-el-6  el_after_av_one_full  el_before_av_social_share '><span class='hr-inner ' ><span class='hr-inner-style'><\/span><\/span><\/div>\n<div  class='av-social-sharing-box  avia-builder-el-7  el_after_av_hr  el_before_av_hr  '><div class='av-share-box'><h5 class='av-share-link-description av-no-toc '>Compartir esta noticia<\/h5><ul class='av-share-box-list noLightbox'><li class='av-share-link av-social-link-facebook' ><a target=\"_blank\" aria-label=\"Compartir en Facebook\" href='https:\/\/www.facebook.com\/sharer.php?u=https:\/\/radiorevelacionfm.cl\/?p=11390&#038;t=Red%20intersectorial%20desarroll%C3%B3%20en%20Puerto%20Ays%C3%A9n%20actividad%20conmemorativa%20por%20la%20erradicaci%C3%B3n%20de%20la%20Violencia%20contra%20la%20Mujer' aria-hidden='false' data-av_icon='\ue8f3' data-av_iconfont='entypo-fontello' title='' data-avia-related-tooltip='Compartir en Facebook' rel=\"noopener\"><span class='avia_hidden_link_text'>Compartir en Facebook<\/span><\/a><\/li><li class='av-share-link av-social-link-twitter' ><a target=\"_blank\" aria-label=\"Compartir en Twitter\" href='https:\/\/twitter.com\/share?text=Red%20intersectorial%20desarroll%C3%B3%20en%20Puerto%20Ays%C3%A9n%20actividad%20conmemorativa%20por%20la%20erradicaci%C3%B3n%20de%20la%20Violencia%20contra%20la%20Mujer&#038;url=https:\/\/radiorevelacionfm.cl\/?p=11390' aria-hidden='false' data-av_icon='\ue8f1' data-av_iconfont='entypo-fontello' title='' data-avia-related-tooltip='Compartir en Twitter' rel=\"noopener\"><span class='avia_hidden_link_text'>Compartir en Twitter<\/span><\/a><\/li><li class='av-share-link av-social-link-whatsapp' ><a target=\"_blank\" aria-label=\"Compartir en Whatsapp\" href='https:\/\/api.whatsapp.com\/send?text=https:\/\/radiorevelacionfm.cl\/?p=11390' aria-hidden='false' data-av_icon='\uf232' data-av_iconfont='entypo-fontello' title='' data-avia-related-tooltip='Compartir en Whatsapp' rel=\"noopener\"><span class='avia_hidden_link_text'>Compartir en Whatsapp<\/span><\/a><\/li><li class='av-share-link av-social-link-linkedin' ><a target=\"_blank\" aria-label=\"Compartir en LinkedIn\" href='https:\/\/linkedin.com\/shareArticle?mini=true&#038;title=Red%20intersectorial%20desarroll%C3%B3%20en%20Puerto%20Ays%C3%A9n%20actividad%20conmemorativa%20por%20la%20erradicaci%C3%B3n%20de%20la%20Violencia%20contra%20la%20Mujer&#038;url=https:\/\/radiorevelacionfm.cl\/?p=11390' aria-hidden='false' data-av_icon='\ue8fc' data-av_iconfont='entypo-fontello' title='' data-avia-related-tooltip='Compartir en LinkedIn' rel=\"noopener\"><span class='avia_hidden_link_text'>Compartir en LinkedIn<\/span><\/a><\/li><li class='av-share-link av-social-link-mail' ><a  aria-label=\"Compartir por correo\" href='mailto:?subject=Red%20intersectorial%20desarroll%C3%B3%20en%20Puerto%20Ays%C3%A9n%20actividad%20conmemorativa%20por%20la%20erradicaci%C3%B3n%20de%20la%20Violencia%20contra%20la%20Mujer&#038;body=https:\/\/radiorevelacionfm.cl\/?p=11390' aria-hidden='false' data-av_icon='\ue805' data-av_iconfont='entypo-fontello' title='' data-avia-related-tooltip='Compartir por correo'><span class='avia_hidden_link_text'>Compartir por correo<\/span><\/a><\/li><\/ul><\/div><\/div>\n<div  style='height:50px' class='hr hr-invisible   avia-builder-el-8  el_after_av_social_share  el_before_av_comments_list '><span class='hr-inner ' ><span class='hr-inner-style'><\/span><\/span><\/div>\n<div  class='av-buildercomment  av-blog-meta-html-info-disabled av-blog-meta-tag-disabled  '><\/div>\n","protected":false},"excerpt":{"rendered":"","protected":false},"author":1,"featured_media":11391,"comment_status":"open","ping_status":"open","sticky":false,"template":"","format":"standard","meta":{"footnotes":""},"categories":[38],"tags":[],"class_list":["post-11390","post","type-post","status-publish","format-standard","has-post-thumbnail","hentry","category-regional"],"jetpack_featured_media_url":"https:\/\/radiorevelacionfm.cl\/wp-content\/uploads\/2021\/11\/DIAmujer4-1-1.jpeg","_links":{"self":[{"href":"https:\/\/radiorevelacionfm.cl\/index.php?rest_route=\/wp\/v2\/posts\/11390","targetHints":{"allow":["GET"]}}],"collection":[{"href":"https:\/\/radiorevelacionfm.cl\/index.php?rest_route=\/wp\/v2\/posts"}],"about":[{"href":"https:\/\/radiorevelacionfm.cl\/index.php?rest_route=\/wp\/v2\/types\/post"}],"author":[{"embeddable":true,"href":"https:\/\/radiorevelacionfm.cl\/index.php?rest_route=\/wp\/v2\/users\/1"}],"replies":[{"embeddable":true,"href":"https:\/\/radiorevelacionfm.cl\/index.php?rest_route=%2Fwp%2Fv2%2Fcomments&post=11390"}],"version-history":[{"count":3,"href":"https:\/\/radiorevelacionfm.cl\/index.php?rest_route=\/wp\/v2\/posts\/11390\/revisions"}],"predecessor-version":[{"id":11419,"href":"https:\/\/radiorevelacionfm.cl\/index.php?rest_route=\/wp\/v2\/posts\/11390\/revisions\/11419"}],"wp:featuredmedia":[{"embeddable":true,"href":"https:\/\/radiorevelacionfm.cl\/index.php?rest_route=\/wp\/v2\/media\/11391"}],"wp:attachment":[{"href":"https:\/\/radiorevelacionfm.cl\/index.php?rest_route=%2Fwp%2Fv2%2Fmedia&parent=11390"}],"wp:term":[{"taxonomy":"category","embeddable":true,"href":"https:\/\/radiorevelacionfm.cl\/index.php?rest_route=%2Fwp%2Fv2%2Fcategories&post=11390"},{"taxonomy":"post_tag","embeddable":true,"href":"https:\/\/radiorevelacionfm.cl\/index.php?rest_route=%2Fwp%2Fv2%2Ftags&post=11390"}],"curies":[{"name":"wp","href":"https:\/\/api.w.org\/{rel}","templated":true}]}}