{"id":11384,"date":"2021-11-30T21:34:48","date_gmt":"2021-12-01T00:34:48","guid":{"rendered":"https:\/\/radiorevelacionfm.cl\/?p=11384"},"modified":"2021-11-30T21:34:48","modified_gmt":"2021-12-01T00:34:48","slug":"senadora-ordenes-y-construccion-de-nueva-barcaza-es-hora-de-escuchar-a-la-gente","status":"publish","type":"post","link":"https:\/\/radiorevelacionfm.cl\/?p=11384","title":{"rendered":"Senadora \u00d3rdenes y construcci\u00f3n de nueva barcaza: \u201cEs hora de escuchar a la gente\u201d"},"content":{"rendered":"<div class=\"flex_column av_one_full  flex_column_div av-zero-column-padding first  avia-builder-el-0  el_before_av_one_full  avia-builder-el-first  \" style='border-radius:0px; '><div  class='avia-image-container  av-styling-    avia-builder-el-1  avia-builder-el-no-sibling  avia-align-center '  itemprop=\"image\" itemscope=\"itemscope\" itemtype=\"https:\/\/schema.org\/ImageObject\"  ><div class='avia-image-container-inner'><div class='avia-image-overlay-wrap'><img decoding=\"async\" class='wp-image-11385 avia-img-lazy-loading-not-11385 avia_image' src=\"https:\/\/radiorevelacionfm.cl\/wp-content\/uploads\/2021\/11\/Foto-02-1-1.jpeg\" alt='' title='Foto 02 (1) (1)' height=\"600\" width=\"899\"  itemprop=\"thumbnailUrl\" srcset=\"https:\/\/radiorevelacionfm.cl\/wp-content\/uploads\/2021\/11\/Foto-02-1-1.jpeg 899w, https:\/\/radiorevelacionfm.cl\/wp-content\/uploads\/2021\/11\/Foto-02-1-1-300x200.jpeg 300w, https:\/\/radiorevelacionfm.cl\/wp-content\/uploads\/2021\/11\/Foto-02-1-1-768x513.jpeg 768w, https:\/\/radiorevelacionfm.cl\/wp-content\/uploads\/2021\/11\/Foto-02-1-1-705x471.jpeg 705w, https:\/\/radiorevelacionfm.cl\/wp-content\/uploads\/2021\/11\/Foto-02-1-1-600x400.jpeg 600w\" sizes=\"(max-width: 899px) 100vw, 899px\" \/><\/div><\/div><\/div><\/div><div class=\"flex_column av_one_full  flex_column_div av-zero-column-padding first  avia-builder-el-2  el_after_av_one_full  el_before_av_one_full  column-top-margin\" style='border-radius:0px; '><section class=\"av_textblock_section \"  itemscope=\"itemscope\" itemtype=\"https:\/\/schema.org\/BlogPosting\" itemprop=\"blogPost\" ><div class='avia_textblock  '   itemprop=\"text\" ><p style=\"text-align: center;\"><strong><span style=\"font-size: 18pt;\">Senadora \u00d3rdenes y construcci\u00f3n de nueva barcaza: \u201cEs hora de escuchar a la gente\u201d<\/span><\/strong><\/p>\n<div id=\"gtx-trans\" style=\"position: absolute; left: -50px; top: 4.31534px;\">\n<div class=\"gtx-trans-icon\"><\/div>\n<\/div>\n<\/div><\/section><\/div><div class=\"flex_column av_one_full  flex_column_div av-zero-column-padding first  avia-builder-el-4  el_after_av_one_full  el_before_av_hr  column-top-margin\" style='border-radius:0px; '><section class=\"av_textblock_section \"  itemscope=\"itemscope\" itemtype=\"https:\/\/schema.org\/BlogPosting\" itemprop=\"blogPost\" ><div class='avia_textblock  '   itemprop=\"text\" ><p style=\"font-weight: 400; text-align: justify;\">La parlamentaria desliz\u00f3 una fuerte critica a las autoridades locales, a quienes acus\u00f3 de \u201cestar obsesionados\u201d con la construcci\u00f3n de una barcaza que no responde a las necesidades de las y los vecinos de la zona lacustre. \u201cLos problemas de conectividad de Chile Chico necesita de la participaci\u00f3n de todos y no hacerlas de espalda a la ciudadan\u00eda\u201d, sostuvo.<\/p>\n<p style=\"font-weight: 400; text-align: justify;\">La senadora Ximena \u00d3rdenes Neira contin\u00faa realizando gestiones con autoridades a nivel nacional, para que la ansiada barcaza para la zona lacustre de Lago General Carrera cumpla con las demandas actuales de las y los vecinos. Por esta raz\u00f3n, se reuni\u00f3 la semana pasada con el Director Nacional de Obras Portuarias, Iv\u00e1n Guti\u00e9rrez, para ver mecanismos que permitan un redise\u00f1o de la oferta hecha por las autoridades a la comunidad. Si bien valor\u00f3 la disposici\u00f3n del director, la parlamentaria apunt\u00f3 a las autoridades regionales para que \u201csean m\u00e1s flexibles\u201d y tomar las medidas correctas para contar con el medio de transporte que las y los vecinos requieren.<\/p>\n<p style=\"font-weight: 400; text-align: justify;\">\u201cSe pretende construir una nave con una capacidad de traslado de 128 pasajeros. Es decir, una soluci\u00f3n que no da el ancho para la demanda de la zona. La conectividad es fundamental, no solo para las y los vecinos, sino tambi\u00e9n la industria del turismo. Por eso es necesaria una respuesta acorde al siglo XXI y no estar pensando en respuestas que antes de su construcci\u00f3n ya est\u00e1n obsoletas\u201d, indic\u00f3 la senadora \u00d3rdenes.<\/p>\n<p style=\"font-weight: 400; text-align: justify;\">La parlamentaria por la regi\u00f3n de Ays\u00e9n insisti\u00f3 en la necesidad de \u201cconversar con las y los vecinos de la zona. Ellos tienen claridad, certeza y conocimiento de lo que necesitan para no volver a vivir los problemas de conectividad. Sin embargo, las autoridades insisten en avanzar de espalda a la ciudadan\u00eda, imponer una soluci\u00f3n que no responder\u00e1 a la demanda existente, porque es una soluci\u00f3n absolutamente desconectada de la realidad que se vive en la zona lacustre\u201d.<\/p>\n<p style=\"font-weight: 400; text-align: justify;\">Finalmente, la senadora Ximena \u00d3rdenes Neira adelant\u00f3 que seguir\u00e1 realizando las gestiones con las autoridades competentes para que la barcaza en Chile Chico sea una soluci\u00f3n real. \u201cHe conversado con la comunidad, escuchado a las y los vecinos, y hay certeza de lo que necesita y no es una barcaza de menor capacidad que La Tehuelche. Por esta raz\u00f3n, continuar\u00e9 con las conversaciones para que contemos con una soluci\u00f3n adecuada, de cara a la ciudadan\u00eda\u201d, puntualiz\u00f3.<\/p>\n<\/div><\/section><\/div><div  style='height:50px' class='hr hr-invisible   avia-builder-el-6  el_after_av_one_full  el_before_av_social_share '><span class='hr-inner ' ><span class='hr-inner-style'><\/span><\/span><\/div><\/p>\n<div  class='av-social-sharing-box  avia-builder-el-7  el_after_av_hr  el_before_av_hr  '><div class='av-share-box'><h5 class='av-share-link-description av-no-toc '>Compartir esta noticia<\/h5><ul class='av-share-box-list noLightbox'><li class='av-share-link av-social-link-facebook' ><a target=\"_blank\" aria-label=\"Compartir en Facebook\" href='https:\/\/www.facebook.com\/sharer.php?u=https:\/\/radiorevelacionfm.cl\/?p=11384&#038;t=Senadora%20%C3%93rdenes%20y%20construcci%C3%B3n%20de%20nueva%20barcaza%3A%20%E2%80%9CEs%20hora%20de%20escuchar%20a%20la%20gente%E2%80%9D' aria-hidden='false' data-av_icon='\ue8f3' data-av_iconfont='entypo-fontello' title='' data-avia-related-tooltip='Compartir en Facebook' rel=\"noopener\"><span class='avia_hidden_link_text'>Compartir en Facebook<\/span><\/a><\/li><li class='av-share-link av-social-link-twitter' ><a target=\"_blank\" aria-label=\"Compartir en Twitter\" href='https:\/\/twitter.com\/share?text=Senadora%20%C3%93rdenes%20y%20construcci%C3%B3n%20de%20nueva%20barcaza%3A%20%E2%80%9CEs%20hora%20de%20escuchar%20a%20la%20gente%E2%80%9D&#038;url=https:\/\/radiorevelacionfm.cl\/?p=11384' aria-hidden='false' data-av_icon='\ue8f1' data-av_iconfont='entypo-fontello' title='' data-avia-related-tooltip='Compartir en Twitter' rel=\"noopener\"><span class='avia_hidden_link_text'>Compartir en Twitter<\/span><\/a><\/li><li class='av-share-link av-social-link-whatsapp' ><a target=\"_blank\" aria-label=\"Compartir en Whatsapp\" href='https:\/\/api.whatsapp.com\/send?text=https:\/\/radiorevelacionfm.cl\/?p=11384' aria-hidden='false' data-av_icon='\uf232' data-av_iconfont='entypo-fontello' title='' data-avia-related-tooltip='Compartir en Whatsapp' rel=\"noopener\"><span class='avia_hidden_link_text'>Compartir en Whatsapp<\/span><\/a><\/li><li class='av-share-link av-social-link-linkedin' ><a target=\"_blank\" aria-label=\"Compartir en LinkedIn\" href='https:\/\/linkedin.com\/shareArticle?mini=true&#038;title=Senadora%20%C3%93rdenes%20y%20construcci%C3%B3n%20de%20nueva%20barcaza%3A%20%E2%80%9CEs%20hora%20de%20escuchar%20a%20la%20gente%E2%80%9D&#038;url=https:\/\/radiorevelacionfm.cl\/?p=11384' aria-hidden='false' data-av_icon='\ue8fc' data-av_iconfont='entypo-fontello' title='' data-avia-related-tooltip='Compartir en LinkedIn' rel=\"noopener\"><span class='avia_hidden_link_text'>Compartir en LinkedIn<\/span><\/a><\/li><li class='av-share-link av-social-link-mail' ><a  aria-label=\"Compartir por correo\" href='mailto:?subject=Senadora%20%C3%93rdenes%20y%20construcci%C3%B3n%20de%20nueva%20barcaza%3A%20%E2%80%9CEs%20hora%20de%20escuchar%20a%20la%20gente%E2%80%9D&#038;body=https:\/\/radiorevelacionfm.cl\/?p=11384' aria-hidden='false' data-av_icon='\ue805' data-av_iconfont='entypo-fontello' title='' data-avia-related-tooltip='Compartir por correo'><span class='avia_hidden_link_text'>Compartir por correo<\/span><\/a><\/li><\/ul><\/div><\/div>\n<div  style='height:50px' class='hr hr-invisible   avia-builder-el-8  el_after_av_social_share  el_before_av_comments_list '><span class='hr-inner ' ><span class='hr-inner-style'><\/span><\/span><\/div>\n<div  class='av-buildercomment  av-blog-meta-html-info-disabled av-blog-meta-tag-disabled  '><\/div>\n","protected":false},"excerpt":{"rendered":"","protected":false},"author":1,"featured_media":11385,"comment_status":"open","ping_status":"open","sticky":false,"template":"","format":"standard","meta":{"footnotes":""},"categories":[35],"tags":[],"class_list":["post-11384","post","type-post","status-publish","format-standard","has-post-thumbnail","hentry","category-politica"],"jetpack_featured_media_url":"https:\/\/radiorevelacionfm.cl\/wp-content\/uploads\/2021\/11\/Foto-02-1-1.jpeg","_links":{"self":[{"href":"https:\/\/radiorevelacionfm.cl\/index.php?rest_route=\/wp\/v2\/posts\/11384","targetHints":{"allow":["GET"]}}],"collection":[{"href":"https:\/\/radiorevelacionfm.cl\/index.php?rest_route=\/wp\/v2\/posts"}],"about":[{"href":"https:\/\/radiorevelacionfm.cl\/index.php?rest_route=\/wp\/v2\/types\/post"}],"author":[{"embeddable":true,"href":"https:\/\/radiorevelacionfm.cl\/index.php?rest_route=\/wp\/v2\/users\/1"}],"replies":[{"embeddable":true,"href":"https:\/\/radiorevelacionfm.cl\/index.php?rest_route=%2Fwp%2Fv2%2Fcomments&post=11384"}],"version-history":[{"count":2,"href":"https:\/\/radiorevelacionfm.cl\/index.php?rest_route=\/wp\/v2\/posts\/11384\/revisions"}],"predecessor-version":[{"id":11387,"href":"https:\/\/radiorevelacionfm.cl\/index.php?rest_route=\/wp\/v2\/posts\/11384\/revisions\/11387"}],"wp:featuredmedia":[{"embeddable":true,"href":"https:\/\/radiorevelacionfm.cl\/index.php?rest_route=\/wp\/v2\/media\/11385"}],"wp:attachment":[{"href":"https:\/\/radiorevelacionfm.cl\/index.php?rest_route=%2Fwp%2Fv2%2Fmedia&parent=11384"}],"wp:term":[{"taxonomy":"category","embeddable":true,"href":"https:\/\/radiorevelacionfm.cl\/index.php?rest_route=%2Fwp%2Fv2%2Fcategories&post=11384"},{"taxonomy":"post_tag","embeddable":true,"href":"https:\/\/radiorevelacionfm.cl\/index.php?rest_route=%2Fwp%2Fv2%2Ftags&post=11384"}],"curies":[{"name":"wp","href":"https:\/\/api.w.org\/{rel}","templated":true}]}}