{"id":11380,"date":"2021-11-30T21:22:12","date_gmt":"2021-12-01T00:22:12","guid":{"rendered":"https:\/\/radiorevelacionfm.cl\/?p=11380"},"modified":"2021-11-30T21:22:12","modified_gmt":"2021-12-01T00:22:12","slug":"proyecto-permitira-diagnosticar-a-miembros-de-asociacion-de-asperger-patagonia-y-realizar-campana-de-difusion","status":"publish","type":"post","link":"https:\/\/radiorevelacionfm.cl\/?p=11380","title":{"rendered":"Proyecto permitir\u00e1 diagnosticar a miembros de Asociaci\u00f3n de Asperger Patagonia y realizar campa\u00f1a de difusi\u00f3n"},"content":{"rendered":"<div class=\"flex_column av_one_full  flex_column_div av-zero-column-padding first  avia-builder-el-0  el_before_av_one_full  avia-builder-el-first  \" style='border-radius:0px; '><div  class='avia-image-container  av-styling-    avia-builder-el-1  avia-builder-el-no-sibling  avia-align-center '  itemprop=\"image\" itemscope=\"itemscope\" itemtype=\"https:\/\/schema.org\/ImageObject\"  ><div class='avia-image-container-inner'><div class='avia-image-overlay-wrap'><img decoding=\"async\" class='wp-image-11381 avia-img-lazy-loading-not-11381 avia_image' src=\"https:\/\/radiorevelacionfm.cl\/wp-content\/uploads\/2021\/11\/2AA-1-1.jpeg\" alt='' title='2AA (1) (1)' height=\"600\" width=\"800\"  itemprop=\"thumbnailUrl\" srcset=\"https:\/\/radiorevelacionfm.cl\/wp-content\/uploads\/2021\/11\/2AA-1-1.jpeg 800w, https:\/\/radiorevelacionfm.cl\/wp-content\/uploads\/2021\/11\/2AA-1-1-300x225.jpeg 300w, https:\/\/radiorevelacionfm.cl\/wp-content\/uploads\/2021\/11\/2AA-1-1-768x576.jpeg 768w, https:\/\/radiorevelacionfm.cl\/wp-content\/uploads\/2021\/11\/2AA-1-1-705x529.jpeg 705w, https:\/\/radiorevelacionfm.cl\/wp-content\/uploads\/2021\/11\/2AA-1-1-600x450.jpeg 600w\" sizes=\"(max-width: 800px) 100vw, 800px\" \/><\/div><\/div><\/div><\/div><div class=\"flex_column av_one_full  flex_column_div av-zero-column-padding first  avia-builder-el-2  el_after_av_one_full  el_before_av_one_full  column-top-margin\" style='border-radius:0px; '><section class=\"av_textblock_section \"  itemscope=\"itemscope\" itemtype=\"https:\/\/schema.org\/BlogPosting\" itemprop=\"blogPost\" ><div class='avia_textblock  '   itemprop=\"text\" ><p style=\"text-align: center;\"><span style=\"font-size: 18pt;\"><strong>Proyecto permitir\u00e1 diagnosticar a miembros de Asociaci\u00f3n de Asperger Patagonia y realizar campa\u00f1a de difusi\u00f3n<\/strong><\/span><\/p>\n<div id=\"gtx-trans\" style=\"position: absolute; left: -50px; top: 4.31534px;\">\n<div class=\"gtx-trans-icon\"><\/div>\n<\/div>\n<\/div><\/section><\/div><div class=\"flex_column av_one_full  flex_column_div av-zero-column-padding first  avia-builder-el-4  el_after_av_one_full  el_before_av_hr  column-top-margin\" style='border-radius:0px; '><section class=\"av_textblock_section \"  itemscope=\"itemscope\" itemtype=\"https:\/\/schema.org\/BlogPosting\" itemprop=\"blogPost\" ><div class='avia_textblock  '   itemprop=\"text\" ><p style=\"text-align: justify;\">El proyecto denominado \u00abCrecimiento interno y externo de la organizaci\u00f3n\u00bb es ejecutado por la Uni\u00f3n Comunal de la Discapacidad entre Mate y Esperanza en apoyo de la Asociaci\u00f3n de Asperger Patagonia y cuenta con el financiamiento del programa Acci\u00f3n Autogestionado del Fondo de Solidaridad e Inversi\u00f3n Social, FOSIS, junto al apoyo del Centro de Rehabilitaci\u00f3n del Club de Leones Coyhaique.<\/p>\n<p style=\"text-align: justify;\">Roberto Haro, Presidente de la Asociaci\u00f3n de Asperger Patagonia, destac\u00f3 que este proyecto es \u201cun tremendo paso, ya que tenemos usuarios de nuestra agrupaci\u00f3n, de m\u00e1s de cuarenta a\u00f1os de edad, que nunca han tenido el diagn\u00f3stico a trav\u00e9s del test de ADOS. Este instrumento nos muestra resultados en lo social, comunicacional y el lenguaje. La relevancia de esto es que personas puedan tener un diagn\u00f3stico claro, lo que nos va a permitir saber cu\u00e1les son las verdaderas necesidades que tienen nuestros asociados. Gracias a estos recursos tambi\u00e9n realizaremos una campa\u00f1a comunicacional educativa con letreros para locales comerciales, donde podamos visibilizar que no s\u00f3lo existe la discapacidad f\u00edsica, sino que tambi\u00e9n existe la discapacidad intelectual\u201d.<\/p>\n<p style=\"text-align: justify;\">La Directora Regional del FOSIS en Ays\u00e9n, Dominique Br\u00e4utigam, asegur\u00f3 que \u201cqueremos agradecer a la Uni\u00f3n Comunal Mate y Esperanza, que se sum\u00f3 en un trabajo colaborativo junto a la Asociaci\u00f3n de Asperger Patagonia para diagnosticar a personas de acuerdo con su nivel de Trastorno del Espectro Autista, para poder derivar y gestionar el tratamiento. Esta iniciativa es financiada por el programa Acci\u00f3n Autogestionado para fortalecer el trabajo comunitario local y que en esta oportunidad se enfoc\u00f3 en este tema de salud, una debilidad que tenemos a nivel regional, pero que gracias a la perseverancia de los padre, apoderados y de la agrupaci\u00f3n, hoy tenemos importante resultados y sabemos que esta iniciativa va a entregar herramientas fundamentales para poder abordar y trabajar de manera colaborativa con todo el sector salud de la regi\u00f3n de Ays\u00e9n\u201d.<\/p>\n<p style=\"text-align: justify;\">Ra\u00fal Rudolphi, Consejero Regional, mencion\u00f3 que \u201cuno de los temas que est\u00e1 invisibilizado por la sociedad son los Trastornos del Espectro Autista. Al interior del Consejo Regional hemos hecho esfuerzos, pero tal vez no han sido lo suficientemente intensos, para tratar de sacar iniciativas como programas. Hoy vemos este esfuerzo del FOSIS que trae recursos para hacer una evaluaci\u00f3n, que es el primer diagn\u00f3stico, la etapa inicial, pero detr\u00e1s de eso tiene que estar el soporte de la instituci\u00f3n, en este caso del Ministerio de Salud, del Servicio de Salud para acoger a j\u00f3venes y adultos, acompa\u00f1\u00e1ndolos toda la vida\u201d.<\/p>\n<p style=\"text-align: justify;\">El programa Acci\u00f3n Autogestionado busca contribuir al bienestar de una comunidad, financiando proyectos de organizaciones sociales para, desde la autogesti\u00f3n de los recursos, lograr soluciones a problemas sociales o de vulnerabilidad, contando con asesor\u00eda y acompa\u00f1amiento para la ejecuci\u00f3n de la iniciativa.<\/p>\n<\/div><\/section><\/div><div  style='height:50px' class='hr hr-invisible   avia-builder-el-6  el_after_av_one_full  el_before_av_social_share '><span class='hr-inner ' ><span class='hr-inner-style'><\/span><\/span><\/div><\/p>\n<div  class='av-social-sharing-box  avia-builder-el-7  el_after_av_hr  el_before_av_hr  '><div class='av-share-box'><h5 class='av-share-link-description av-no-toc '>Compartir esta noticia<\/h5><ul class='av-share-box-list noLightbox'><li class='av-share-link av-social-link-facebook' ><a target=\"_blank\" aria-label=\"Compartir en Facebook\" href='https:\/\/www.facebook.com\/sharer.php?u=https:\/\/radiorevelacionfm.cl\/?p=11380&#038;t=Proyecto%20permitir%C3%A1%20diagnosticar%20a%20miembros%20de%20Asociaci%C3%B3n%20de%20Asperger%20Patagonia%20y%20realizar%20campa%C3%B1a%20de%20difusi%C3%B3n' aria-hidden='false' data-av_icon='\ue8f3' data-av_iconfont='entypo-fontello' title='' data-avia-related-tooltip='Compartir en Facebook' rel=\"noopener\"><span class='avia_hidden_link_text'>Compartir en Facebook<\/span><\/a><\/li><li class='av-share-link av-social-link-twitter' ><a target=\"_blank\" aria-label=\"Compartir en Twitter\" href='https:\/\/twitter.com\/share?text=Proyecto%20permitir%C3%A1%20diagnosticar%20a%20miembros%20de%20Asociaci%C3%B3n%20de%20Asperger%20Patagonia%20y%20realizar%20campa%C3%B1a%20de%20difusi%C3%B3n&#038;url=https:\/\/radiorevelacionfm.cl\/?p=11380' aria-hidden='false' data-av_icon='\ue8f1' data-av_iconfont='entypo-fontello' title='' data-avia-related-tooltip='Compartir en Twitter' rel=\"noopener\"><span class='avia_hidden_link_text'>Compartir en Twitter<\/span><\/a><\/li><li class='av-share-link av-social-link-whatsapp' ><a target=\"_blank\" aria-label=\"Compartir en Whatsapp\" href='https:\/\/api.whatsapp.com\/send?text=https:\/\/radiorevelacionfm.cl\/?p=11380' aria-hidden='false' data-av_icon='\uf232' data-av_iconfont='entypo-fontello' title='' data-avia-related-tooltip='Compartir en Whatsapp' rel=\"noopener\"><span class='avia_hidden_link_text'>Compartir en Whatsapp<\/span><\/a><\/li><li class='av-share-link av-social-link-linkedin' ><a target=\"_blank\" aria-label=\"Compartir en LinkedIn\" href='https:\/\/linkedin.com\/shareArticle?mini=true&#038;title=Proyecto%20permitir%C3%A1%20diagnosticar%20a%20miembros%20de%20Asociaci%C3%B3n%20de%20Asperger%20Patagonia%20y%20realizar%20campa%C3%B1a%20de%20difusi%C3%B3n&#038;url=https:\/\/radiorevelacionfm.cl\/?p=11380' aria-hidden='false' data-av_icon='\ue8fc' data-av_iconfont='entypo-fontello' title='' data-avia-related-tooltip='Compartir en LinkedIn' rel=\"noopener\"><span class='avia_hidden_link_text'>Compartir en LinkedIn<\/span><\/a><\/li><li class='av-share-link av-social-link-mail' ><a  aria-label=\"Compartir por correo\" href='mailto:?subject=Proyecto%20permitir%C3%A1%20diagnosticar%20a%20miembros%20de%20Asociaci%C3%B3n%20de%20Asperger%20Patagonia%20y%20realizar%20campa%C3%B1a%20de%20difusi%C3%B3n&#038;body=https:\/\/radiorevelacionfm.cl\/?p=11380' aria-hidden='false' data-av_icon='\ue805' data-av_iconfont='entypo-fontello' title='' data-avia-related-tooltip='Compartir por correo'><span class='avia_hidden_link_text'>Compartir por correo<\/span><\/a><\/li><\/ul><\/div><\/div>\n<div  style='height:50px' class='hr hr-invisible   avia-builder-el-8  el_after_av_social_share  el_before_av_comments_list '><span class='hr-inner ' ><span class='hr-inner-style'><\/span><\/span><\/div>\n<div  class='av-buildercomment  av-blog-meta-html-info-disabled av-blog-meta-tag-disabled  '><\/div>\n","protected":false},"excerpt":{"rendered":"","protected":false},"author":1,"featured_media":11381,"comment_status":"open","ping_status":"open","sticky":false,"template":"","format":"standard","meta":{"footnotes":""},"categories":[38],"tags":[],"class_list":["post-11380","post","type-post","status-publish","format-standard","has-post-thumbnail","hentry","category-regional"],"jetpack_featured_media_url":"https:\/\/radiorevelacionfm.cl\/wp-content\/uploads\/2021\/11\/2AA-1-1.jpeg","_links":{"self":[{"href":"https:\/\/radiorevelacionfm.cl\/index.php?rest_route=\/wp\/v2\/posts\/11380","targetHints":{"allow":["GET"]}}],"collection":[{"href":"https:\/\/radiorevelacionfm.cl\/index.php?rest_route=\/wp\/v2\/posts"}],"about":[{"href":"https:\/\/radiorevelacionfm.cl\/index.php?rest_route=\/wp\/v2\/types\/post"}],"author":[{"embeddable":true,"href":"https:\/\/radiorevelacionfm.cl\/index.php?rest_route=\/wp\/v2\/users\/1"}],"replies":[{"embeddable":true,"href":"https:\/\/radiorevelacionfm.cl\/index.php?rest_route=%2Fwp%2Fv2%2Fcomments&post=11380"}],"version-history":[{"count":2,"href":"https:\/\/radiorevelacionfm.cl\/index.php?rest_route=\/wp\/v2\/posts\/11380\/revisions"}],"predecessor-version":[{"id":11383,"href":"https:\/\/radiorevelacionfm.cl\/index.php?rest_route=\/wp\/v2\/posts\/11380\/revisions\/11383"}],"wp:featuredmedia":[{"embeddable":true,"href":"https:\/\/radiorevelacionfm.cl\/index.php?rest_route=\/wp\/v2\/media\/11381"}],"wp:attachment":[{"href":"https:\/\/radiorevelacionfm.cl\/index.php?rest_route=%2Fwp%2Fv2%2Fmedia&parent=11380"}],"wp:term":[{"taxonomy":"category","embeddable":true,"href":"https:\/\/radiorevelacionfm.cl\/index.php?rest_route=%2Fwp%2Fv2%2Fcategories&post=11380"},{"taxonomy":"post_tag","embeddable":true,"href":"https:\/\/radiorevelacionfm.cl\/index.php?rest_route=%2Fwp%2Fv2%2Ftags&post=11380"}],"curies":[{"name":"wp","href":"https:\/\/api.w.org\/{rel}","templated":true}]}}