{"id":11372,"date":"2021-11-30T15:58:52","date_gmt":"2021-11-30T18:58:52","guid":{"rendered":"https:\/\/radiorevelacionfm.cl\/?p=11372"},"modified":"2021-11-30T15:58:52","modified_gmt":"2021-11-30T18:58:52","slug":"ponen-en-funcionamiento-plataforma-de-monitoreo-en-el-glaciar-calluqueo","status":"publish","type":"post","link":"https:\/\/radiorevelacionfm.cl\/?p=11372","title":{"rendered":"Ponen en funcionamiento plataforma de monitoreo en el Glaciar Calluqueo"},"content":{"rendered":"<div class=\"flex_column av_one_full  flex_column_div av-zero-column-padding first  avia-builder-el-0  el_before_av_one_full  avia-builder-el-first  \" style='border-radius:0px; '><div  class='avia-image-container  av-styling-    avia-builder-el-1  avia-builder-el-no-sibling  avia-align-center '  itemprop=\"image\" itemscope=\"itemscope\" itemtype=\"https:\/\/schema.org\/ImageObject\"  ><div class='avia-image-container-inner'><div class='avia-image-overlay-wrap'><img decoding=\"async\" class='wp-image-11373 avia-img-lazy-loading-not-11373 avia_image' src=\"https:\/\/radiorevelacionfm.cl\/wp-content\/uploads\/2021\/11\/Glaciar-Calluqueo-1-1.jpg\" alt='' title='Glaciar Calluqueo (1) (1)' height=\"600\" width=\"802\"  itemprop=\"thumbnailUrl\" srcset=\"https:\/\/radiorevelacionfm.cl\/wp-content\/uploads\/2021\/11\/Glaciar-Calluqueo-1-1.jpg 802w, https:\/\/radiorevelacionfm.cl\/wp-content\/uploads\/2021\/11\/Glaciar-Calluqueo-1-1-300x224.jpg 300w, https:\/\/radiorevelacionfm.cl\/wp-content\/uploads\/2021\/11\/Glaciar-Calluqueo-1-1-768x575.jpg 768w, https:\/\/radiorevelacionfm.cl\/wp-content\/uploads\/2021\/11\/Glaciar-Calluqueo-1-1-705x527.jpg 705w, https:\/\/radiorevelacionfm.cl\/wp-content\/uploads\/2021\/11\/Glaciar-Calluqueo-1-1-600x449.jpg 600w\" sizes=\"(max-width: 802px) 100vw, 802px\" \/><\/div><\/div><\/div><\/div><div class=\"flex_column av_one_full  flex_column_div av-zero-column-padding first  avia-builder-el-2  el_after_av_one_full  el_before_av_one_full  column-top-margin\" style='border-radius:0px; '><section class=\"av_textblock_section \"  itemscope=\"itemscope\" itemtype=\"https:\/\/schema.org\/BlogPosting\" itemprop=\"blogPost\" ><div class='avia_textblock  '   itemprop=\"text\" ><p style=\"text-align: center;\"><strong><span style=\"font-size: 18pt;\">Ponen en funcionamiento plataforma de monitoreo en el Glaciar Calluqueo<\/span><\/strong><\/p>\n<div id=\"gtx-trans\" style=\"position: absolute; left: -50px; top: 4.31534px;\">\n<div class=\"gtx-trans-icon\"><\/div>\n<\/div>\n<\/div><\/section><\/div><div class=\"flex_column av_one_full  flex_column_div av-zero-column-padding first  avia-builder-el-4  el_after_av_one_full  el_before_av_hr  column-top-margin\" style='border-radius:0px; '><section class=\"av_textblock_section \"  itemscope=\"itemscope\" itemtype=\"https:\/\/schema.org\/BlogPosting\" itemprop=\"blogPost\" ><div class='avia_textblock  '   itemprop=\"text\" ><p style=\"text-align: justify;\">El Secretario Regional Ministerial de Obras P\u00fablicas, N\u00e9stor Mera Mu\u00f1oz, inform\u00f3 que un equipo compuesto por el Jefe de la Unidad de Glaciolog\u00eda y Nieves de la Direcci\u00f3n de Aguas\u00a0 (DGA) del MOP en la regi\u00f3n de Ays\u00e9n, Jorge O\u2019Kuinghttons Villena, junto al Delegado Presidencial de la Provincia Capit\u00e1n Prat\u00a0 Gustavo M\u00e1rquez Cadag\u00e1n y al contratista\u00a0 Pascual D\u00edaz Georgia, viajaron recientemente hasta el glaciar Calluqueo, ubicado en la comuna de Cochrane, para recepcionar y \u00a0poner en funcionamiento una nueva Plataforma de Observaci\u00f3n que posibilitar\u00e1 monitorear este glaciar en forma permanente.<\/p>\n<p style=\"text-align: justify;\">Al respecto, el Jefe de la Unidad de Glaciolog\u00eda y Nieves de la DGA-MOP, Jorge O\u2019Kuinghttons Villena se\u00f1al\u00f3 \u201cesta\u00a0 nueva \u00a0estructura que ponemos en funcionamiento, se encuentra emplazada en un terreno que nos entreg\u00f3 en concesi\u00f3n la Secretar\u00eda Regional Ministerial de Bienes Nacionales y est\u00e1 construida con una base de acero y una cubierta de madera de 36 metros cuadrados, se encuentra anclada a roca, tiene barandas de soporte, est\u00e1 energizada y puede soportar nuestros instrumentos para realizar el futuro monitoreo del glaciar. La Plataforma nos permitir\u00e1 operar un l\u00e1ser terrestre -instrumento para hacer la topograf\u00eda superficial del glaciar-\u00a0 con el que podremos construir un modelo en tres dimensiones del glaciar y efectuar comparaciones de datos obtenidos en el futuro (balances geod\u00e9sicos). Se sumar\u00e1 a esta nueva estructura, la construcci\u00f3n que realizaremos el pr\u00f3ximo a\u00f1o de una estaci\u00f3n meteorol\u00f3gica \u00a0y de una estaci\u00f3n fluviom\u00e9trica en la descarga del glaciar, as\u00ed a mediano plazo podremos conocer las caracter\u00edsticas de este \u00a0glaciar y construir un balance de energ\u00eda y balance de masas de \u00e9l en detalle. De esta forma, este glaciar se convertir\u00e1 en el segundo \u00a0de la regi\u00f3n que tendr\u00e1 esta condici\u00f3n, el glaciar Exploradores fue el primero, en donde hacemos monitoreo permanente\u201d.<\/p>\n<p style=\"text-align: justify;\">Una vez realizado el recorrido por las nuevas instalaciones, el Delegado Presidencial en la Provincia Capit\u00e1n Prat, Gustavo M\u00e1rquez Cadag\u00e1n destac\u00f3 \u201choy estamos en el glaciar Calluqueo. Tenemos el privilegio de mostrar a nuestra comunidad lo hermoso que es \u00a0este lugar y tambi\u00e9n agradecer a la Unidad de Glaciolog\u00eda y Nieves de la Direcci\u00f3n de Aguas del MOP por este gran trabajo que va a permitir efectuar el seguimiento cient\u00edfico del movimiento que a\u00f1o a a\u00f1o se produce por el glaciar a prop\u00f3sito del cambio clim\u00e1tico, \u00a0pero tambi\u00e9n estamos dando el valor que corresponde\u00a0 al dinamizar la econom\u00eda local a trav\u00e9s de nuestros\u00a0 Tur-Operadores locales que traen visitantes a este lugar\u201d.<\/p>\n<p style=\"text-align: justify;\">En tanto, el contratista de la obra Pascual D\u00edaz Georgia, indic\u00f3 que \u201csin duda fue una tremenda experiencia, porque\u00a0 fue tambi\u00e9n un desaf\u00edo mover 3.500 kilos de fierros y madera para construir una estructura s\u00f3lida. Fue un desaf\u00edo bastante grande. No lo habr\u00edamos logrado sin el equipo de gente que trabaj\u00f3 conmigo, que son chicos que adem\u00e1s son gu\u00edas de monta\u00f1a y que tienen experiencia en zonas aisladas o remotas, entonces pueden trabajar y sobrevivir algunos d\u00edas -estuvimos ac\u00e1 nueve d\u00edas trabajando- para poder armarlo y aprovechar la ventana de buen tiempo. Feliz de participar en estos proyectos de la DGA, porque es por una causa que hoy en d\u00eda es muy contingente, que es el monitoreo de los glaciares\u201d.<\/p>\n<p style=\"text-align: justify;\">En este contexto, el Director Regional de Aguas del MOP Elias Fern\u00e1ndez-Ni\u00f1o resalt\u00f3 que \u201cestas son \u00a0obras que van en directa relaci\u00f3n con los lineamientos entregados por la Mesa Nacional del Agua presentados el 09 de octubre de 2019 por el presidente Sebasti\u00e1n Pi\u00f1era, en su ac\u00e1pite desaf\u00edo \u201ccalidad de aguas y ecosistemas\u201d, uno de los tres conocidos por la Mesa, y tambi\u00e9n en el sexto eje tem\u00e1tico denominado \u201cProtecci\u00f3n de Glaciares\u201d, lo que sin duda viene a contribuir, a potenciar la ejecuci\u00f3n\u00a0 de investigaci\u00f3n cient\u00edfica en la comuna de Cochrane, lo que nos permitir\u00e1 \u00a0disponer a futuro de toda la informaci\u00f3n que se levante con este monitoreo del glaciar Calluqueo para que tenga acceso a ella \u00a0toda la comunidad y aportar\u00a0 para el conocimiento y la protecci\u00f3n de los glaciares, lo que es una de las prioridades identificadas por la Mesa Nacional del Agua y de nuestro trabajo en la Direcci\u00f3n General de Aguas, que valoramos enormemente pensando en el presente y futuro en un contexto de cambio clim\u00e1tico global, y en los glaciares de nuestra regi\u00f3n\u201d.<\/p>\n<\/div><\/section><\/div><div  style='height:50px' class='hr hr-invisible   avia-builder-el-6  el_after_av_one_full  el_before_av_social_share '><span class='hr-inner ' ><span class='hr-inner-style'><\/span><\/span><\/div><\/p>\n<div  class='av-social-sharing-box  avia-builder-el-7  el_after_av_hr  el_before_av_hr  '><div class='av-share-box'><h5 class='av-share-link-description av-no-toc '>Compartir esta noticia<\/h5><ul class='av-share-box-list noLightbox'><li class='av-share-link av-social-link-facebook' ><a target=\"_blank\" aria-label=\"Compartir en Facebook\" href='https:\/\/www.facebook.com\/sharer.php?u=https:\/\/radiorevelacionfm.cl\/?p=11372&#038;t=Ponen%20en%20funcionamiento%20plataforma%20de%20monitoreo%20en%20el%20Glaciar%20Calluqueo' aria-hidden='false' data-av_icon='\ue8f3' data-av_iconfont='entypo-fontello' title='' data-avia-related-tooltip='Compartir en Facebook' rel=\"noopener\"><span class='avia_hidden_link_text'>Compartir en Facebook<\/span><\/a><\/li><li class='av-share-link av-social-link-twitter' ><a target=\"_blank\" aria-label=\"Compartir en Twitter\" href='https:\/\/twitter.com\/share?text=Ponen%20en%20funcionamiento%20plataforma%20de%20monitoreo%20en%20el%20Glaciar%20Calluqueo&#038;url=https:\/\/radiorevelacionfm.cl\/?p=11372' aria-hidden='false' data-av_icon='\ue8f1' data-av_iconfont='entypo-fontello' title='' data-avia-related-tooltip='Compartir en Twitter' rel=\"noopener\"><span class='avia_hidden_link_text'>Compartir en Twitter<\/span><\/a><\/li><li class='av-share-link av-social-link-whatsapp' ><a target=\"_blank\" aria-label=\"Compartir en Whatsapp\" href='https:\/\/api.whatsapp.com\/send?text=https:\/\/radiorevelacionfm.cl\/?p=11372' aria-hidden='false' data-av_icon='\uf232' data-av_iconfont='entypo-fontello' title='' data-avia-related-tooltip='Compartir en Whatsapp' rel=\"noopener\"><span class='avia_hidden_link_text'>Compartir en Whatsapp<\/span><\/a><\/li><li class='av-share-link av-social-link-linkedin' ><a target=\"_blank\" aria-label=\"Compartir en LinkedIn\" href='https:\/\/linkedin.com\/shareArticle?mini=true&#038;title=Ponen%20en%20funcionamiento%20plataforma%20de%20monitoreo%20en%20el%20Glaciar%20Calluqueo&#038;url=https:\/\/radiorevelacionfm.cl\/?p=11372' aria-hidden='false' data-av_icon='\ue8fc' data-av_iconfont='entypo-fontello' title='' data-avia-related-tooltip='Compartir en LinkedIn' rel=\"noopener\"><span class='avia_hidden_link_text'>Compartir en LinkedIn<\/span><\/a><\/li><li class='av-share-link av-social-link-mail' ><a  aria-label=\"Compartir por correo\" href='mailto:?subject=Ponen%20en%20funcionamiento%20plataforma%20de%20monitoreo%20en%20el%20Glaciar%20Calluqueo&#038;body=https:\/\/radiorevelacionfm.cl\/?p=11372' aria-hidden='false' data-av_icon='\ue805' data-av_iconfont='entypo-fontello' title='' data-avia-related-tooltip='Compartir por correo'><span class='avia_hidden_link_text'>Compartir por correo<\/span><\/a><\/li><\/ul><\/div><\/div>\n<div  style='height:50px' class='hr hr-invisible   avia-builder-el-8  el_after_av_social_share  el_before_av_comments_list '><span class='hr-inner ' ><span class='hr-inner-style'><\/span><\/span><\/div>\n<div  class='av-buildercomment  av-blog-meta-html-info-disabled av-blog-meta-tag-disabled  '><\/div>\n","protected":false},"excerpt":{"rendered":"","protected":false},"author":1,"featured_media":11373,"comment_status":"open","ping_status":"open","sticky":false,"template":"","format":"standard","meta":{"footnotes":""},"categories":[38],"tags":[],"class_list":["post-11372","post","type-post","status-publish","format-standard","has-post-thumbnail","hentry","category-regional"],"jetpack_featured_media_url":"https:\/\/radiorevelacionfm.cl\/wp-content\/uploads\/2021\/11\/Glaciar-Calluqueo-1-1.jpg","_links":{"self":[{"href":"https:\/\/radiorevelacionfm.cl\/index.php?rest_route=\/wp\/v2\/posts\/11372","targetHints":{"allow":["GET"]}}],"collection":[{"href":"https:\/\/radiorevelacionfm.cl\/index.php?rest_route=\/wp\/v2\/posts"}],"about":[{"href":"https:\/\/radiorevelacionfm.cl\/index.php?rest_route=\/wp\/v2\/types\/post"}],"author":[{"embeddable":true,"href":"https:\/\/radiorevelacionfm.cl\/index.php?rest_route=\/wp\/v2\/users\/1"}],"replies":[{"embeddable":true,"href":"https:\/\/radiorevelacionfm.cl\/index.php?rest_route=%2Fwp%2Fv2%2Fcomments&post=11372"}],"version-history":[{"count":2,"href":"https:\/\/radiorevelacionfm.cl\/index.php?rest_route=\/wp\/v2\/posts\/11372\/revisions"}],"predecessor-version":[{"id":11375,"href":"https:\/\/radiorevelacionfm.cl\/index.php?rest_route=\/wp\/v2\/posts\/11372\/revisions\/11375"}],"wp:featuredmedia":[{"embeddable":true,"href":"https:\/\/radiorevelacionfm.cl\/index.php?rest_route=\/wp\/v2\/media\/11373"}],"wp:attachment":[{"href":"https:\/\/radiorevelacionfm.cl\/index.php?rest_route=%2Fwp%2Fv2%2Fmedia&parent=11372"}],"wp:term":[{"taxonomy":"category","embeddable":true,"href":"https:\/\/radiorevelacionfm.cl\/index.php?rest_route=%2Fwp%2Fv2%2Fcategories&post=11372"},{"taxonomy":"post_tag","embeddable":true,"href":"https:\/\/radiorevelacionfm.cl\/index.php?rest_route=%2Fwp%2Fv2%2Ftags&post=11372"}],"curies":[{"name":"wp","href":"https:\/\/api.w.org\/{rel}","templated":true}]}}