{"id":11364,"date":"2021-11-30T15:18:23","date_gmt":"2021-11-30T18:18:23","guid":{"rendered":"https:\/\/radiorevelacionfm.cl\/?p=11364"},"modified":"2021-11-30T15:18:23","modified_gmt":"2021-11-30T18:18:23","slug":"corte-de-coyhaique-confirma-sentencia-que-condeno-a-7-anos-de-presidio-a-autor-de-homicidio-frustrado","status":"publish","type":"post","link":"https:\/\/radiorevelacionfm.cl\/?p=11364","title":{"rendered":"Corte de Coyhaique confirma sentencia que conden\u00f3 a 7 a\u00f1os de presidio a autor de homicidio frustrado"},"content":{"rendered":"<div class=\"flex_column av_one_full  flex_column_div av-zero-column-padding first  avia-builder-el-0  el_before_av_one_full  avia-builder-el-first  \" style='border-radius:0px; '><div  class='avia-image-container  av-styling-    avia-builder-el-1  avia-builder-el-no-sibling  avia-align-center '  itemprop=\"image\" itemscope=\"itemscope\" itemtype=\"https:\/\/schema.org\/ImageObject\"  ><div class='avia-image-container-inner'><div class='avia-image-overlay-wrap'><img decoding=\"async\" class='wp-image-6641 avia-img-lazy-loading-not-6641 avia_image' src=\"https:\/\/radiorevelacionfm.cl\/wp-content\/uploads\/2021\/07\/foto-01-corte-1_optimized.jpg\" alt='' title='foto-01-corte--(1)_optimized' height=\"600\" width=\"918\"  itemprop=\"thumbnailUrl\" srcset=\"https:\/\/radiorevelacionfm.cl\/wp-content\/uploads\/2021\/07\/foto-01-corte-1_optimized.jpg 918w, https:\/\/radiorevelacionfm.cl\/wp-content\/uploads\/2021\/07\/foto-01-corte-1_optimized-300x196.jpg 300w, https:\/\/radiorevelacionfm.cl\/wp-content\/uploads\/2021\/07\/foto-01-corte-1_optimized-768x502.jpg 768w, https:\/\/radiorevelacionfm.cl\/wp-content\/uploads\/2021\/07\/foto-01-corte-1_optimized-705x461.jpg 705w, https:\/\/radiorevelacionfm.cl\/wp-content\/uploads\/2021\/07\/foto-01-corte-1_optimized-600x392.jpg 600w\" sizes=\"(max-width: 918px) 100vw, 918px\" \/><\/div><\/div><\/div><\/div><div class=\"flex_column av_one_full  flex_column_div av-zero-column-padding first  avia-builder-el-2  el_after_av_one_full  el_before_av_one_full  column-top-margin\" style='border-radius:0px; '><section class=\"av_textblock_section \"  itemscope=\"itemscope\" itemtype=\"https:\/\/schema.org\/BlogPosting\" itemprop=\"blogPost\" ><div class='avia_textblock  '   itemprop=\"text\" ><p style=\"text-align: center;\"><strong><span style=\"font-size: 18pt;\">Corte de Coyhaique confirma sentencia que conden\u00f3 a 7 a\u00f1os de presidio a autor de homicidio frustrado<\/span><\/strong><\/p>\n<div id=\"gtx-trans\" style=\"position: absolute; left: -50px; top: 4.31534px;\">\n<div class=\"gtx-trans-icon\"><\/div>\n<\/div>\n<\/div><\/section><\/div><div class=\"flex_column av_one_full  flex_column_div av-zero-column-padding first  avia-builder-el-4  el_after_av_one_full  el_before_av_hr  column-top-margin\" style='border-radius:0px; '><section class=\"av_textblock_section \"  itemscope=\"itemscope\" itemtype=\"https:\/\/schema.org\/BlogPosting\" itemprop=\"blogPost\" ><div class='avia_textblock  '   itemprop=\"text\" ><p class=\"v1MsoNormal\" style=\"text-align: justify;\">La Corte de Apelaciones de Coyhaique rechaz\u00f3 el recurso de nulidad en contra de la sentencia que conden\u00f3 a 7 a\u00f1os de presidio a Claudio Alejandro Rodr\u00edguez \u00c1lvarez, en calidad de autor del delito de homicidio en grado de frustrado. Il\u00edcito perpetrado el 21 de julio de 2018, en la ciudad.<\/p>\n<p class=\"v1MsoNormal\" style=\"text-align: justify;\">En fallo un\u00e1nime, la Primera Sala del tribunal de alzada \u2013integrada por los ministros Natalia Rencoret Oliva, Pedro Castro Espinoza y Jos\u00e9 Ignacio Mora Trujillo\u2013 descart\u00f3 infracci\u00f3n de ley en la sentencia, dictada el 14 de septiembre de 2021\u00a0por el\u00a0Tribunal de Juicio Oral en lo Penal de Coyhaique.<\/p>\n<p class=\"v1MsoNormal\" style=\"text-align: justify;\">\u00abQue, resulta necesario tener presente que el recurso de nulidad, es de derecho estricto, excepcional y circunscrito a las causales que determinadamente establece la ley, en el presente caso, la norma cuestionada dice relaci\u00f3n con la determinaci\u00f3n de la pena, de aplicaci\u00f3n discrecional, casu\u00edstica y de exclusiva competencia de los Jueces del fondo, en base a los hechos por ellos asentados previamente, toda vez que, para la determinaci\u00f3n de la pena exacta, el Tribunal debe tener en consideraci\u00f3n, primeramente el n\u00famero y entidad de las circunstancias atenuantes y agravantes, as\u00ed como la mayor o menor extensi\u00f3n del mal producido por el delito, bastando esta sola circunstancia, para desechar el recurso intentado\u00bb, sostiene el fallo.<\/p>\n<p class=\"v1MsoNormal\" style=\"text-align: justify;\">Resoluci\u00f3n que agrega que: \u00ab(&#8230;) en consecuencia, esta regla de car\u00e1cter general debe ser considerada por los jueces del grado, apreciando todos los antecedentes allegados a la causa, conforme los criterios en ella establecidos, pero en ning\u00fan caso se trata de una norma que los obligue a aplicar la pena dentro de un grado o extensi\u00f3n determinados, lo que evidencia la sentencia recurrida, consignando expl\u00edcitas valoraciones en la cuantificaci\u00f3n de la pena para justificar y fundamentar su razonamiento y decisi\u00f3n\u00bb.<\/p>\n<p class=\"v1MsoNormal\" style=\"text-align: justify;\">Por tanto, se resuelve: Que, SE RECHAZA, sin costas, el recurso de nulidad interpuesto por Mauricio Mart\u00ednez Peralta, abogado, Defensor Penal P\u00fablico, en representaci\u00f3n de Claudio Alejandro Rodr\u00edguez \u00c1lvarez, por la causal del art\u00edculo 373 letra b) del C\u00f3digo Procesal Penal, en contra de la sentencia definitiva pronunciada en esta causa, por la que se conden\u00f3 al acusado Claudio Alejandro Rodr\u00edguez \u00c1lvarez, a la pena de siete a\u00f1os de presidio mayor en su grado m\u00ednimo y a las accesorias legales de inhabilitaci\u00f3n absoluta perpetua para cargos y oficios p\u00fablicos y derechos pol\u00edticos y la de inhabilitaci\u00f3n absoluta para profesiones titulares, mientras dure la condena, por su responsabilidad en calidad de autor de un delito de homicidio simple, en grado de frustrado, previsto y sancionado en el art\u00edculo 391, N\u00b02, del C\u00f3digo Penal, cometido el d\u00eda 21 de julio del a\u00f1o 2018, en la comuna de Coyhaique, en perjuicio de G.A.C.H. y en consecuencia, el juicio oral llevado a cabo y la sentencia que recay\u00f3 en el mismo, no son nulos\u00bb.<\/p>\n<\/div><\/section><\/div><div  style='height:50px' class='hr hr-invisible   avia-builder-el-6  el_after_av_one_full  el_before_av_social_share '><span class='hr-inner ' ><span class='hr-inner-style'><\/span><\/span><\/div><\/p>\n<div  class='av-social-sharing-box  avia-builder-el-7  el_after_av_hr  el_before_av_hr  '><div class='av-share-box'><h5 class='av-share-link-description av-no-toc '>Compartir esta noticia<\/h5><ul class='av-share-box-list noLightbox'><li class='av-share-link av-social-link-facebook' ><a target=\"_blank\" aria-label=\"Compartir en Facebook\" href='https:\/\/www.facebook.com\/sharer.php?u=https:\/\/radiorevelacionfm.cl\/?p=11364&#038;t=Corte%20de%20Coyhaique%20confirma%20sentencia%20que%20conden%C3%B3%20a%207%20a%C3%B1os%20de%20presidio%20a%20autor%20de%20homicidio%20frustrado' aria-hidden='false' data-av_icon='\ue8f3' data-av_iconfont='entypo-fontello' title='' data-avia-related-tooltip='Compartir en Facebook' rel=\"noopener\"><span class='avia_hidden_link_text'>Compartir en Facebook<\/span><\/a><\/li><li class='av-share-link av-social-link-twitter' ><a target=\"_blank\" aria-label=\"Compartir en Twitter\" href='https:\/\/twitter.com\/share?text=Corte%20de%20Coyhaique%20confirma%20sentencia%20que%20conden%C3%B3%20a%207%20a%C3%B1os%20de%20presidio%20a%20autor%20de%20homicidio%20frustrado&#038;url=https:\/\/radiorevelacionfm.cl\/?p=11364' aria-hidden='false' data-av_icon='\ue8f1' data-av_iconfont='entypo-fontello' title='' data-avia-related-tooltip='Compartir en Twitter' rel=\"noopener\"><span class='avia_hidden_link_text'>Compartir en Twitter<\/span><\/a><\/li><li class='av-share-link av-social-link-whatsapp' ><a target=\"_blank\" aria-label=\"Compartir en Whatsapp\" href='https:\/\/api.whatsapp.com\/send?text=https:\/\/radiorevelacionfm.cl\/?p=11364' aria-hidden='false' data-av_icon='\uf232' data-av_iconfont='entypo-fontello' title='' data-avia-related-tooltip='Compartir en Whatsapp' rel=\"noopener\"><span class='avia_hidden_link_text'>Compartir en Whatsapp<\/span><\/a><\/li><li class='av-share-link av-social-link-linkedin' ><a target=\"_blank\" aria-label=\"Compartir en LinkedIn\" href='https:\/\/linkedin.com\/shareArticle?mini=true&#038;title=Corte%20de%20Coyhaique%20confirma%20sentencia%20que%20conden%C3%B3%20a%207%20a%C3%B1os%20de%20presidio%20a%20autor%20de%20homicidio%20frustrado&#038;url=https:\/\/radiorevelacionfm.cl\/?p=11364' aria-hidden='false' data-av_icon='\ue8fc' data-av_iconfont='entypo-fontello' title='' data-avia-related-tooltip='Compartir en LinkedIn' rel=\"noopener\"><span class='avia_hidden_link_text'>Compartir en LinkedIn<\/span><\/a><\/li><li class='av-share-link av-social-link-mail' ><a  aria-label=\"Compartir por correo\" href='mailto:?subject=Corte%20de%20Coyhaique%20confirma%20sentencia%20que%20conden%C3%B3%20a%207%20a%C3%B1os%20de%20presidio%20a%20autor%20de%20homicidio%20frustrado&#038;body=https:\/\/radiorevelacionfm.cl\/?p=11364' aria-hidden='false' data-av_icon='\ue805' data-av_iconfont='entypo-fontello' title='' data-avia-related-tooltip='Compartir por correo'><span class='avia_hidden_link_text'>Compartir por correo<\/span><\/a><\/li><\/ul><\/div><\/div>\n<div  style='height:50px' class='hr hr-invisible   avia-builder-el-8  el_after_av_social_share  el_before_av_comments_list '><span class='hr-inner ' ><span class='hr-inner-style'><\/span><\/span><\/div>\n<div  class='av-buildercomment  av-blog-meta-html-info-disabled av-blog-meta-tag-disabled  '><\/div>\n","protected":false},"excerpt":{"rendered":"","protected":false},"author":1,"featured_media":6641,"comment_status":"open","ping_status":"open","sticky":false,"template":"","format":"standard","meta":{"footnotes":""},"categories":[55],"tags":[],"class_list":["post-11364","post","type-post","status-publish","format-standard","has-post-thumbnail","hentry","category-justicia"],"jetpack_featured_media_url":"https:\/\/radiorevelacionfm.cl\/wp-content\/uploads\/2021\/07\/foto-01-corte-1_optimized.jpg","_links":{"self":[{"href":"https:\/\/radiorevelacionfm.cl\/index.php?rest_route=\/wp\/v2\/posts\/11364","targetHints":{"allow":["GET"]}}],"collection":[{"href":"https:\/\/radiorevelacionfm.cl\/index.php?rest_route=\/wp\/v2\/posts"}],"about":[{"href":"https:\/\/radiorevelacionfm.cl\/index.php?rest_route=\/wp\/v2\/types\/post"}],"author":[{"embeddable":true,"href":"https:\/\/radiorevelacionfm.cl\/index.php?rest_route=\/wp\/v2\/users\/1"}],"replies":[{"embeddable":true,"href":"https:\/\/radiorevelacionfm.cl\/index.php?rest_route=%2Fwp%2Fv2%2Fcomments&post=11364"}],"version-history":[{"count":2,"href":"https:\/\/radiorevelacionfm.cl\/index.php?rest_route=\/wp\/v2\/posts\/11364\/revisions"}],"predecessor-version":[{"id":11366,"href":"https:\/\/radiorevelacionfm.cl\/index.php?rest_route=\/wp\/v2\/posts\/11364\/revisions\/11366"}],"wp:featuredmedia":[{"embeddable":true,"href":"https:\/\/radiorevelacionfm.cl\/index.php?rest_route=\/wp\/v2\/media\/6641"}],"wp:attachment":[{"href":"https:\/\/radiorevelacionfm.cl\/index.php?rest_route=%2Fwp%2Fv2%2Fmedia&parent=11364"}],"wp:term":[{"taxonomy":"category","embeddable":true,"href":"https:\/\/radiorevelacionfm.cl\/index.php?rest_route=%2Fwp%2Fv2%2Fcategories&post=11364"},{"taxonomy":"post_tag","embeddable":true,"href":"https:\/\/radiorevelacionfm.cl\/index.php?rest_route=%2Fwp%2Fv2%2Ftags&post=11364"}],"curies":[{"name":"wp","href":"https:\/\/api.w.org\/{rel}","templated":true}]}}