{"id":11351,"date":"2021-11-30T10:37:57","date_gmt":"2021-11-30T13:37:57","guid":{"rendered":"https:\/\/radiorevelacionfm.cl\/?p=11351"},"modified":"2021-11-30T10:37:57","modified_gmt":"2021-11-30T13:37:57","slug":"anuncian-vacunacion-contra-el-covid-19-para-ninos-desde-los-3-anos-y-gobierno-establece-prioridades-de-los-ultimos-meses-de-mandato","status":"publish","type":"post","link":"https:\/\/radiorevelacionfm.cl\/?p=11351","title":{"rendered":"Anuncian vacunaci\u00f3n contra el Covid-19 para ni\u00f1os desde los 3 a\u00f1os y Gobierno establece prioridades de los \u00faltimos meses de mandato"},"content":{"rendered":"<div class=\"flex_column av_one_full  flex_column_div av-zero-column-padding first  avia-builder-el-0  el_before_av_one_full  avia-builder-el-first  \" style='border-radius:0px; '><div  class='avia-image-container  av-styling-    avia-builder-el-1  avia-builder-el-no-sibling  avia-align-center '  itemprop=\"image\" itemscope=\"itemscope\" itemtype=\"https:\/\/schema.org\/ImageObject\"  ><div class='avia-image-container-inner'><div class='avia-image-overlay-wrap'><img decoding=\"async\" class='wp-image-8496 avia-img-lazy-loading-not-8496 avia_image' src=\"https:\/\/radiorevelacionfm.cl\/wp-content\/uploads\/2021\/09\/Vacuna-Ninos-1.jpg\" alt='' title='Vacuna Ni\u00f1os (1)' height=\"619\" width=\"1088\"  itemprop=\"thumbnailUrl\" srcset=\"https:\/\/radiorevelacionfm.cl\/wp-content\/uploads\/2021\/09\/Vacuna-Ninos-1.jpg 1088w, https:\/\/radiorevelacionfm.cl\/wp-content\/uploads\/2021\/09\/Vacuna-Ninos-1-300x171.jpg 300w, https:\/\/radiorevelacionfm.cl\/wp-content\/uploads\/2021\/09\/Vacuna-Ninos-1-1030x586.jpg 1030w, https:\/\/radiorevelacionfm.cl\/wp-content\/uploads\/2021\/09\/Vacuna-Ninos-1-768x437.jpg 768w, https:\/\/radiorevelacionfm.cl\/wp-content\/uploads\/2021\/09\/Vacuna-Ninos-1-705x401.jpg 705w, https:\/\/radiorevelacionfm.cl\/wp-content\/uploads\/2021\/09\/Vacuna-Ninos-1-600x341.jpg 600w\" sizes=\"(max-width: 1088px) 100vw, 1088px\" \/><\/div><\/div><\/div><\/div><div class=\"flex_column av_one_full  flex_column_div av-zero-column-padding first  avia-builder-el-2  el_after_av_one_full  el_before_av_one_full  column-top-margin\" style='border-radius:0px; '><section class=\"av_textblock_section \"  itemscope=\"itemscope\" itemtype=\"https:\/\/schema.org\/BlogPosting\" itemprop=\"blogPost\" ><div class='avia_textblock  '   itemprop=\"text\" ><p style=\"text-align: center;\"><strong><span style=\"font-size: 18pt;\">Anuncian vacunaci\u00f3n contra el Covid-19 para ni\u00f1os desde los 3 a\u00f1os y Gobierno establece prioridades de los \u00faltimos meses de mandato<\/span><\/strong><\/p>\n<div id=\"gtx-trans\" style=\"position: absolute; left: -50px; top: 4.31534px;\">\n<div class=\"gtx-trans-icon\"><\/div>\n<\/div>\n<\/div><\/section><\/div><div class=\"flex_column av_one_full  flex_column_div av-zero-column-padding first  avia-builder-el-4  el_after_av_one_full  el_before_av_hr  column-top-margin\" style='border-radius:0px; '><section class=\"av_textblock_section \"  itemscope=\"itemscope\" itemtype=\"https:\/\/schema.org\/BlogPosting\" itemprop=\"blogPost\" ><div class='avia_textblock  '   itemprop=\"text\" ><p style=\"text-align: justify;\">El Presidente Sebasti\u00e1n Pi\u00f1era lider\u00f3 un nuevo consejo de gabinete en el Palacio de Cerro Castillo, en Vi\u00f1a del Mar, donde deline\u00f3 lo que ser\u00e1 la carta de navegaci\u00f3n de los pr\u00f3ximos 3 meses y medio de su mandato.<\/p>\n<p style=\"text-align: justify;\">En la ocasi\u00f3n, el Primer Mandatario, dio a conocer una serie de importantes anuncios, siendo uno de ellos, la confirmaci\u00f3n de la vacunaci\u00f3n en los menores de 6 a\u00f1os\u00a0a partir de la semana del 6 de diciembre pr\u00f3ximo. Con eso, todo el universo de personas, para los cuales las vacunas est\u00e1n aseguradas, van a poder vacunarse y proteger sus vidas.\u00a0Junto con ello, el Presidente inform\u00f3 que\u00a0ya est\u00e1n aseguradas las vacunas para el pr\u00f3ximo a\u00f1o.<\/p>\n<p style=\"text-align: justify;\">Por otro lado, el mandatario indic\u00f3 cu\u00e1les son las prioridades para lo que resta de su mandato:<\/p>\n<p style=\"text-align: justify;\">Seguridad: se acelerar\u00e1 el fortalecimiento de las polic\u00edas, tanto Carabineros como la Polic\u00eda de Investigaciones, mejorando la coordinaci\u00f3n entre ambas con los fiscales y los jueces. Adem\u00e1s, se impulsar\u00e1 el despacho urgente de leyes que entregan m\u00e1s y mejores instrumentos a la polic\u00eda, como la Ley de Control de Armas; la Ley Anti narcotr\u00e1fico; la Ley Antiterrorismo; la Ley que permite el Cierre de Pasajes; la ley Juan Barrios; la Ley contra el Robo de Madera: y la Ley contra las usurpaciones.<\/p>\n<p style=\"text-align: justify;\">Pandemia: Hoy tenemos m\u00e1s de 16 millones de personas con su vacunaci\u00f3n completa, es decir, el 90% de la poblaci\u00f3n. Esto nos pone en una situaci\u00f3n de liderazgo a nivel mundial. Se seguir\u00e1 trabajando en la dosis de refuerzo, que ya supera las 8 millones de personas inoculadas.<\/p>\n<p style=\"text-align: justify;\">Recuperaci\u00f3n de la econom\u00eda, la creaci\u00f3n y recuperaci\u00f3n de nuevos y buenos empleos: se espera un crecimiento en torno al 12%, la cifra de crecimiento m\u00e1s alta desde 1960 y que pone a Chile en una posici\u00f3n de liderazgo en materia de recuperaci\u00f3n econ\u00f3mica.<\/p>\n<p style=\"text-align: justify;\">Pensiones: se insistir\u00e1 en la segunda etapa de la reforma previsional, que busca ampliar el Pilar Solidario hasta el 80% de los chilenos. Esto significa agregar pr\u00e1cticamente un mill\u00f3n de beneficiarios. Adicionalmente, subir\u00eda la Pensi\u00f3n B\u00e1sica Solidaria para que est\u00e9 por encima de la l\u00ednea de la pobreza.<\/p>\n<p style=\"text-align: justify;\">Salud: es necesario recuperar r\u00e1pidamente las listas de espera que la pandemia gener\u00f3 en otras enfermedades. Adem\u00e1s, establecer un Plan Universal de Salud Garantizado para todos los chilenos, reducir el precio de los medicamentos y terminar de modernizar la infraestructura de salud. Al fin del Gobierno tendremos 24 nuevos hospitales y m\u00e1s de 100 Centros de Salud Primarios funcionando. Se va a fortalecer el Hospital Digital y la capacidad de nuestro Sistema de Salud de atender las enfermedades mentales.<\/p>\n<p style=\"text-align: justify;\">En la ocasi\u00f3n el mandatario resalt\u00f3 que\u00a0\u201cdado el gran \u00e9xito que han tenido los planes pro empleo,\u00a0vamos a prorrogar el IFE Laboral m\u00e1s all\u00e1 de diciembre de este a\u00f1o, como una forma de facilitar que todas las chilenas y chilenos que quieran trabajar, tengan la oportunidad de hacerlo con buenas condiciones de trabajo, con seguridad social y un salario justo\u201d.<\/p>\n<\/div><\/section><\/div><\/p>\n<div  style='height:50px' class='hr hr-invisible   avia-builder-el-6  el_after_av_one_full  el_before_av_social_share '><span class='hr-inner ' ><span class='hr-inner-style'><\/span><\/span><\/div>\n<div  class='av-social-sharing-box  avia-builder-el-7  el_after_av_hr  el_before_av_hr  '><div class='av-share-box'><h5 class='av-share-link-description av-no-toc '>Compartir esta noticia<\/h5><ul class='av-share-box-list noLightbox'><li class='av-share-link av-social-link-facebook' ><a target=\"_blank\" aria-label=\"Compartir en Facebook\" href='https:\/\/www.facebook.com\/sharer.php?u=https:\/\/radiorevelacionfm.cl\/?p=11351&#038;t=Anuncian%20vacunaci%C3%B3n%20contra%20el%20Covid-19%20para%20ni%C3%B1os%20desde%20los%203%20a%C3%B1os%20y%20Gobierno%20establece%20prioridades%20de%20los%20%C3%BAltimos%20meses%20de%20mandato' aria-hidden='false' data-av_icon='\ue8f3' data-av_iconfont='entypo-fontello' title='' data-avia-related-tooltip='Compartir en Facebook' rel=\"noopener\"><span class='avia_hidden_link_text'>Compartir en Facebook<\/span><\/a><\/li><li class='av-share-link av-social-link-twitter' ><a target=\"_blank\" aria-label=\"Compartir en Twitter\" href='https:\/\/twitter.com\/share?text=Anuncian%20vacunaci%C3%B3n%20contra%20el%20Covid-19%20para%20ni%C3%B1os%20desde%20los%203%20a%C3%B1os%20y%20Gobierno%20establece%20prioridades%20de%20los%20%C3%BAltimos%20meses%20de%20mandato&#038;url=https:\/\/radiorevelacionfm.cl\/?p=11351' aria-hidden='false' data-av_icon='\ue8f1' data-av_iconfont='entypo-fontello' title='' data-avia-related-tooltip='Compartir en Twitter' rel=\"noopener\"><span class='avia_hidden_link_text'>Compartir en Twitter<\/span><\/a><\/li><li class='av-share-link av-social-link-whatsapp' ><a target=\"_blank\" aria-label=\"Compartir en Whatsapp\" href='https:\/\/api.whatsapp.com\/send?text=https:\/\/radiorevelacionfm.cl\/?p=11351' aria-hidden='false' data-av_icon='\uf232' data-av_iconfont='entypo-fontello' title='' data-avia-related-tooltip='Compartir en Whatsapp' rel=\"noopener\"><span class='avia_hidden_link_text'>Compartir en Whatsapp<\/span><\/a><\/li><li class='av-share-link av-social-link-linkedin' ><a target=\"_blank\" aria-label=\"Compartir en LinkedIn\" href='https:\/\/linkedin.com\/shareArticle?mini=true&#038;title=Anuncian%20vacunaci%C3%B3n%20contra%20el%20Covid-19%20para%20ni%C3%B1os%20desde%20los%203%20a%C3%B1os%20y%20Gobierno%20establece%20prioridades%20de%20los%20%C3%BAltimos%20meses%20de%20mandato&#038;url=https:\/\/radiorevelacionfm.cl\/?p=11351' aria-hidden='false' data-av_icon='\ue8fc' data-av_iconfont='entypo-fontello' title='' data-avia-related-tooltip='Compartir en LinkedIn' rel=\"noopener\"><span class='avia_hidden_link_text'>Compartir en LinkedIn<\/span><\/a><\/li><li class='av-share-link av-social-link-mail' ><a  aria-label=\"Compartir por correo\" href='mailto:?subject=Anuncian%20vacunaci%C3%B3n%20contra%20el%20Covid-19%20para%20ni%C3%B1os%20desde%20los%203%20a%C3%B1os%20y%20Gobierno%20establece%20prioridades%20de%20los%20%C3%BAltimos%20meses%20de%20mandato&#038;body=https:\/\/radiorevelacionfm.cl\/?p=11351' aria-hidden='false' data-av_icon='\ue805' data-av_iconfont='entypo-fontello' title='' data-avia-related-tooltip='Compartir por correo'><span class='avia_hidden_link_text'>Compartir por correo<\/span><\/a><\/li><\/ul><\/div><\/div>\n<div  style='height:50px' class='hr hr-invisible   avia-builder-el-8  el_after_av_social_share  el_before_av_comments_list '><span class='hr-inner ' ><span class='hr-inner-style'><\/span><\/span><\/div>\n<div  class='av-buildercomment  av-blog-meta-html-info-disabled av-blog-meta-tag-disabled  '><\/div>\n","protected":false},"excerpt":{"rendered":"","protected":false},"author":1,"featured_media":8496,"comment_status":"open","ping_status":"open","sticky":false,"template":"","format":"standard","meta":{"footnotes":""},"categories":[46],"tags":[],"class_list":["post-11351","post","type-post","status-publish","format-standard","has-post-thumbnail","hentry","category-salud"],"jetpack_featured_media_url":"https:\/\/radiorevelacionfm.cl\/wp-content\/uploads\/2021\/09\/Vacuna-Ninos-1.jpg","_links":{"self":[{"href":"https:\/\/radiorevelacionfm.cl\/index.php?rest_route=\/wp\/v2\/posts\/11351","targetHints":{"allow":["GET"]}}],"collection":[{"href":"https:\/\/radiorevelacionfm.cl\/index.php?rest_route=\/wp\/v2\/posts"}],"about":[{"href":"https:\/\/radiorevelacionfm.cl\/index.php?rest_route=\/wp\/v2\/types\/post"}],"author":[{"embeddable":true,"href":"https:\/\/radiorevelacionfm.cl\/index.php?rest_route=\/wp\/v2\/users\/1"}],"replies":[{"embeddable":true,"href":"https:\/\/radiorevelacionfm.cl\/index.php?rest_route=%2Fwp%2Fv2%2Fcomments&post=11351"}],"version-history":[{"count":3,"href":"https:\/\/radiorevelacionfm.cl\/index.php?rest_route=\/wp\/v2\/posts\/11351\/revisions"}],"predecessor-version":[{"id":11362,"href":"https:\/\/radiorevelacionfm.cl\/index.php?rest_route=\/wp\/v2\/posts\/11351\/revisions\/11362"}],"wp:featuredmedia":[{"embeddable":true,"href":"https:\/\/radiorevelacionfm.cl\/index.php?rest_route=\/wp\/v2\/media\/8496"}],"wp:attachment":[{"href":"https:\/\/radiorevelacionfm.cl\/index.php?rest_route=%2Fwp%2Fv2%2Fmedia&parent=11351"}],"wp:term":[{"taxonomy":"category","embeddable":true,"href":"https:\/\/radiorevelacionfm.cl\/index.php?rest_route=%2Fwp%2Fv2%2Fcategories&post=11351"},{"taxonomy":"post_tag","embeddable":true,"href":"https:\/\/radiorevelacionfm.cl\/index.php?rest_route=%2Fwp%2Fv2%2Ftags&post=11351"}],"curies":[{"name":"wp","href":"https:\/\/api.w.org\/{rel}","templated":true}]}}