{"id":11348,"date":"2021-11-30T10:03:38","date_gmt":"2021-11-30T13:03:38","guid":{"rendered":"https:\/\/radiorevelacionfm.cl\/?p=11348"},"modified":"2021-11-30T10:03:38","modified_gmt":"2021-11-30T13:03:38","slug":"educacion-hace-llamado-a-parlamentarios-apoyar-proyecto-de-gratuidad-a-los-jardines-infantiles","status":"publish","type":"post","link":"https:\/\/radiorevelacionfm.cl\/?p=11348","title":{"rendered":"Educaci\u00f3n hace llamado a parlamentarios apoyar proyecto de gratuidad a los jardines infantiles"},"content":{"rendered":"<div class=\"flex_column av_one_full  flex_column_div av-zero-column-padding first  avia-builder-el-0  el_before_av_one_full  avia-builder-el-first  \" style='border-radius:0px; '><div  class='avia-image-container  av-styling-    avia-builder-el-1  avia-builder-el-no-sibling  avia-align-center '  itemprop=\"image\" itemscope=\"itemscope\" itemtype=\"https:\/\/schema.org\/ImageObject\"  ><div class='avia-image-container-inner'><div class='avia-image-overlay-wrap'><img decoding=\"async\" class='wp-image-11349 avia-img-lazy-loading-not-11349 avia_image' src=\"https:\/\/radiorevelacionfm.cl\/wp-content\/uploads\/2021\/11\/3-21i-1_optimized.jpg\" alt='' title='3-(21)i-(1)_optimized' height=\"600\" width=\"1003\"  itemprop=\"thumbnailUrl\" srcset=\"https:\/\/radiorevelacionfm.cl\/wp-content\/uploads\/2021\/11\/3-21i-1_optimized.jpg 1003w, https:\/\/radiorevelacionfm.cl\/wp-content\/uploads\/2021\/11\/3-21i-1_optimized-300x179.jpg 300w, https:\/\/radiorevelacionfm.cl\/wp-content\/uploads\/2021\/11\/3-21i-1_optimized-768x459.jpg 768w, https:\/\/radiorevelacionfm.cl\/wp-content\/uploads\/2021\/11\/3-21i-1_optimized-705x422.jpg 705w, https:\/\/radiorevelacionfm.cl\/wp-content\/uploads\/2021\/11\/3-21i-1_optimized-600x359.jpg 600w\" sizes=\"(max-width: 1003px) 100vw, 1003px\" \/><\/div><\/div><\/div><\/div><div class=\"flex_column av_one_full  flex_column_div av-zero-column-padding first  avia-builder-el-2  el_after_av_one_full  el_before_av_one_full  column-top-margin\" style='border-radius:0px; '><section class=\"av_textblock_section \"  itemscope=\"itemscope\" itemtype=\"https:\/\/schema.org\/BlogPosting\" itemprop=\"blogPost\" ><div class='avia_textblock  '   itemprop=\"text\" ><p style=\"text-align: center;\"><strong><span style=\"font-size: 18pt;\">Educaci\u00f3n hace llamado a parlamentarios apoyar proyecto de gratuidad a los jardines infantiles<\/span><\/strong><\/p>\n<div id=\"gtx-trans\" style=\"position: absolute; left: -50px; top: 4.31534px;\">\n<div class=\"gtx-trans-icon\"><\/div>\n<\/div>\n<\/div><\/section><\/div><div class=\"flex_column av_one_full  flex_column_div av-zero-column-padding first  avia-builder-el-4  el_after_av_one_full  el_before_av_hr  column-top-margin\" style='border-radius:0px; '><section class=\"av_textblock_section \"  itemscope=\"itemscope\" itemtype=\"https:\/\/schema.org\/BlogPosting\" itemprop=\"blogPost\" ><div class='avia_textblock  '   itemprop=\"text\" ><p class=\"v1MsoNormal\" style=\"text-align: justify;\">En una ma\u00f1ana soleada y con gran concurrencia de p\u00fablico\u00a0en el Parque M\u00f3naco de la comuna de La Florida, el ministro de Educaci\u00f3n, Ra\u00fal Figueroa, en compa\u00f1\u00eda de la subsecretaria de Educaci\u00f3n Parvularia, Mar\u00eda Jes\u00fas Honorato, hicieron un llamado a los senadores a retomar la discusi\u00f3n del proyecto de ley de subvenciones para los jardines infantiles que actualmente\u00a0<span lang=\"ES\">se encuentra detenido en su segundo tr\u00e1mite constitucional en el Senado, pese a las urgencias presentadas por el ejecutivo<\/span>.<\/p>\n<p class=\"v1MsoNormal\" style=\"text-align: justify;\"><span lang=\"ES\">Dicho proyecto inici\u00f3 su tramitaci\u00f3n el 5 de marzo de 2019 y establece un sistema de subvenciones para los niveles medios de la educaci\u00f3n parvularia, asegurando el acceso gratuito a educaci\u00f3n parvularia de calidad, para todos los ni\u00f1os y ni\u00f1as entre 2 y 4 a\u00f1os; aumenta las libertades de las familias para elegir la educaci\u00f3n de sus hijos y asegura la equidad en la entrega de recursos del Estado a instituciones que cumplen el mismo rol y reciben familias del mismo nivel socioecon\u00f3mico. A su vez, el proyecto asegura la cobertura en estos niveles a lo largo de todo Chile, incluso potenciando m\u00e1s recursos para sectores rurales.\u00a0 Se trata de un aumento de recursos in\u00e9dito para la Educaci\u00f3n Parvularia: 125 mil millones de pesos.<\/span><\/p>\n<p class=\"v1MsoNormal\" style=\"text-align: justify;\">\u201cHacemos un llamado a los parlamentarios a pensar en el futuro de los ni\u00f1os. Este proyecto, que tiene discusi\u00f3n inmediata, busca equiparar la cancha y cerrar las brechas que en este \u00faltimo tiempo han aumentado producto de la pandemia. La subvenci\u00f3n entrega m\u00e1s recursos que permitir\u00e1n mejorar la calidad de la educaci\u00f3n parvularia. Esperamos que el Senado le de la celeridad necesaria y permita que miles de ni\u00f1os y ni\u00f1as en nuestro pa\u00eds cuenten con estos recursos para tener mejores oportunidades desde una edad temprana.\u201d, afirm\u00f3 el ministro de Educaci\u00f3n Ra\u00fal Figueroa.<\/p>\n<p class=\"v1MsoNormal\" style=\"text-align: justify;\">Por su parte, la subsecretaria de Educaci\u00f3n Parvularia dio a conocer los lineamientos del Plan\u00a0<b>En familia construyamos mejores comienzos<\/b>, cuyo foco principal es incentivar a pap\u00e1s, mam\u00e1s y cuidadores principales, a<b>\u00a0<\/b>llevar a sus hijos a la educaci\u00f3n parvularia. En el pa\u00eds, el 96 % de los establecimientos de educaci\u00f3n parvularia est\u00e1 abierto con una presencialidad aproximada de 30%.<\/p>\n<p class=\"v1MsoNormal\" style=\"text-align: justify;\">\u201cEs este indicador el principal desaf\u00edo en un nivel donde se produce el m\u00e1s importante desarrollo neuronal de las personas y donde las interacciones presenciales diarias son la clave para el desarrollo futuro. Por ello, es fundamental que las familias comprendan la importancia de la Educaci\u00f3n Parvularia y la necesidad de que las ni\u00f1as y ni\u00f1os asistan de manera sistem\u00e1tica al jard\u00edn infantil. Lo que ac\u00e1 ocurre es irremplazable y hace la diferencia.\u201d, indic\u00f3 Mar\u00eda Jes\u00fas Honorato.<\/p>\n<p class=\"v1MsoNormal\" style=\"text-align: justify;\">La actividad se da en el contexto del programa Infobus Ciudadano, de la Divisi\u00f3n de Organizaciones Sociales, que se ha convertido en uno de los principales impulsores de la transferencia de informaci\u00f3n y de atenci\u00f3n, por parte del Estado hacia los ciudadanos, de forma cercana y con mayor claridad. Se construye una red con los distintos servicios p\u00fablicos que transmiten y explican las diversas pol\u00edticas p\u00fablicas atingentes al territorio, los beneficios, planes y programas para los ciudadanos.<\/p>\n<\/div><\/section><\/div><div  style='height:50px' class='hr hr-invisible   avia-builder-el-6  el_after_av_one_full  el_before_av_social_share '><span class='hr-inner ' ><span class='hr-inner-style'><\/span><\/span><\/div><\/p>\n<div  class='av-social-sharing-box  avia-builder-el-7  el_after_av_hr  el_before_av_hr  '><div class='av-share-box'><h5 class='av-share-link-description av-no-toc '>Compartir esta noticia<\/h5><ul class='av-share-box-list noLightbox'><li class='av-share-link av-social-link-facebook' ><a target=\"_blank\" aria-label=\"Compartir en Facebook\" href='https:\/\/www.facebook.com\/sharer.php?u=https:\/\/radiorevelacionfm.cl\/?p=11348&#038;t=Educaci%C3%B3n%20hace%20llamado%20a%20parlamentarios%20apoyar%20proyecto%20de%20gratuidad%20a%20los%20jardines%20infantiles' aria-hidden='false' data-av_icon='\ue8f3' data-av_iconfont='entypo-fontello' title='' data-avia-related-tooltip='Compartir en Facebook' rel=\"noopener\"><span class='avia_hidden_link_text'>Compartir en Facebook<\/span><\/a><\/li><li class='av-share-link av-social-link-twitter' ><a target=\"_blank\" aria-label=\"Compartir en Twitter\" href='https:\/\/twitter.com\/share?text=Educaci%C3%B3n%20hace%20llamado%20a%20parlamentarios%20apoyar%20proyecto%20de%20gratuidad%20a%20los%20jardines%20infantiles&#038;url=https:\/\/radiorevelacionfm.cl\/?p=11348' aria-hidden='false' data-av_icon='\ue8f1' data-av_iconfont='entypo-fontello' title='' data-avia-related-tooltip='Compartir en Twitter' rel=\"noopener\"><span class='avia_hidden_link_text'>Compartir en Twitter<\/span><\/a><\/li><li class='av-share-link av-social-link-whatsapp' ><a target=\"_blank\" aria-label=\"Compartir en Whatsapp\" href='https:\/\/api.whatsapp.com\/send?text=https:\/\/radiorevelacionfm.cl\/?p=11348' aria-hidden='false' data-av_icon='\uf232' data-av_iconfont='entypo-fontello' title='' data-avia-related-tooltip='Compartir en Whatsapp' rel=\"noopener\"><span class='avia_hidden_link_text'>Compartir en Whatsapp<\/span><\/a><\/li><li class='av-share-link av-social-link-linkedin' ><a target=\"_blank\" aria-label=\"Compartir en LinkedIn\" href='https:\/\/linkedin.com\/shareArticle?mini=true&#038;title=Educaci%C3%B3n%20hace%20llamado%20a%20parlamentarios%20apoyar%20proyecto%20de%20gratuidad%20a%20los%20jardines%20infantiles&#038;url=https:\/\/radiorevelacionfm.cl\/?p=11348' aria-hidden='false' data-av_icon='\ue8fc' data-av_iconfont='entypo-fontello' title='' data-avia-related-tooltip='Compartir en LinkedIn' rel=\"noopener\"><span class='avia_hidden_link_text'>Compartir en LinkedIn<\/span><\/a><\/li><li class='av-share-link av-social-link-mail' ><a  aria-label=\"Compartir por correo\" href='mailto:?subject=Educaci%C3%B3n%20hace%20llamado%20a%20parlamentarios%20apoyar%20proyecto%20de%20gratuidad%20a%20los%20jardines%20infantiles&#038;body=https:\/\/radiorevelacionfm.cl\/?p=11348' aria-hidden='false' data-av_icon='\ue805' data-av_iconfont='entypo-fontello' title='' data-avia-related-tooltip='Compartir por correo'><span class='avia_hidden_link_text'>Compartir por correo<\/span><\/a><\/li><\/ul><\/div><\/div>\n<div  style='height:50px' class='hr hr-invisible   avia-builder-el-8  el_after_av_social_share  el_before_av_comments_list '><span class='hr-inner ' ><span class='hr-inner-style'><\/span><\/span><\/div>\n<div  class='av-buildercomment  av-blog-meta-html-info-disabled av-blog-meta-tag-disabled  '><\/div>\n","protected":false},"excerpt":{"rendered":"","protected":false},"author":1,"featured_media":11349,"comment_status":"open","ping_status":"open","sticky":false,"template":"","format":"standard","meta":{"footnotes":""},"categories":[49],"tags":[],"class_list":["post-11348","post","type-post","status-publish","format-standard","has-post-thumbnail","hentry","category-educacion"],"jetpack_featured_media_url":"https:\/\/radiorevelacionfm.cl\/wp-content\/uploads\/2021\/11\/3-21i-1_optimized.jpg","_links":{"self":[{"href":"https:\/\/radiorevelacionfm.cl\/index.php?rest_route=\/wp\/v2\/posts\/11348","targetHints":{"allow":["GET"]}}],"collection":[{"href":"https:\/\/radiorevelacionfm.cl\/index.php?rest_route=\/wp\/v2\/posts"}],"about":[{"href":"https:\/\/radiorevelacionfm.cl\/index.php?rest_route=\/wp\/v2\/types\/post"}],"author":[{"embeddable":true,"href":"https:\/\/radiorevelacionfm.cl\/index.php?rest_route=\/wp\/v2\/users\/1"}],"replies":[{"embeddable":true,"href":"https:\/\/radiorevelacionfm.cl\/index.php?rest_route=%2Fwp%2Fv2%2Fcomments&post=11348"}],"version-history":[{"count":2,"href":"https:\/\/radiorevelacionfm.cl\/index.php?rest_route=\/wp\/v2\/posts\/11348\/revisions"}],"predecessor-version":[{"id":11357,"href":"https:\/\/radiorevelacionfm.cl\/index.php?rest_route=\/wp\/v2\/posts\/11348\/revisions\/11357"}],"wp:featuredmedia":[{"embeddable":true,"href":"https:\/\/radiorevelacionfm.cl\/index.php?rest_route=\/wp\/v2\/media\/11349"}],"wp:attachment":[{"href":"https:\/\/radiorevelacionfm.cl\/index.php?rest_route=%2Fwp%2Fv2%2Fmedia&parent=11348"}],"wp:term":[{"taxonomy":"category","embeddable":true,"href":"https:\/\/radiorevelacionfm.cl\/index.php?rest_route=%2Fwp%2Fv2%2Fcategories&post=11348"},{"taxonomy":"post_tag","embeddable":true,"href":"https:\/\/radiorevelacionfm.cl\/index.php?rest_route=%2Fwp%2Fv2%2Ftags&post=11348"}],"curies":[{"name":"wp","href":"https:\/\/api.w.org\/{rel}","templated":true}]}}