{"id":11340,"date":"2021-11-29T22:19:55","date_gmt":"2021-11-30T01:19:55","guid":{"rendered":"https:\/\/radiorevelacionfm.cl\/?p=11340"},"modified":"2021-11-29T22:19:55","modified_gmt":"2021-11-30T01:19:55","slug":"uaysen-realizara-seminario-ensenando-stem-con-igualdad-de-genero","status":"publish","type":"post","link":"https:\/\/radiorevelacionfm.cl\/?p=11340","title":{"rendered":"UAys\u00e9n realizar\u00e1 seminario \u201cEnse\u00f1ando STEM con Igualdad de G\u00e9nero\u201d"},"content":{"rendered":"<div class=\"flex_column av_one_full  flex_column_div av-zero-column-padding first  avia-builder-el-0  el_before_av_one_full  avia-builder-el-first  \" style='border-radius:0px; '><div  class='avia-image-container  av-styling-    avia-builder-el-1  avia-builder-el-no-sibling  avia-align-center '  itemprop=\"image\" itemscope=\"itemscope\" itemtype=\"https:\/\/schema.org\/ImageObject\"  ><div class='avia-image-container-inner'><div class='avia-image-overlay-wrap'><img decoding=\"async\" class='wp-image-11341 avia-img-lazy-loading-not-11341 avia_image' src=\"https:\/\/radiorevelacionfm.cl\/wp-content\/uploads\/2021\/11\/TWT_seminario_general-1-1.jpg\" alt='' title='TWT_seminario_general (1) (1)' height=\"600\" width=\"1200\"  itemprop=\"thumbnailUrl\" srcset=\"https:\/\/radiorevelacionfm.cl\/wp-content\/uploads\/2021\/11\/TWT_seminario_general-1-1.jpg 1200w, https:\/\/radiorevelacionfm.cl\/wp-content\/uploads\/2021\/11\/TWT_seminario_general-1-1-300x150.jpg 300w, https:\/\/radiorevelacionfm.cl\/wp-content\/uploads\/2021\/11\/TWT_seminario_general-1-1-1030x515.jpg 1030w, https:\/\/radiorevelacionfm.cl\/wp-content\/uploads\/2021\/11\/TWT_seminario_general-1-1-768x384.jpg 768w, https:\/\/radiorevelacionfm.cl\/wp-content\/uploads\/2021\/11\/TWT_seminario_general-1-1-705x353.jpg 705w, https:\/\/radiorevelacionfm.cl\/wp-content\/uploads\/2021\/11\/TWT_seminario_general-1-1-600x300.jpg 600w\" sizes=\"(max-width: 1200px) 100vw, 1200px\" \/><\/div><\/div><\/div><\/div><div class=\"flex_column av_one_full  flex_column_div av-zero-column-padding first  avia-builder-el-2  el_after_av_one_full  el_before_av_one_full  column-top-margin\" style='border-radius:0px; '><section class=\"av_textblock_section \"  itemscope=\"itemscope\" itemtype=\"https:\/\/schema.org\/BlogPosting\" itemprop=\"blogPost\" ><div class='avia_textblock  '   itemprop=\"text\" ><p style=\"text-align: center;\"><strong><span style=\"font-size: 18pt;\">UAys\u00e9n realizar\u00e1 seminario \u201cEnse\u00f1ando STEM con Igualdad de G\u00e9nero\u201d<\/span><\/strong><\/p>\n<div id=\"gtx-trans\" style=\"position: absolute; left: -50px; top: 4.31534px;\">\n<div class=\"gtx-trans-icon\"><\/div>\n<\/div>\n<\/div><\/section><\/div><div class=\"flex_column av_one_full  flex_column_div av-zero-column-padding first  avia-builder-el-4  el_after_av_one_full  el_before_av_hr  column-top-margin\" style='border-radius:0px; '><section class=\"av_textblock_section \"  itemscope=\"itemscope\" itemtype=\"https:\/\/schema.org\/BlogPosting\" itemprop=\"blogPost\" ><div class='avia_textblock  '   itemprop=\"text\" ><p style=\"text-align: justify;\">La instancia regional de formaci\u00f3n docente busca sensibilizar a educadoras, docentes y profesorado respecto del sexismo en la educaci\u00f3n chilena y sus consecuencias en la educaci\u00f3n superior, la econom\u00eda y el desarrollo de las personas.<\/p>\n<p style=\"text-align: justify;\">Reflexionar respecto de las pr\u00e1cticas pedag\u00f3gicas en el aula y conocer experiencias para abordar el desaf\u00edo de incorporar m\u00e1s ni\u00f1as en las \u00e1reas STEM, cuyo t\u00e9rmino es el acr\u00f3nimo de los conceptos en ingl\u00e9s Science, Technology, Engineering and Mathematics (Ciencia, Tecnolog\u00eda, Ingenier\u00eda y Matem\u00e1ticas), es uno de los objetivos de la actividad.<\/p>\n<p style=\"text-align: justify;\">Antonia Santos, coordinadora de la Unidad de Equidad de G\u00e9nero de la Universidad de Ays\u00e9n y, coordinadora de la Comisi\u00f3n de Igualdad de G\u00e9nero del Consejo de Rectores de las Universidades chilenas, cuenta sobre la importancia de abordar esta tem\u00e1tica. \u201cLo que queremos, a nivel regional, es trabajar no sobre la base de quienes ingresan a la universidad, sino que situarnos un poco antes, centr\u00e1ndonos en la formaci\u00f3n en la educaci\u00f3n media, que se va a convertir en la base de ingreso a la Educaci\u00f3n Superior. Vamos a trabajar con los y las docentes, en c\u00f3mo se aborda la educaci\u00f3n con perspectiva de g\u00e9nero, c\u00f3mo formamos a hombres y mujeres, si estamos promocionando la igualdad o si estamos reproduciendo la desigualdad en el entendido de que las mujeres tienen que desarrollar ciertos estudios y los hombre, otros\u201d, indic\u00f3.<\/p>\n<p style=\"text-align: justify;\">Esta instancia se desarrollar\u00e1 el 16 de diciembre del a\u00f1o 2021 y\u00a0 el 13 y 14 de enero del a\u00f1o 2022 en el Campus R\u00edo Simpson de la Universidad de Ays\u00e9n, en formato h\u00edbrido, que contar\u00e1, adem\u00e1s, con transmisi\u00f3n v\u00eda streaming.<\/p>\n<p style=\"text-align: justify;\">Este seminario est\u00e1 dirigido a educadoras, docentes y profesorado de los tres ciclos de educaci\u00f3n: inicial, b\u00e1sica y media de la Regi\u00f3n de Ays\u00e9n.<\/p>\n<p style=\"text-align: justify;\">Las tres jornadas contar\u00e1n con distintos m\u00f3dulos que abordar\u00e1n las siguientes tem\u00e1ticas: \u00bfExiste sexismo en la educaci\u00f3n chilena?, Consecuencias del sexismo en la Educaci\u00f3n chilena y Experiencias y propuestas para abordar el sexismo en la educaci\u00f3n y estar\u00e1n a cargo de Johanna Camacho, Dra. en Ciencias de la Educaci\u00f3n de la Universidad de Chile; Vania Figueroa, investigadora en <a href=\"https:\/\/es.wikipedia.org\/wiki\/Neurociencia\">Neurociencia<\/a> de la Red de Investigadoras y la Corporaci\u00f3n Ni\u00f1as PRO, que nace el a\u00f1o 2016 como una agrupaci\u00f3n de mujeres estudiantes de ingenier\u00eda que tiene como misi\u00f3n empoderar a ni\u00f1as y adolescentes a trav\u00e9s de la ense\u00f1anza de programaci\u00f3n e inspirar vocaciones cient\u00edficas y tecnol\u00f3gicas.<\/p>\n<\/div><\/section><\/div><div  style='height:50px' class='hr hr-invisible   avia-builder-el-6  el_after_av_one_full  el_before_av_social_share '><span class='hr-inner ' ><span class='hr-inner-style'><\/span><\/span><\/div><\/p>\n<div  class='av-social-sharing-box  avia-builder-el-7  el_after_av_hr  el_before_av_hr  '><div class='av-share-box'><h5 class='av-share-link-description av-no-toc '>Compartir esta noticia<\/h5><ul class='av-share-box-list noLightbox'><li class='av-share-link av-social-link-facebook' ><a target=\"_blank\" aria-label=\"Compartir en Facebook\" href='https:\/\/www.facebook.com\/sharer.php?u=https:\/\/radiorevelacionfm.cl\/?p=11340&#038;t=UAys%C3%A9n%20realizar%C3%A1%20seminario%20%E2%80%9CEnse%C3%B1ando%20STEM%20con%20Igualdad%20de%20G%C3%A9nero%E2%80%9D' aria-hidden='false' data-av_icon='\ue8f3' data-av_iconfont='entypo-fontello' title='' data-avia-related-tooltip='Compartir en Facebook' rel=\"noopener\"><span class='avia_hidden_link_text'>Compartir en Facebook<\/span><\/a><\/li><li class='av-share-link av-social-link-twitter' ><a target=\"_blank\" aria-label=\"Compartir en Twitter\" href='https:\/\/twitter.com\/share?text=UAys%C3%A9n%20realizar%C3%A1%20seminario%20%E2%80%9CEnse%C3%B1ando%20STEM%20con%20Igualdad%20de%20G%C3%A9nero%E2%80%9D&#038;url=https:\/\/radiorevelacionfm.cl\/?p=11340' aria-hidden='false' data-av_icon='\ue8f1' data-av_iconfont='entypo-fontello' title='' data-avia-related-tooltip='Compartir en Twitter' rel=\"noopener\"><span class='avia_hidden_link_text'>Compartir en Twitter<\/span><\/a><\/li><li class='av-share-link av-social-link-whatsapp' ><a target=\"_blank\" aria-label=\"Compartir en Whatsapp\" href='https:\/\/api.whatsapp.com\/send?text=https:\/\/radiorevelacionfm.cl\/?p=11340' aria-hidden='false' data-av_icon='\uf232' data-av_iconfont='entypo-fontello' title='' data-avia-related-tooltip='Compartir en Whatsapp' rel=\"noopener\"><span class='avia_hidden_link_text'>Compartir en Whatsapp<\/span><\/a><\/li><li class='av-share-link av-social-link-linkedin' ><a target=\"_blank\" aria-label=\"Compartir en LinkedIn\" href='https:\/\/linkedin.com\/shareArticle?mini=true&#038;title=UAys%C3%A9n%20realizar%C3%A1%20seminario%20%E2%80%9CEnse%C3%B1ando%20STEM%20con%20Igualdad%20de%20G%C3%A9nero%E2%80%9D&#038;url=https:\/\/radiorevelacionfm.cl\/?p=11340' aria-hidden='false' data-av_icon='\ue8fc' data-av_iconfont='entypo-fontello' title='' data-avia-related-tooltip='Compartir en LinkedIn' rel=\"noopener\"><span class='avia_hidden_link_text'>Compartir en LinkedIn<\/span><\/a><\/li><li class='av-share-link av-social-link-mail' ><a  aria-label=\"Compartir por correo\" href='mailto:?subject=UAys%C3%A9n%20realizar%C3%A1%20seminario%20%E2%80%9CEnse%C3%B1ando%20STEM%20con%20Igualdad%20de%20G%C3%A9nero%E2%80%9D&#038;body=https:\/\/radiorevelacionfm.cl\/?p=11340' aria-hidden='false' data-av_icon='\ue805' data-av_iconfont='entypo-fontello' title='' data-avia-related-tooltip='Compartir por correo'><span class='avia_hidden_link_text'>Compartir por correo<\/span><\/a><\/li><\/ul><\/div><\/div>\n<div  style='height:50px' class='hr hr-invisible   avia-builder-el-8  el_after_av_social_share  el_before_av_comments_list '><span class='hr-inner ' ><span class='hr-inner-style'><\/span><\/span><\/div>\n<div  class='av-buildercomment  av-blog-meta-html-info-disabled av-blog-meta-tag-disabled  '><\/div>\n","protected":false},"excerpt":{"rendered":"","protected":false},"author":1,"featured_media":11341,"comment_status":"open","ping_status":"open","sticky":false,"template":"","format":"standard","meta":{"footnotes":""},"categories":[49],"tags":[],"class_list":["post-11340","post","type-post","status-publish","format-standard","has-post-thumbnail","hentry","category-educacion"],"jetpack_featured_media_url":"https:\/\/radiorevelacionfm.cl\/wp-content\/uploads\/2021\/11\/TWT_seminario_general-1-1.jpg","_links":{"self":[{"href":"https:\/\/radiorevelacionfm.cl\/index.php?rest_route=\/wp\/v2\/posts\/11340","targetHints":{"allow":["GET"]}}],"collection":[{"href":"https:\/\/radiorevelacionfm.cl\/index.php?rest_route=\/wp\/v2\/posts"}],"about":[{"href":"https:\/\/radiorevelacionfm.cl\/index.php?rest_route=\/wp\/v2\/types\/post"}],"author":[{"embeddable":true,"href":"https:\/\/radiorevelacionfm.cl\/index.php?rest_route=\/wp\/v2\/users\/1"}],"replies":[{"embeddable":true,"href":"https:\/\/radiorevelacionfm.cl\/index.php?rest_route=%2Fwp%2Fv2%2Fcomments&post=11340"}],"version-history":[{"count":2,"href":"https:\/\/radiorevelacionfm.cl\/index.php?rest_route=\/wp\/v2\/posts\/11340\/revisions"}],"predecessor-version":[{"id":11343,"href":"https:\/\/radiorevelacionfm.cl\/index.php?rest_route=\/wp\/v2\/posts\/11340\/revisions\/11343"}],"wp:featuredmedia":[{"embeddable":true,"href":"https:\/\/radiorevelacionfm.cl\/index.php?rest_route=\/wp\/v2\/media\/11341"}],"wp:attachment":[{"href":"https:\/\/radiorevelacionfm.cl\/index.php?rest_route=%2Fwp%2Fv2%2Fmedia&parent=11340"}],"wp:term":[{"taxonomy":"category","embeddable":true,"href":"https:\/\/radiorevelacionfm.cl\/index.php?rest_route=%2Fwp%2Fv2%2Fcategories&post=11340"},{"taxonomy":"post_tag","embeddable":true,"href":"https:\/\/radiorevelacionfm.cl\/index.php?rest_route=%2Fwp%2Fv2%2Ftags&post=11340"}],"curies":[{"name":"wp","href":"https:\/\/api.w.org\/{rel}","templated":true}]}}