{"id":11336,"date":"2021-11-29T20:49:26","date_gmt":"2021-11-29T23:49:26","guid":{"rendered":"https:\/\/radiorevelacionfm.cl\/?p=11336"},"modified":"2021-11-29T20:49:26","modified_gmt":"2021-11-29T23:49:26","slug":"en-manihuales-fue-detenido-un-sujeto-que-ingreso-a-un-domicilio-y-huyo-en-vehiculo-de-propietaria","status":"publish","type":"post","link":"https:\/\/radiorevelacionfm.cl\/?p=11336","title":{"rendered":"En Ma\u00f1ihuales fue detenido un sujeto que ingres\u00f3 a un domicilio y huy\u00f3 en veh\u00edculo de propietaria"},"content":{"rendered":"<div class=\"flex_column av_one_full  flex_column_div av-zero-column-padding first  avia-builder-el-0  el_before_av_one_full  avia-builder-el-first  \" style='border-radius:0px; '><div  class='avia-image-container  av-styling-    avia-builder-el-1  avia-builder-el-no-sibling  avia-align-center '  itemprop=\"image\" itemscope=\"itemscope\" itemtype=\"https:\/\/schema.org\/ImageObject\"  ><div class='avia-image-container-inner'><div class='avia-image-overlay-wrap'><img decoding=\"async\" class='wp-image-11337 avia-img-lazy-loading-not-11337 avia_image' src=\"https:\/\/radiorevelacionfm.cl\/wp-content\/uploads\/2021\/11\/e_fquxnx0aujrmj-1_optimized.jpg\" alt='' title='e_fquxnx0aujrmj-(1)_optimized' height=\"600\" width=\"1266\"  itemprop=\"thumbnailUrl\" srcset=\"https:\/\/radiorevelacionfm.cl\/wp-content\/uploads\/2021\/11\/e_fquxnx0aujrmj-1_optimized.jpg 1266w, https:\/\/radiorevelacionfm.cl\/wp-content\/uploads\/2021\/11\/e_fquxnx0aujrmj-1_optimized-300x142.jpg 300w, https:\/\/radiorevelacionfm.cl\/wp-content\/uploads\/2021\/11\/e_fquxnx0aujrmj-1_optimized-1030x488.jpg 1030w, https:\/\/radiorevelacionfm.cl\/wp-content\/uploads\/2021\/11\/e_fquxnx0aujrmj-1_optimized-768x364.jpg 768w, https:\/\/radiorevelacionfm.cl\/wp-content\/uploads\/2021\/11\/e_fquxnx0aujrmj-1_optimized-705x334.jpg 705w, https:\/\/radiorevelacionfm.cl\/wp-content\/uploads\/2021\/11\/e_fquxnx0aujrmj-1_optimized-600x284.jpg 600w\" sizes=\"(max-width: 1266px) 100vw, 1266px\" \/><\/div><\/div><\/div><\/div><div class=\"flex_column av_one_full  flex_column_div av-zero-column-padding first  avia-builder-el-2  el_after_av_one_full  el_before_av_one_full  column-top-margin\" style='border-radius:0px; '><section class=\"av_textblock_section \"  itemscope=\"itemscope\" itemtype=\"https:\/\/schema.org\/BlogPosting\" itemprop=\"blogPost\" ><div class='avia_textblock  '   itemprop=\"text\" ><p style=\"text-align: center;\"><strong><span style=\"font-size: 18pt;\">En Ma\u00f1ihuales fue detenido un sujeto que ingres\u00f3 a un domicilio y huy\u00f3 en veh\u00edculo de propietaria<\/span><\/strong><\/p>\n<div id=\"gtx-trans\" style=\"position: absolute; left: -50px; top: 4.31534px;\">\n<div class=\"gtx-trans-icon\"><\/div>\n<\/div>\n<\/div><\/section><\/div><div class=\"flex_column av_one_full  flex_column_div av-zero-column-padding first  avia-builder-el-4  el_after_av_one_full  el_before_av_hr  column-top-margin\" style='border-radius:0px; '><section class=\"av_textblock_section \"  itemscope=\"itemscope\" itemtype=\"https:\/\/schema.org\/BlogPosting\" itemprop=\"blogPost\" ><div class='avia_textblock  '   itemprop=\"text\" ><p class=\"v1MsoNormal\" style=\"text-align: justify;\">Tras un r\u00e1pido actuar y luego de exhaustivas diligencias desarrolladas por personal de Carabineros del Ret\u00e9n Villa Ma\u00f1ihuales, permiti\u00f3 la recuperaci\u00f3n de un veh\u00edculo sustra\u00eddo desde el interior del domicilio de la afectada, en el cual se dio a la fuga a trav\u00e9s de la Ruta 7, siendo detenido por el personal por los delitos de hurto de veh\u00edculo motorizado, conducci\u00f3n en estado de ebriedad y violaci\u00f3n de morada.<\/p>\n<p class=\"v1MsoNormal\" style=\"text-align: justify;\">Seg\u00fan indic\u00f3 el Subcomisario de los Servicios de la Segunda Comisar\u00eda de Puerto Ays\u00e9n, Teniente Jaime Esparza, los hechos se registraron aproximadamente a las 01:50 horas de este lunes, luego que en los instantes en que el personal del Ret\u00e9n Villa Ma\u00f1ihuales desarrollada un patrullaje preventivo en su sector jurisdiccional divis\u00f3 a un sujeto, el cual tras percatarse de la presencia policial \u2013por causas que se investigan- se dio a la fuga e ingres\u00f3 hacia el interior de un domicilio del sector.<\/p>\n<p class=\"v1MsoNormal\" style=\"text-align: justify;\">\u00abTranscurridos unos minutos sali\u00f3 desde el interior a gran velocidad a bordo de un veh\u00edculo marca Kia modelo Sorento, conducido por el mismo individuo. A consecuencia de lo anterior, se inicia un seguimiento a distancia con precauci\u00f3n, logrando darle alcance en el km. 72 de la Ruta 7 Norte, detectando a esta persona aparentemente bajo los efectos del alcohol, siendo detenido y puesto a disposici\u00f3n del Ministerio P\u00fablico\u00bb, detall\u00f3 el Oficial.<\/p>\n<p class=\"v1MsoNormal\" style=\"text-align: justify;\">El infractor de ley fue aprehendido por los delitos de hurto de veh\u00edculo motorizado, conducci\u00f3n en estado de ebriedad y violaci\u00f3n de morada.<\/p>\n<p class=\"v1MsoNormal\" style=\"text-align: justify;\">Asimismo, el individuo fue derivado al Juzgado de Garant\u00eda pasando a la audiencia de control de detenci\u00f3n por este hecho.<\/p>\n<p class=\"v1MsoNormal\" style=\"text-align: justify;\">Tras la diligencia, Carabineros del Ret\u00e9n Villa Ma\u00f1ihuales recuper\u00f3 \u2013sin da\u00f1os- el m\u00f3vil empleado por el sujeto en su huida, el cual fue entregado a su propietaria.<\/p>\n<p style=\"text-align: justify;\">Carabineros reiter\u00f3 el llamado a la comunidad a cerrar correctamente las rejas o portones de sus domicilios, evitando dejar los veh\u00edculos con las puertas sin seguro o las llaves en el contacto. Similares resguardos deben ser adoptados al momento de estacionarlos en la v\u00eda p\u00fablica, dej\u00e1ndolos siempre en lugares iluminados, usar traba volante, no dejar la documentaci\u00f3n ni especies de valor a la vista, previniendo el ser v\u00edctimas de la sustracci\u00f3n del m\u00f3vil.<\/p>\n<\/div><\/section><\/div><div  style='height:50px' class='hr hr-invisible   avia-builder-el-6  el_after_av_one_full  el_before_av_social_share '><span class='hr-inner ' ><span class='hr-inner-style'><\/span><\/span><\/div><\/p>\n<div  class='av-social-sharing-box  avia-builder-el-7  el_after_av_hr  el_before_av_hr  '><div class='av-share-box'><h5 class='av-share-link-description av-no-toc '>Compartir esta noticia<\/h5><ul class='av-share-box-list noLightbox'><li class='av-share-link av-social-link-facebook' ><a target=\"_blank\" aria-label=\"Compartir en Facebook\" href='https:\/\/www.facebook.com\/sharer.php?u=https:\/\/radiorevelacionfm.cl\/?p=11336&#038;t=En%20Ma%C3%B1ihuales%20fue%20detenido%20un%20sujeto%20que%20ingres%C3%B3%20a%20un%20domicilio%20y%20huy%C3%B3%20en%20veh%C3%ADculo%20de%20propietaria' aria-hidden='false' data-av_icon='\ue8f3' data-av_iconfont='entypo-fontello' title='' data-avia-related-tooltip='Compartir en Facebook' rel=\"noopener\"><span class='avia_hidden_link_text'>Compartir en Facebook<\/span><\/a><\/li><li class='av-share-link av-social-link-twitter' ><a target=\"_blank\" aria-label=\"Compartir en Twitter\" href='https:\/\/twitter.com\/share?text=En%20Ma%C3%B1ihuales%20fue%20detenido%20un%20sujeto%20que%20ingres%C3%B3%20a%20un%20domicilio%20y%20huy%C3%B3%20en%20veh%C3%ADculo%20de%20propietaria&#038;url=https:\/\/radiorevelacionfm.cl\/?p=11336' aria-hidden='false' data-av_icon='\ue8f1' data-av_iconfont='entypo-fontello' title='' data-avia-related-tooltip='Compartir en Twitter' rel=\"noopener\"><span class='avia_hidden_link_text'>Compartir en Twitter<\/span><\/a><\/li><li class='av-share-link av-social-link-whatsapp' ><a target=\"_blank\" aria-label=\"Compartir en Whatsapp\" href='https:\/\/api.whatsapp.com\/send?text=https:\/\/radiorevelacionfm.cl\/?p=11336' aria-hidden='false' data-av_icon='\uf232' data-av_iconfont='entypo-fontello' title='' data-avia-related-tooltip='Compartir en Whatsapp' rel=\"noopener\"><span class='avia_hidden_link_text'>Compartir en Whatsapp<\/span><\/a><\/li><li class='av-share-link av-social-link-linkedin' ><a target=\"_blank\" aria-label=\"Compartir en LinkedIn\" href='https:\/\/linkedin.com\/shareArticle?mini=true&#038;title=En%20Ma%C3%B1ihuales%20fue%20detenido%20un%20sujeto%20que%20ingres%C3%B3%20a%20un%20domicilio%20y%20huy%C3%B3%20en%20veh%C3%ADculo%20de%20propietaria&#038;url=https:\/\/radiorevelacionfm.cl\/?p=11336' aria-hidden='false' data-av_icon='\ue8fc' data-av_iconfont='entypo-fontello' title='' data-avia-related-tooltip='Compartir en LinkedIn' rel=\"noopener\"><span class='avia_hidden_link_text'>Compartir en LinkedIn<\/span><\/a><\/li><li class='av-share-link av-social-link-mail' ><a  aria-label=\"Compartir por correo\" href='mailto:?subject=En%20Ma%C3%B1ihuales%20fue%20detenido%20un%20sujeto%20que%20ingres%C3%B3%20a%20un%20domicilio%20y%20huy%C3%B3%20en%20veh%C3%ADculo%20de%20propietaria&#038;body=https:\/\/radiorevelacionfm.cl\/?p=11336' aria-hidden='false' data-av_icon='\ue805' data-av_iconfont='entypo-fontello' title='' data-avia-related-tooltip='Compartir por correo'><span class='avia_hidden_link_text'>Compartir por correo<\/span><\/a><\/li><\/ul><\/div><\/div>\n<div  style='height:50px' class='hr hr-invisible   avia-builder-el-8  el_after_av_social_share  el_before_av_comments_list '><span class='hr-inner ' ><span class='hr-inner-style'><\/span><\/span><\/div>\n<div  class='av-buildercomment  av-blog-meta-html-info-disabled av-blog-meta-tag-disabled  '><\/div>\n","protected":false},"excerpt":{"rendered":"","protected":false},"author":1,"featured_media":11337,"comment_status":"open","ping_status":"open","sticky":false,"template":"","format":"standard","meta":{"footnotes":""},"categories":[36],"tags":[],"class_list":["post-11336","post","type-post","status-publish","format-standard","has-post-thumbnail","hentry","category-policial"],"jetpack_featured_media_url":"https:\/\/radiorevelacionfm.cl\/wp-content\/uploads\/2021\/11\/e_fquxnx0aujrmj-1_optimized.jpg","_links":{"self":[{"href":"https:\/\/radiorevelacionfm.cl\/index.php?rest_route=\/wp\/v2\/posts\/11336","targetHints":{"allow":["GET"]}}],"collection":[{"href":"https:\/\/radiorevelacionfm.cl\/index.php?rest_route=\/wp\/v2\/posts"}],"about":[{"href":"https:\/\/radiorevelacionfm.cl\/index.php?rest_route=\/wp\/v2\/types\/post"}],"author":[{"embeddable":true,"href":"https:\/\/radiorevelacionfm.cl\/index.php?rest_route=\/wp\/v2\/users\/1"}],"replies":[{"embeddable":true,"href":"https:\/\/radiorevelacionfm.cl\/index.php?rest_route=%2Fwp%2Fv2%2Fcomments&post=11336"}],"version-history":[{"count":2,"href":"https:\/\/radiorevelacionfm.cl\/index.php?rest_route=\/wp\/v2\/posts\/11336\/revisions"}],"predecessor-version":[{"id":11339,"href":"https:\/\/radiorevelacionfm.cl\/index.php?rest_route=\/wp\/v2\/posts\/11336\/revisions\/11339"}],"wp:featuredmedia":[{"embeddable":true,"href":"https:\/\/radiorevelacionfm.cl\/index.php?rest_route=\/wp\/v2\/media\/11337"}],"wp:attachment":[{"href":"https:\/\/radiorevelacionfm.cl\/index.php?rest_route=%2Fwp%2Fv2%2Fmedia&parent=11336"}],"wp:term":[{"taxonomy":"category","embeddable":true,"href":"https:\/\/radiorevelacionfm.cl\/index.php?rest_route=%2Fwp%2Fv2%2Fcategories&post=11336"},{"taxonomy":"post_tag","embeddable":true,"href":"https:\/\/radiorevelacionfm.cl\/index.php?rest_route=%2Fwp%2Fv2%2Ftags&post=11336"}],"curies":[{"name":"wp","href":"https:\/\/api.w.org\/{rel}","templated":true}]}}