{"id":11332,"date":"2021-11-29T20:32:46","date_gmt":"2021-11-29T23:32:46","guid":{"rendered":"https:\/\/radiorevelacionfm.cl\/?p=11332"},"modified":"2021-11-29T20:32:46","modified_gmt":"2021-11-29T23:32:46","slug":"concejal-de-chile-chico-lamento-el-fallecimiento-de-una-persona-que-intento-cruzar-el-rio-jeinimeni-para-visitar-a-su-padre","status":"publish","type":"post","link":"https:\/\/radiorevelacionfm.cl\/?p=11332","title":{"rendered":"Concejal de Chile Chico lament\u00f3 el fallecimiento de una persona que intent\u00f3 cruzar el rio Jeinimeni para visitar a su padre"},"content":{"rendered":"<div class=\"flex_column av_one_full  flex_column_div av-zero-column-padding first  avia-builder-el-0  el_before_av_one_full  avia-builder-el-first  \" style='border-radius:0px; '><div  class='avia-image-container  av-styling-    avia-builder-el-1  avia-builder-el-no-sibling  avia-align-center '  itemprop=\"image\" itemscope=\"itemscope\" itemtype=\"https:\/\/schema.org\/ImageObject\"  ><div class='avia-image-container-inner'><div class='avia-image-overlay-wrap'><img decoding=\"async\" class='wp-image-11333 avia-img-lazy-loading-not-11333 avia_image' src=\"https:\/\/radiorevelacionfm.cl\/wp-content\/uploads\/2021\/11\/CONCEJAL-FIGUEROA-3i-1-1.jpg\" alt='' title='CONCEJAL FIGUEROA 3i (1) (1)' height=\"600\" width=\"882\"  itemprop=\"thumbnailUrl\" srcset=\"https:\/\/radiorevelacionfm.cl\/wp-content\/uploads\/2021\/11\/CONCEJAL-FIGUEROA-3i-1-1.jpg 882w, https:\/\/radiorevelacionfm.cl\/wp-content\/uploads\/2021\/11\/CONCEJAL-FIGUEROA-3i-1-1-300x204.jpg 300w, https:\/\/radiorevelacionfm.cl\/wp-content\/uploads\/2021\/11\/CONCEJAL-FIGUEROA-3i-1-1-768x522.jpg 768w, https:\/\/radiorevelacionfm.cl\/wp-content\/uploads\/2021\/11\/CONCEJAL-FIGUEROA-3i-1-1-705x480.jpg 705w, https:\/\/radiorevelacionfm.cl\/wp-content\/uploads\/2021\/11\/CONCEJAL-FIGUEROA-3i-1-1-600x408.jpg 600w\" sizes=\"(max-width: 882px) 100vw, 882px\" \/><\/div><\/div><\/div><\/div><div class=\"flex_column av_one_full  flex_column_div av-zero-column-padding first  avia-builder-el-2  el_after_av_one_full  el_before_av_one_full  column-top-margin\" style='border-radius:0px; '><section class=\"av_textblock_section \"  itemscope=\"itemscope\" itemtype=\"https:\/\/schema.org\/BlogPosting\" itemprop=\"blogPost\" ><div class='avia_textblock  '   itemprop=\"text\" ><p style=\"text-align: center;\"><strong><span style=\"font-size: 18pt;\">Concejal de Chile Chico lament\u00f3 el fallecimiento de una persona que intent\u00f3 cruzar el rio Jeinimeni para visitar a su padre <\/span><\/strong><\/p>\n<div id=\"gtx-trans\" style=\"position: absolute; left: -50px; top: 4.31534px;\">\n<div class=\"gtx-trans-icon\"><\/div>\n<\/div>\n<\/div><\/section><\/div><div class=\"flex_column av_one_full  flex_column_div av-zero-column-padding first  avia-builder-el-4  el_after_av_one_full  el_before_av_hr  column-top-margin\" style='border-radius:0px; '><section class=\"av_textblock_section \"  itemscope=\"itemscope\" itemtype=\"https:\/\/schema.org\/BlogPosting\" itemprop=\"blogPost\" ><div class='avia_textblock  '   itemprop=\"text\" ><p style=\"text-align: justify;\">Desde el momento que se enter\u00f3 del tr\u00e1gico hecho ocurrido en el rio Jeinimeni, el Concejal de la comuna de Chile Chico, Mario Figueroa Mayorga, reiter\u00f3 su preocupaci\u00f3n por la necesidad de que se habilite, por ahora de manera gradual, la apertura del paso fronterizo.<\/p>\n<p style=\"text-align: justify;\">Esto permitir\u00eda que las familias se reencuentren y especialmente muchos adultos mayores puedan ser visitados por sus hijos o parientes, ya que, son m\u00e1s de dos a\u00f1os sin estar junto a sus seres queridos producto de la pandemia.<\/p>\n<p style=\"text-align: justify;\">Precisamente una de las falencias en este periodo ha sido un trabajo directo en base a la salud mental de nuestros mayores, indic\u00f3 el Concejal, Mario Figueroa.<\/p>\n<p style=\"text-align: justify;\">\u201cLamentablemente no ha sido posible atender esta situaci\u00f3n por parte de nuestras autoridades tanto chilenas como argentinas. He tenido la posibilidad de conversar con amigos que viven en M\u00e9xico, Estados Unidos, donde por razones humanitarias y precisamente en zonas fronterizas, han hecho excepciones. Con los protocolos sanitarios, con los PCR, con las mascarillas, los familiares se han podido visitar. Ac\u00e1 lamentablemente en Chile Chico estamos viviendo una situaci\u00f3n muy dif\u00edcil y lamentablemente, adem\u00e1s, no nos hemos hecho cargo de la salud mental de nuestros adultos mayores. Adultos mayores que tienen familiares en Argentina y en Chile, pero que est\u00e1n impedidos hoy d\u00eda de poder visitarlos\u201d.<\/p>\n<p style=\"text-align: justify;\">Mario Figueroa, lament\u00f3 lo ocurrido con la persona que falleci\u00f3 mientras intentaba cruzar el rio Jeinimeni, ya que, que solo buscaba poder visitar y saber c\u00f3mo estaba su padre, indic\u00f3 el Concejal.<\/p>\n<p style=\"text-align: justify;\">\u201cTenemos que lamentar la partida repentina de una persona, un amigo, Santiago Foitzick, el Chago como le conoc\u00edamos sus amigos, una persona mayor que resid\u00eda en la localidad de Los Antiguos en Argentina. \u00c9l intent\u00f3 en una acci\u00f3n desesperada cruzar el rio Jeinimeni, por un hecho muy noble, quer\u00eda ver a su padre don Honorindo, que vive en Chile Chico, tiene m\u00e1s de ochenta a\u00f1os y que producto de la pandemia ha estado solo todo este tiempo\u201d.<\/p>\n<p style=\"text-align: justify;\">Figueroa se\u00f1al\u00f3 tambi\u00e9n que convers\u00f3 directamente con el Diputado Miguel \u00c1ngel Calisto, a quien le solicit\u00f3 encarecidamente, y en nombre de muchas familias, pueda interceder a nivel central para que exista un apertura gradual de frontera en Chile Chico, que permita, por ejemplo, a los adultos mayores reencontrarse con sus familiares tras dos a\u00f1os de pandemia.<\/p>\n<p style=\"text-align: justify;\">\u201cComencemos con una apertura gradual, con todos los protocolos y permitamos a esos viejos, que quiz\u00e1s est\u00e1n viviendo sus \u00faltimos d\u00edas, poder estar con sus seres queridos. Hoy debo decir con mucha tristeza, lamentamos la p\u00e9rdida de un amigo, \u00e9l solo quer\u00eda abrazar a su viejo y la verdad reitero, nos hemos despreocupado de la salud mental de nuestros adultos mayores. Ya basta de protocolos y de leyes, por favor seamos personas nuevamente, es lo que les pido humildemente a las autoridades. Temprano converse con el Diputado Calisto y qued\u00f3 en realizar gestiones a contar de este d\u00eda lunes con el nivel central, con el fin de buscar una apertura inicial ac\u00e1 en Jeinimeni para que las familias se puedan reencontrar\u201d, manifest\u00f3 el Concejal de la comuna de Chile Chico.<\/p>\n<\/div><\/section><\/div><div  style='height:50px' class='hr hr-invisible   avia-builder-el-6  el_after_av_one_full  el_before_av_social_share '><span class='hr-inner ' ><span class='hr-inner-style'><\/span><\/span><\/div><\/p>\n<div  class='av-social-sharing-box  avia-builder-el-7  el_after_av_hr  el_before_av_hr  '><div class='av-share-box'><h5 class='av-share-link-description av-no-toc '>Compartir esta noticia<\/h5><ul class='av-share-box-list noLightbox'><li class='av-share-link av-social-link-facebook' ><a target=\"_blank\" aria-label=\"Compartir en Facebook\" href='https:\/\/www.facebook.com\/sharer.php?u=https:\/\/radiorevelacionfm.cl\/?p=11332&#038;t=Concejal%20de%20Chile%20Chico%20lament%C3%B3%20el%20fallecimiento%20de%20una%20persona%20que%20intent%C3%B3%20cruzar%20el%20rio%20Jeinimeni%20para%20visitar%20a%20su%20padre' aria-hidden='false' data-av_icon='\ue8f3' data-av_iconfont='entypo-fontello' title='' data-avia-related-tooltip='Compartir en Facebook' rel=\"noopener\"><span class='avia_hidden_link_text'>Compartir en Facebook<\/span><\/a><\/li><li class='av-share-link av-social-link-twitter' ><a target=\"_blank\" aria-label=\"Compartir en Twitter\" href='https:\/\/twitter.com\/share?text=Concejal%20de%20Chile%20Chico%20lament%C3%B3%20el%20fallecimiento%20de%20una%20persona%20que%20intent%C3%B3%20cruzar%20el%20rio%20Jeinimeni%20para%20visitar%20a%20su%20padre&#038;url=https:\/\/radiorevelacionfm.cl\/?p=11332' aria-hidden='false' data-av_icon='\ue8f1' data-av_iconfont='entypo-fontello' title='' data-avia-related-tooltip='Compartir en Twitter' rel=\"noopener\"><span class='avia_hidden_link_text'>Compartir en Twitter<\/span><\/a><\/li><li class='av-share-link av-social-link-whatsapp' ><a target=\"_blank\" aria-label=\"Compartir en Whatsapp\" href='https:\/\/api.whatsapp.com\/send?text=https:\/\/radiorevelacionfm.cl\/?p=11332' aria-hidden='false' data-av_icon='\uf232' data-av_iconfont='entypo-fontello' title='' data-avia-related-tooltip='Compartir en Whatsapp' rel=\"noopener\"><span class='avia_hidden_link_text'>Compartir en Whatsapp<\/span><\/a><\/li><li class='av-share-link av-social-link-linkedin' ><a target=\"_blank\" aria-label=\"Compartir en LinkedIn\" href='https:\/\/linkedin.com\/shareArticle?mini=true&#038;title=Concejal%20de%20Chile%20Chico%20lament%C3%B3%20el%20fallecimiento%20de%20una%20persona%20que%20intent%C3%B3%20cruzar%20el%20rio%20Jeinimeni%20para%20visitar%20a%20su%20padre&#038;url=https:\/\/radiorevelacionfm.cl\/?p=11332' aria-hidden='false' data-av_icon='\ue8fc' data-av_iconfont='entypo-fontello' title='' data-avia-related-tooltip='Compartir en LinkedIn' rel=\"noopener\"><span class='avia_hidden_link_text'>Compartir en LinkedIn<\/span><\/a><\/li><li class='av-share-link av-social-link-mail' ><a  aria-label=\"Compartir por correo\" href='mailto:?subject=Concejal%20de%20Chile%20Chico%20lament%C3%B3%20el%20fallecimiento%20de%20una%20persona%20que%20intent%C3%B3%20cruzar%20el%20rio%20Jeinimeni%20para%20visitar%20a%20su%20padre&#038;body=https:\/\/radiorevelacionfm.cl\/?p=11332' aria-hidden='false' data-av_icon='\ue805' data-av_iconfont='entypo-fontello' title='' data-avia-related-tooltip='Compartir por correo'><span class='avia_hidden_link_text'>Compartir por correo<\/span><\/a><\/li><\/ul><\/div><\/div>\n<div  style='height:50px' class='hr hr-invisible   avia-builder-el-8  el_after_av_social_share  el_before_av_comments_list '><span class='hr-inner ' ><span class='hr-inner-style'><\/span><\/span><\/div>\n<div  class='av-buildercomment  av-blog-meta-html-info-disabled av-blog-meta-tag-disabled  '><\/div>\n","protected":false},"excerpt":{"rendered":"","protected":false},"author":1,"featured_media":11333,"comment_status":"open","ping_status":"open","sticky":false,"template":"","format":"standard","meta":{"footnotes":""},"categories":[38],"tags":[],"class_list":["post-11332","post","type-post","status-publish","format-standard","has-post-thumbnail","hentry","category-regional"],"jetpack_featured_media_url":"https:\/\/radiorevelacionfm.cl\/wp-content\/uploads\/2021\/11\/CONCEJAL-FIGUEROA-3i-1-1.jpg","_links":{"self":[{"href":"https:\/\/radiorevelacionfm.cl\/index.php?rest_route=\/wp\/v2\/posts\/11332","targetHints":{"allow":["GET"]}}],"collection":[{"href":"https:\/\/radiorevelacionfm.cl\/index.php?rest_route=\/wp\/v2\/posts"}],"about":[{"href":"https:\/\/radiorevelacionfm.cl\/index.php?rest_route=\/wp\/v2\/types\/post"}],"author":[{"embeddable":true,"href":"https:\/\/radiorevelacionfm.cl\/index.php?rest_route=\/wp\/v2\/users\/1"}],"replies":[{"embeddable":true,"href":"https:\/\/radiorevelacionfm.cl\/index.php?rest_route=%2Fwp%2Fv2%2Fcomments&post=11332"}],"version-history":[{"count":2,"href":"https:\/\/radiorevelacionfm.cl\/index.php?rest_route=\/wp\/v2\/posts\/11332\/revisions"}],"predecessor-version":[{"id":11335,"href":"https:\/\/radiorevelacionfm.cl\/index.php?rest_route=\/wp\/v2\/posts\/11332\/revisions\/11335"}],"wp:featuredmedia":[{"embeddable":true,"href":"https:\/\/radiorevelacionfm.cl\/index.php?rest_route=\/wp\/v2\/media\/11333"}],"wp:attachment":[{"href":"https:\/\/radiorevelacionfm.cl\/index.php?rest_route=%2Fwp%2Fv2%2Fmedia&parent=11332"}],"wp:term":[{"taxonomy":"category","embeddable":true,"href":"https:\/\/radiorevelacionfm.cl\/index.php?rest_route=%2Fwp%2Fv2%2Fcategories&post=11332"},{"taxonomy":"post_tag","embeddable":true,"href":"https:\/\/radiorevelacionfm.cl\/index.php?rest_route=%2Fwp%2Fv2%2Ftags&post=11332"}],"curies":[{"name":"wp","href":"https:\/\/api.w.org\/{rel}","templated":true}]}}