{"id":11328,"date":"2021-11-29T17:50:45","date_gmt":"2021-11-29T20:50:45","guid":{"rendered":"https:\/\/radiorevelacionfm.cl\/?p=11328"},"modified":"2021-11-29T17:50:45","modified_gmt":"2021-11-29T20:50:45","slug":"mediante-aumento-de-subsidio-en-transporte-maritimo-se-exigira-contratacion-de-remolcador-a-empresas-navieras","status":"publish","type":"post","link":"https:\/\/radiorevelacionfm.cl\/?p=11328","title":{"rendered":"Mediante aumento de subsidio en transporte mar\u00edtimo se exigir\u00e1 contrataci\u00f3n de remolcador a empresas navieras"},"content":{"rendered":"<div class=\"flex_column av_one_full  flex_column_div av-zero-column-padding first  avia-builder-el-0  el_before_av_one_full  avia-builder-el-first  \" style='border-radius:0px; '><div  class='avia-image-container  av-styling-    avia-builder-el-1  avia-builder-el-no-sibling  avia-align-center '  itemprop=\"image\" itemscope=\"itemscope\" itemtype=\"https:\/\/schema.org\/ImageObject\"  ><div class='avia-image-container-inner'><div class='avia-image-overlay-wrap'><img decoding=\"async\" class='wp-image-11329 avia-img-lazy-loading-not-11329 avia_image' src=\"https:\/\/radiorevelacionfm.cl\/wp-content\/uploads\/2021\/11\/dsc_0169-1_optimized.jpg\" alt='' title='dsc_0169-(1)_optimized' height=\"600\" width=\"902\"  itemprop=\"thumbnailUrl\" srcset=\"https:\/\/radiorevelacionfm.cl\/wp-content\/uploads\/2021\/11\/dsc_0169-1_optimized.jpg 902w, https:\/\/radiorevelacionfm.cl\/wp-content\/uploads\/2021\/11\/dsc_0169-1_optimized-300x200.jpg 300w, https:\/\/radiorevelacionfm.cl\/wp-content\/uploads\/2021\/11\/dsc_0169-1_optimized-768x511.jpg 768w, https:\/\/radiorevelacionfm.cl\/wp-content\/uploads\/2021\/11\/dsc_0169-1_optimized-705x469.jpg 705w, https:\/\/radiorevelacionfm.cl\/wp-content\/uploads\/2021\/11\/dsc_0169-1_optimized-600x399.jpg 600w\" sizes=\"(max-width: 902px) 100vw, 902px\" \/><\/div><\/div><\/div><\/div><div class=\"flex_column av_one_full  flex_column_div av-zero-column-padding first  avia-builder-el-2  el_after_av_one_full  el_before_av_one_full  column-top-margin\" style='border-radius:0px; '><section class=\"av_textblock_section \"  itemscope=\"itemscope\" itemtype=\"https:\/\/schema.org\/BlogPosting\" itemprop=\"blogPost\" ><div class='avia_textblock  '   itemprop=\"text\" ><p style=\"text-align: center;\"><span style=\"font-size: 18pt;\"><b>Mediante aumento de subsidio en transporte mar\u00edtimo se exigir\u00e1 contrataci\u00f3n de remolcador a empresas navieras<\/b><\/span><\/p>\n<div id=\"gtx-trans\" style=\"position: absolute; left: -50px; top: 4.31534px;\">\n<div class=\"gtx-trans-icon\"><\/div>\n<\/div>\n<\/div><\/section><\/div><div class=\"flex_column av_one_full  flex_column_div av-zero-column-padding first  avia-builder-el-4  el_after_av_one_full  el_before_av_hr  column-top-margin\" style='border-radius:0px; '><section class=\"av_textblock_section \"  itemscope=\"itemscope\" itemtype=\"https:\/\/schema.org\/BlogPosting\" itemprop=\"blogPost\" ><div class='avia_textblock  '   itemprop=\"text\" ><p style=\"font-weight: 400; text-align: justify;\">Este domingo 28 de noviembre, las condiciones clim\u00e1ticas y la exigencia de la Armada para que el atraque de las naves se realice mediante un remolcador, mantuvieron a los pasajeros de la nave Jacaf alrededor de ocho horas a la espera del desembarque. Similar situaci\u00f3n se vivi\u00f3 en mayo, en donde se levant\u00f3 un proceso sancionatorio contra la empresa Naviera Austral, a ra\u00edz de los reclamos de los usuarios del trayecto entre Puerto Aguirre y Puerto Chacabuco.<\/p>\n<p style=\"font-weight: 400; text-align: justify;\">Con estos antecedentes, el seremiTT Fabi\u00e1n Rojas anunci\u00f3 que para el pr\u00f3ximo mes de enero y con la renovaci\u00f3n del contrato de la Ruta Cordillera, se contempla un aumento de subvenci\u00f3n a la empresa adjudicataria, que solvente los eventuales costos de contrataci\u00f3n de estas naves de apoyo. De esta forma, se podr\u00e1 cumplir con el requerimiento de la autoridad mar\u00edtima para permitir las maniobras de las barcazas y el desembarco de los pasajeros, pese al mal tiempo.<\/p>\n<p style=\"font-weight: 400; text-align: justify;\">\u201cEs una realidad que se ha dado cuando existen malas condiciones, la Armada declara puerto cerrado y para poder atracar se exige un remolcador. Este tema lo hemos analizado con la Junta de Vecinos y sus dirigentes; ayer tuve contacto con ellos durante el d\u00eda, con la sra. Silvia Figueroa y otros vecinos que estaban a bordo de la nave. Por ello, quiero darles una tranquilidad ya que esperamos que las situaciones que se han vivido producto del contrato vigente se terminen a partir de enero, con un nuevo contrato donde se establezca la exigencia de un remolcador mediante un aumento del subsidio\u201d, explic\u00f3 Rojas.<\/p>\n<p style=\"font-weight: 400; text-align: justify;\">El secretario Regional Ministerial agreg\u00f3 que en el caso puntual registrado el pasado domingo se mantuvo el monitoreo de la situaci\u00f3n con quienes se trasladaban en la Jacaf hacia Puerto Chacabuco, a fin de constatar las condiciones de su viaje: \u201cNosotros ayer gestionamos colaciones para las personas que estaban embarcadas y que tuvieran las condiciones m\u00ednimas de habitabilidad. En ese mismo sentido, vamos a disponer el d\u00eda de hoy un proceso sancionatorio contra la empresa a partir de la denuncia formulada por los vecinos\u201d.<\/p>\n<p style=\"font-weight: 400; text-align: justify;\">El seremi concluy\u00f3 que este aumento de subsidio permitir\u00e1 que la exigencia de la autoridad mar\u00edtima sea cumplida por la empresa y no esperar decisiones como que las condiciones del tiempo cambien o que la empresa contrate o no un remolcador. De esta manera se podr\u00e1 entregar una mejora en el transporte de los vecinos de Puerto Aguirre hacia Puerto Chacabuco y viceversa.<\/p>\n<p style=\"font-weight: 400; text-align: justify;\"><strong>\u00a0<\/strong><\/p>\n<\/div><\/section><\/div><div  style='height:50px' class='hr hr-invisible   avia-builder-el-6  el_after_av_one_full  el_before_av_social_share '><span class='hr-inner ' ><span class='hr-inner-style'><\/span><\/span><\/div><\/p>\n<div  class='av-social-sharing-box  avia-builder-el-7  el_after_av_hr  el_before_av_hr  '><div class='av-share-box'><h5 class='av-share-link-description av-no-toc '>Compartir esta noticia<\/h5><ul class='av-share-box-list noLightbox'><li class='av-share-link av-social-link-facebook' ><a target=\"_blank\" aria-label=\"Compartir en Facebook\" href='https:\/\/www.facebook.com\/sharer.php?u=https:\/\/radiorevelacionfm.cl\/?p=11328&#038;t=Mediante%20aumento%20de%20subsidio%20en%20transporte%20mar%C3%ADtimo%20se%20exigir%C3%A1%20contrataci%C3%B3n%20de%20remolcador%20a%20empresas%20navieras' aria-hidden='false' data-av_icon='\ue8f3' data-av_iconfont='entypo-fontello' title='' data-avia-related-tooltip='Compartir en Facebook' rel=\"noopener\"><span class='avia_hidden_link_text'>Compartir en Facebook<\/span><\/a><\/li><li class='av-share-link av-social-link-twitter' ><a target=\"_blank\" aria-label=\"Compartir en Twitter\" href='https:\/\/twitter.com\/share?text=Mediante%20aumento%20de%20subsidio%20en%20transporte%20mar%C3%ADtimo%20se%20exigir%C3%A1%20contrataci%C3%B3n%20de%20remolcador%20a%20empresas%20navieras&#038;url=https:\/\/radiorevelacionfm.cl\/?p=11328' aria-hidden='false' data-av_icon='\ue8f1' data-av_iconfont='entypo-fontello' title='' data-avia-related-tooltip='Compartir en Twitter' rel=\"noopener\"><span class='avia_hidden_link_text'>Compartir en Twitter<\/span><\/a><\/li><li class='av-share-link av-social-link-whatsapp' ><a target=\"_blank\" aria-label=\"Compartir en Whatsapp\" href='https:\/\/api.whatsapp.com\/send?text=https:\/\/radiorevelacionfm.cl\/?p=11328' aria-hidden='false' data-av_icon='\uf232' data-av_iconfont='entypo-fontello' title='' data-avia-related-tooltip='Compartir en Whatsapp' rel=\"noopener\"><span class='avia_hidden_link_text'>Compartir en Whatsapp<\/span><\/a><\/li><li class='av-share-link av-social-link-linkedin' ><a target=\"_blank\" aria-label=\"Compartir en LinkedIn\" href='https:\/\/linkedin.com\/shareArticle?mini=true&#038;title=Mediante%20aumento%20de%20subsidio%20en%20transporte%20mar%C3%ADtimo%20se%20exigir%C3%A1%20contrataci%C3%B3n%20de%20remolcador%20a%20empresas%20navieras&#038;url=https:\/\/radiorevelacionfm.cl\/?p=11328' aria-hidden='false' data-av_icon='\ue8fc' data-av_iconfont='entypo-fontello' title='' data-avia-related-tooltip='Compartir en LinkedIn' rel=\"noopener\"><span class='avia_hidden_link_text'>Compartir en LinkedIn<\/span><\/a><\/li><li class='av-share-link av-social-link-mail' ><a  aria-label=\"Compartir por correo\" href='mailto:?subject=Mediante%20aumento%20de%20subsidio%20en%20transporte%20mar%C3%ADtimo%20se%20exigir%C3%A1%20contrataci%C3%B3n%20de%20remolcador%20a%20empresas%20navieras&#038;body=https:\/\/radiorevelacionfm.cl\/?p=11328' aria-hidden='false' data-av_icon='\ue805' data-av_iconfont='entypo-fontello' title='' data-avia-related-tooltip='Compartir por correo'><span class='avia_hidden_link_text'>Compartir por correo<\/span><\/a><\/li><\/ul><\/div><\/div>\n<div  style='height:50px' class='hr hr-invisible   avia-builder-el-8  el_after_av_social_share  el_before_av_comments_list '><span class='hr-inner ' ><span class='hr-inner-style'><\/span><\/span><\/div>\n<div  class='av-buildercomment  av-blog-meta-html-info-disabled av-blog-meta-tag-disabled  '><\/div>\n","protected":false},"excerpt":{"rendered":"","protected":false},"author":1,"featured_media":11329,"comment_status":"open","ping_status":"open","sticky":false,"template":"","format":"standard","meta":{"footnotes":""},"categories":[38],"tags":[],"class_list":["post-11328","post","type-post","status-publish","format-standard","has-post-thumbnail","hentry","category-regional"],"jetpack_featured_media_url":"https:\/\/radiorevelacionfm.cl\/wp-content\/uploads\/2021\/11\/dsc_0169-1_optimized.jpg","_links":{"self":[{"href":"https:\/\/radiorevelacionfm.cl\/index.php?rest_route=\/wp\/v2\/posts\/11328","targetHints":{"allow":["GET"]}}],"collection":[{"href":"https:\/\/radiorevelacionfm.cl\/index.php?rest_route=\/wp\/v2\/posts"}],"about":[{"href":"https:\/\/radiorevelacionfm.cl\/index.php?rest_route=\/wp\/v2\/types\/post"}],"author":[{"embeddable":true,"href":"https:\/\/radiorevelacionfm.cl\/index.php?rest_route=\/wp\/v2\/users\/1"}],"replies":[{"embeddable":true,"href":"https:\/\/radiorevelacionfm.cl\/index.php?rest_route=%2Fwp%2Fv2%2Fcomments&post=11328"}],"version-history":[{"count":2,"href":"https:\/\/radiorevelacionfm.cl\/index.php?rest_route=\/wp\/v2\/posts\/11328\/revisions"}],"predecessor-version":[{"id":11331,"href":"https:\/\/radiorevelacionfm.cl\/index.php?rest_route=\/wp\/v2\/posts\/11328\/revisions\/11331"}],"wp:featuredmedia":[{"embeddable":true,"href":"https:\/\/radiorevelacionfm.cl\/index.php?rest_route=\/wp\/v2\/media\/11329"}],"wp:attachment":[{"href":"https:\/\/radiorevelacionfm.cl\/index.php?rest_route=%2Fwp%2Fv2%2Fmedia&parent=11328"}],"wp:term":[{"taxonomy":"category","embeddable":true,"href":"https:\/\/radiorevelacionfm.cl\/index.php?rest_route=%2Fwp%2Fv2%2Fcategories&post=11328"},{"taxonomy":"post_tag","embeddable":true,"href":"https:\/\/radiorevelacionfm.cl\/index.php?rest_route=%2Fwp%2Fv2%2Ftags&post=11328"}],"curies":[{"name":"wp","href":"https:\/\/api.w.org\/{rel}","templated":true}]}}