{"id":11324,"date":"2021-11-29T11:30:27","date_gmt":"2021-11-29T14:30:27","guid":{"rendered":"https:\/\/radiorevelacionfm.cl\/?p=11324"},"modified":"2021-11-29T11:30:27","modified_gmt":"2021-11-29T14:30:27","slug":"cochrane-avanza-pavimentacion-para-los-vecinos-y-vecinas-del-sector-sur-de-la-region","status":"publish","type":"post","link":"https:\/\/radiorevelacionfm.cl\/?p=11324","title":{"rendered":"Cochrane: avanza pavimentaci\u00f3n para los vecinos y vecinas del sector sur de la regi\u00f3n"},"content":{"rendered":"<div class=\"flex_column av_one_full  flex_column_div av-zero-column-padding first  avia-builder-el-0  el_before_av_one_full  avia-builder-el-first  \" style='border-radius:0px; '><div  class='avia-image-container  av-styling-    avia-builder-el-1  avia-builder-el-no-sibling  avia-align-center '  itemprop=\"image\" itemscope=\"itemscope\" itemtype=\"https:\/\/schema.org\/ImageObject\"  ><div class='avia-image-container-inner'><div class='avia-image-overlay-wrap'><img decoding=\"async\" class='wp-image-11325 avia-img-lazy-loading-not-11325 avia_image' src=\"https:\/\/radiorevelacionfm.cl\/wp-content\/uploads\/2021\/11\/Pavimentacion-Cochrane1-2021-11-27-1-1.jpeg\" alt='' title='Pavimentacion Cochrane1 2021-11-27 (1) (1)' height=\"600\" width=\"1070\"  itemprop=\"thumbnailUrl\" srcset=\"https:\/\/radiorevelacionfm.cl\/wp-content\/uploads\/2021\/11\/Pavimentacion-Cochrane1-2021-11-27-1-1.jpeg 1070w, https:\/\/radiorevelacionfm.cl\/wp-content\/uploads\/2021\/11\/Pavimentacion-Cochrane1-2021-11-27-1-1-300x168.jpeg 300w, https:\/\/radiorevelacionfm.cl\/wp-content\/uploads\/2021\/11\/Pavimentacion-Cochrane1-2021-11-27-1-1-1030x578.jpeg 1030w, https:\/\/radiorevelacionfm.cl\/wp-content\/uploads\/2021\/11\/Pavimentacion-Cochrane1-2021-11-27-1-1-768x431.jpeg 768w, https:\/\/radiorevelacionfm.cl\/wp-content\/uploads\/2021\/11\/Pavimentacion-Cochrane1-2021-11-27-1-1-705x395.jpeg 705w, https:\/\/radiorevelacionfm.cl\/wp-content\/uploads\/2021\/11\/Pavimentacion-Cochrane1-2021-11-27-1-1-600x336.jpeg 600w\" sizes=\"(max-width: 1070px) 100vw, 1070px\" \/><\/div><\/div><\/div><\/div><div class=\"flex_column av_one_full  flex_column_div av-zero-column-padding first  avia-builder-el-2  el_after_av_one_full  el_before_av_one_full  column-top-margin\" style='border-radius:0px; '><section class=\"av_textblock_section \"  itemscope=\"itemscope\" itemtype=\"https:\/\/schema.org\/BlogPosting\" itemprop=\"blogPost\" ><div class='avia_textblock  '   itemprop=\"text\" ><p style=\"text-align: center;\"><strong><span style=\"font-size: 18pt;\">Cochrane: avanza pavimentaci\u00f3n para los vecinos y vecinas del sector sur de la regi\u00f3n <\/span><\/strong><\/p>\n<div id=\"gtx-trans\" style=\"position: absolute; left: -50px; top: 4.31534px;\">\n<div class=\"gtx-trans-icon\"><\/div>\n<\/div>\n<\/div><\/section><\/div><div class=\"flex_column av_one_full  flex_column_div av-zero-column-padding first  avia-builder-el-4  el_after_av_one_full  el_before_av_hr  column-top-margin\" style='border-radius:0px; '><section class=\"av_textblock_section \"  itemscope=\"itemscope\" itemtype=\"https:\/\/schema.org\/BlogPosting\" itemprop=\"blogPost\" ><div class='avia_textblock  '   itemprop=\"text\" ><p style=\"text-align: justify;\">El proyecto que re\u00fane los primeros 5 km de la entrada norte de la comuna, es financiado con recursos del Gobierno Regional.<\/p>\n<p style=\"text-align: justify;\">\u00abEstamos trabajando con el Municipio en una obra que, sin duda, va a permitir avanzar en conectividad y mejorar la log\u00edstica para el sector sur de nuestra regi\u00f3n\u00bb, afirm\u00f3 la Gobernadora Andrea Mac\u00edas Palma visitando el terreno donde se realizan los trabajos de pavimentaci\u00f3n en la comuna de Cochrane.<\/p>\n<p style=\"text-align: justify;\">El proyecto, que realizan en conjunto Gobierno Regional y Municipio, pretende generar un cambio positivo para la conectividad de la zona sur de la regi\u00f3n de Ays\u00e9n. Para el alcalde Jorge Calder\u00f3n, que tambi\u00e9n visit\u00f3 la obra, es una satisfacci\u00f3n que se d\u00e9 continuidad a una serie de decisiones que se tomaron hace bastantes a\u00f1os con el Plan de Zonas Extremas (PEDZE).<\/p>\n<p style=\"text-align: justify;\">\u00abEso nos permite hoy d\u00eda estar pavimentando, no solamente de norte a sur sino tambi\u00e9n de sur a norte y tambi\u00e9n en los tramos intermedios, y por lo tanto valoramos tremendamente que tanto la Gobernadora como los miembros del Consejo Regional tengan esa visi\u00f3n de seguir continuando a\u00f1o a a\u00f1o para generar los recursos necesarios para pavimentar mayores tramos de camino\u00bb, coment\u00f3 el alcalde Calder\u00f3n.<\/p>\n<p style=\"text-align: justify;\">El proyecto no solamente beneficiar\u00e1 a la comuna de Cochrane, sino tambi\u00e9n a las comunas vecinas de O\u00b4Higgins y Tortel, generando bondades econ\u00f3micas, absorbiendo empleo y por supuesto permite tambi\u00e9n generar mejores condiciones para quienes viven en esas comunas.<\/p>\n<p style=\"text-align: justify;\">\u00abEstamos tremendamente orgullosos de nuestra comuna de lo que somos de lo que queremos hacer y por lo tanto necesitamos generar este trabajo colaborativo con todas las autoridades de manera muy transversal para seguir generando progreso para nuestra comuna para nuestra provincia y por supuesto, posicionar a la regi\u00f3n de Ays\u00e9n como lo que es, una regi\u00f3n pujante\u00bb, puntualiz\u00f3 el alcalde del sector.<\/p>\n<p style=\"text-align: justify;\">\u00abComo Gobierno Regional reafirmamos nuestro compromiso este convenio de programaci\u00f3n, pretendemos que aqu\u00ed al a\u00f1o 2027 ya nos encontramos con que cerca de 20 kil\u00f3metros pavimentados en este tramo se incorpora tambi\u00e9n el puente sobre el R\u00edo Cochrane, por lo tanto son muy buenas noticias y ver c\u00f3mo va avanzando el trabajo conjunto que se realiza m\u00e1s all\u00e1 de las administraciones\u00bb, recalc\u00f3 la m\u00e1xima autoridad regional, Gobernadora Mac\u00edas.<\/p>\n<p style=\"text-align: justify;\">La comitiva tambi\u00e9n cont\u00f3 con la presencia del Consejero Regional Jorge Abello, qui\u00e9n destac\u00f3 el trabajo colaborativo entre las distintas instituciones. \u00abEl Gobierno Regional y el Ministerio de Obras P\u00fablicas, han hecho un trabajo importante, no solamente ac\u00e1 en Cochrane, sino que en el \u00faltimo tiempo particularmente la ruta 7 sur, d\u00f3nde este a\u00f1o y sumado a lo que viene del a\u00f1o 2022 probablemente tengamos entre 3 y 4 faenas en funcionamiento ya est\u00e1 partiendo Tranquilo al principio el pr\u00f3ximo a\u00f1o partir\u00e1 de lo que viene de Cerro Castillo hacia el sur. As\u00ed que una noticia importante en materia de conectividad y por cierto para dinamizar la econom\u00eda de las localidades al sur de la regi\u00f3n de Ays\u00e9n y nosotros muy contentos por lo que est\u00e1 pasando ac\u00e1 en Cochrane\u00bb, afirm\u00f3.<\/p>\n<p style=\"text-align: justify;\">Las obras, que contin\u00faan en terreno, tienen el paso de veh\u00edculos suspendido de lunes a viernes, de 1 a 5 de la tarde.<\/p>\n<div style=\"text-align: justify;\"><\/div>\n<\/div><\/section><\/div><div  style='height:50px' class='hr hr-invisible   avia-builder-el-6  el_after_av_one_full  el_before_av_social_share '><span class='hr-inner ' ><span class='hr-inner-style'><\/span><\/span><\/div><\/p>\n<div  class='av-social-sharing-box  avia-builder-el-7  el_after_av_hr  el_before_av_hr  '><div class='av-share-box'><h5 class='av-share-link-description av-no-toc '>Compartir esta noticia<\/h5><ul class='av-share-box-list noLightbox'><li class='av-share-link av-social-link-facebook' ><a target=\"_blank\" aria-label=\"Compartir en Facebook\" href='https:\/\/www.facebook.com\/sharer.php?u=https:\/\/radiorevelacionfm.cl\/?p=11324&#038;t=Cochrane%3A%20avanza%20pavimentaci%C3%B3n%20para%20los%20vecinos%20y%20vecinas%20del%20sector%20sur%20de%20la%20regi%C3%B3n' aria-hidden='false' data-av_icon='\ue8f3' data-av_iconfont='entypo-fontello' title='' data-avia-related-tooltip='Compartir en Facebook' rel=\"noopener\"><span class='avia_hidden_link_text'>Compartir en Facebook<\/span><\/a><\/li><li class='av-share-link av-social-link-twitter' ><a target=\"_blank\" aria-label=\"Compartir en Twitter\" href='https:\/\/twitter.com\/share?text=Cochrane%3A%20avanza%20pavimentaci%C3%B3n%20para%20los%20vecinos%20y%20vecinas%20del%20sector%20sur%20de%20la%20regi%C3%B3n&#038;url=https:\/\/radiorevelacionfm.cl\/?p=11324' aria-hidden='false' data-av_icon='\ue8f1' data-av_iconfont='entypo-fontello' title='' data-avia-related-tooltip='Compartir en Twitter' rel=\"noopener\"><span class='avia_hidden_link_text'>Compartir en Twitter<\/span><\/a><\/li><li class='av-share-link av-social-link-whatsapp' ><a target=\"_blank\" aria-label=\"Compartir en Whatsapp\" href='https:\/\/api.whatsapp.com\/send?text=https:\/\/radiorevelacionfm.cl\/?p=11324' aria-hidden='false' data-av_icon='\uf232' data-av_iconfont='entypo-fontello' title='' data-avia-related-tooltip='Compartir en Whatsapp' rel=\"noopener\"><span class='avia_hidden_link_text'>Compartir en Whatsapp<\/span><\/a><\/li><li class='av-share-link av-social-link-linkedin' ><a target=\"_blank\" aria-label=\"Compartir en LinkedIn\" href='https:\/\/linkedin.com\/shareArticle?mini=true&#038;title=Cochrane%3A%20avanza%20pavimentaci%C3%B3n%20para%20los%20vecinos%20y%20vecinas%20del%20sector%20sur%20de%20la%20regi%C3%B3n&#038;url=https:\/\/radiorevelacionfm.cl\/?p=11324' aria-hidden='false' data-av_icon='\ue8fc' data-av_iconfont='entypo-fontello' title='' data-avia-related-tooltip='Compartir en LinkedIn' rel=\"noopener\"><span class='avia_hidden_link_text'>Compartir en LinkedIn<\/span><\/a><\/li><li class='av-share-link av-social-link-mail' ><a  aria-label=\"Compartir por correo\" href='mailto:?subject=Cochrane%3A%20avanza%20pavimentaci%C3%B3n%20para%20los%20vecinos%20y%20vecinas%20del%20sector%20sur%20de%20la%20regi%C3%B3n&#038;body=https:\/\/radiorevelacionfm.cl\/?p=11324' aria-hidden='false' data-av_icon='\ue805' data-av_iconfont='entypo-fontello' title='' data-avia-related-tooltip='Compartir por correo'><span class='avia_hidden_link_text'>Compartir por correo<\/span><\/a><\/li><\/ul><\/div><\/div>\n<div  style='height:50px' class='hr hr-invisible   avia-builder-el-8  el_after_av_social_share  el_before_av_comments_list '><span class='hr-inner ' ><span class='hr-inner-style'><\/span><\/span><\/div>\n<div  class='av-buildercomment  av-blog-meta-html-info-disabled av-blog-meta-tag-disabled  '><\/div>\n","protected":false},"excerpt":{"rendered":"","protected":false},"author":1,"featured_media":11325,"comment_status":"open","ping_status":"open","sticky":false,"template":"","format":"standard","meta":{"footnotes":""},"categories":[38],"tags":[],"class_list":["post-11324","post","type-post","status-publish","format-standard","has-post-thumbnail","hentry","category-regional"],"jetpack_featured_media_url":"https:\/\/radiorevelacionfm.cl\/wp-content\/uploads\/2021\/11\/Pavimentacion-Cochrane1-2021-11-27-1-1.jpeg","_links":{"self":[{"href":"https:\/\/radiorevelacionfm.cl\/index.php?rest_route=\/wp\/v2\/posts\/11324","targetHints":{"allow":["GET"]}}],"collection":[{"href":"https:\/\/radiorevelacionfm.cl\/index.php?rest_route=\/wp\/v2\/posts"}],"about":[{"href":"https:\/\/radiorevelacionfm.cl\/index.php?rest_route=\/wp\/v2\/types\/post"}],"author":[{"embeddable":true,"href":"https:\/\/radiorevelacionfm.cl\/index.php?rest_route=\/wp\/v2\/users\/1"}],"replies":[{"embeddable":true,"href":"https:\/\/radiorevelacionfm.cl\/index.php?rest_route=%2Fwp%2Fv2%2Fcomments&post=11324"}],"version-history":[{"count":2,"href":"https:\/\/radiorevelacionfm.cl\/index.php?rest_route=\/wp\/v2\/posts\/11324\/revisions"}],"predecessor-version":[{"id":11327,"href":"https:\/\/radiorevelacionfm.cl\/index.php?rest_route=\/wp\/v2\/posts\/11324\/revisions\/11327"}],"wp:featuredmedia":[{"embeddable":true,"href":"https:\/\/radiorevelacionfm.cl\/index.php?rest_route=\/wp\/v2\/media\/11325"}],"wp:attachment":[{"href":"https:\/\/radiorevelacionfm.cl\/index.php?rest_route=%2Fwp%2Fv2%2Fmedia&parent=11324"}],"wp:term":[{"taxonomy":"category","embeddable":true,"href":"https:\/\/radiorevelacionfm.cl\/index.php?rest_route=%2Fwp%2Fv2%2Fcategories&post=11324"},{"taxonomy":"post_tag","embeddable":true,"href":"https:\/\/radiorevelacionfm.cl\/index.php?rest_route=%2Fwp%2Fv2%2Ftags&post=11324"}],"curies":[{"name":"wp","href":"https:\/\/api.w.org\/{rel}","templated":true}]}}