{"id":11316,"date":"2021-11-29T10:33:58","date_gmt":"2021-11-29T13:33:58","guid":{"rendered":"https:\/\/radiorevelacionfm.cl\/?p=11316"},"modified":"2021-11-29T10:33:58","modified_gmt":"2021-11-29T13:33:58","slug":"realizan-la-primera-feria-mercado-campesino-prodesal-en-puerto-cisnes","status":"publish","type":"post","link":"https:\/\/radiorevelacionfm.cl\/?p=11316","title":{"rendered":"Realizan la primera feria Mercado Campesino Prodesal en Puerto Cisnes"},"content":{"rendered":"<div class=\"flex_column av_one_full  flex_column_div av-zero-column-padding first  avia-builder-el-0  el_before_av_one_full  avia-builder-el-first  \" style='border-radius:0px; '><div  class='avia-image-container  av-styling-    avia-builder-el-1  avia-builder-el-no-sibling  avia-align-center '  itemprop=\"image\" itemscope=\"itemscope\" itemtype=\"https:\/\/schema.org\/ImageObject\"  ><div class='avia-image-container-inner'><div class='avia-image-overlay-wrap'><img decoding=\"async\" class='wp-image-11317 avia-img-lazy-loading-not-11317 avia_image' src=\"https:\/\/radiorevelacionfm.cl\/wp-content\/uploads\/2021\/11\/feria-cisnes-7-1-1.jpeg\" alt='' title='feria cisnes 7 (1) (1)' height=\"600\" width=\"1067\"  itemprop=\"thumbnailUrl\" srcset=\"https:\/\/radiorevelacionfm.cl\/wp-content\/uploads\/2021\/11\/feria-cisnes-7-1-1.jpeg 1067w, https:\/\/radiorevelacionfm.cl\/wp-content\/uploads\/2021\/11\/feria-cisnes-7-1-1-300x169.jpeg 300w, https:\/\/radiorevelacionfm.cl\/wp-content\/uploads\/2021\/11\/feria-cisnes-7-1-1-1030x579.jpeg 1030w, https:\/\/radiorevelacionfm.cl\/wp-content\/uploads\/2021\/11\/feria-cisnes-7-1-1-768x432.jpeg 768w, https:\/\/radiorevelacionfm.cl\/wp-content\/uploads\/2021\/11\/feria-cisnes-7-1-1-705x396.jpeg 705w, https:\/\/radiorevelacionfm.cl\/wp-content\/uploads\/2021\/11\/feria-cisnes-7-1-1-600x337.jpeg 600w\" sizes=\"(max-width: 1067px) 100vw, 1067px\" \/><\/div><\/div><\/div><\/div><div class=\"flex_column av_one_full  flex_column_div av-zero-column-padding first  avia-builder-el-2  el_after_av_one_full  el_before_av_one_full  column-top-margin\" style='border-radius:0px; '><section class=\"av_textblock_section \"  itemscope=\"itemscope\" itemtype=\"https:\/\/schema.org\/BlogPosting\" itemprop=\"blogPost\" ><div class='avia_textblock  '   itemprop=\"text\" ><p style=\"text-align: center;\"><strong><span style=\"font-size: 18pt;\">Realizan la primera feria Mercado Campesino Prodesal en Puerto Cisnes<\/span><\/strong><\/p>\n<div id=\"gtx-trans\" style=\"position: absolute; left: -50px; top: 4.31534px;\">\n<div class=\"gtx-trans-icon\"><\/div>\n<\/div>\n<\/div><\/section><\/div><div class=\"flex_column av_one_full  flex_column_div av-zero-column-padding first  avia-builder-el-4  el_after_av_one_full  el_before_av_hr  column-top-margin\" style='border-radius:0px; '><section class=\"av_textblock_section \"  itemscope=\"itemscope\" itemtype=\"https:\/\/schema.org\/BlogPosting\" itemprop=\"blogPost\" ><div class='avia_textblock  '   itemprop=\"text\" ><p style=\"text-align: justify;\">Al aire libre y en medio de plaza de armas de la localidad, el Municipio organiz\u00f3 la primera Feria Mercado Campesino Prodesal Puerto Cisnes, donde adem\u00e1s participaron las artesanas de la ciudad. Esta fue una instancia de exposici\u00f3n y venta de productos locales elaborados y producidos por la gente de la tambi\u00e9n conocida \u201cperla del litoral\u201d.<\/p>\n<p style=\"text-align: justify;\">El Alcalde Francisco Roncagliolo, se mostr\u00f3 feliz de ir entregando los espacios para que las productoras muestren y puedan ofertar sus creaciones y productos a la ciudadan\u00eda, destacando a la vez, el trabajo de Fomento Productivo y Prodesal de Puerto Cisnes.<\/p>\n<p style=\"text-align: justify;\">\u201cPara nosotros como Municipalidad es muy importante poder generar espacios donde las personas, nuestros peque\u00f1os productores, nuestros emprendedores puedan ofrecer sus productos a la comunidad, a nuestros visitantes. As\u00ed es que, estoy muy contento por este trabajo que ha realizado la oficina de Prodesal y Fomento Productivo de Puerto Cisnes, donde se han unido todos los que son productores artesanales, tambi\u00e9n la mayor\u00eda de los usuarios de Prodesal que tenemos ac\u00e1 en la zona y que traen productos frescos desde sus predios. Invitamos a la gente a seguir apoyando estas iniciativas, comprando los productos locales y con eso vamos incentivando a que esta feria que hoy da el primer paso, se transforme en una tradici\u00f3n en Puerto Cisnes\u201d.<\/p>\n<p style=\"text-align: justify;\">Por su parte, Ivonne Sep\u00falveda, encargada Prodesal Modulo Cisnes Sur, puso en valor el espacio propiciado para que tanto artesanas como productoras principalmente de verduras y algunos productos envasados puedan exponer y venderlos a la comunidad.<\/p>\n<p style=\"text-align: justify;\">\u201cLlevamos a cabo la primera feria Mercado Campesino Prodesal, la idea era proporcionar un espacio para que los agricultores locales pudieran vender sus productos como, hortalizas, hubo tambi\u00e9n huevos y nos juntamos en esta oportunidad con las artesanas, con gente que produce mermeladas y todo para dar la figura de los productos locales. As\u00ed es que, la idea es repetir la feria una vez al mes, de acuerdo como se vayan dando las producciones y las necesidades tambi\u00e9n, para que la gente tenga la opci\u00f3n de venir a comprar productos frescos producidos en casa\u201d.<\/p>\n<p style=\"text-align: justify;\">Nubia Mu\u00f1oz, artesana de Puerto Cisnes, puso en valor la instancia propiciada por la Municipalidad, \u201cesto es lindo, es bonito, porque uno puede salir a mostrar sus cosas. Las verduras se fueron todas y poder estar al aire libre con los campesinos es una gran oportunidad para que uno pueda mostrar sus cosas y tambi\u00e9n comprar, porque a todos nos sirve\u201d.<\/p>\n<p style=\"text-align: justify;\">En tanto, Carolina Llancapani, agradeci\u00f3 el espacio brindado por el Municipio a trav\u00e9s de Prodesal, ya que a ella le permiti\u00f3 llevar sus productos desde su hogar a la feria.<\/p>\n<p style=\"text-align: justify;\">\u201cEsto que hoy se est\u00e1 haciendo aqu\u00ed encuentro que es s\u00faper bueno, sobre todo para las personas que no tenemos un espacio donde podamos vender nuestros productos, que se hagan estas ferias es algo que se necesitaba, sobre todo para las personas que trabajamos desde nuestros hogares. Yo solamente agradecer y seguir en esto, esperando que se vuelvan a tener m\u00e1s oportunidades como la de hoy, donde todos podemos conocernos, saber qu\u00e9 hace el otro, as\u00ed es que, estas ferias sigan y muchas gracias por la oportunidad de presentar los productos que estoy haciendo\u201d.<\/p>\n<p style=\"text-align: justify;\">El jefe comunal, Alcalde Francisco Roncagliolo, asegur\u00f3 que los equipos del Municipio de Cisnes siguen trabajando para replicar este tipo de iniciativas tambi\u00e9n en las otras localidades del territorio.<\/p>\n<\/div><\/section><\/div><div  style='height:50px' class='hr hr-invisible   avia-builder-el-6  el_after_av_one_full  el_before_av_social_share '><span class='hr-inner ' ><span class='hr-inner-style'><\/span><\/span><\/div><\/p>\n<div  class='av-social-sharing-box  avia-builder-el-7  el_after_av_hr  el_before_av_hr  '><div class='av-share-box'><h5 class='av-share-link-description av-no-toc '>Compartir esta noticia<\/h5><ul class='av-share-box-list noLightbox'><li class='av-share-link av-social-link-facebook' ><a target=\"_blank\" aria-label=\"Compartir en Facebook\" href='https:\/\/www.facebook.com\/sharer.php?u=https:\/\/radiorevelacionfm.cl\/?p=11316&#038;t=Realizan%20la%20primera%20feria%20Mercado%20Campesino%20Prodesal%20en%20Puerto%20Cisnes' aria-hidden='false' data-av_icon='\ue8f3' data-av_iconfont='entypo-fontello' title='' data-avia-related-tooltip='Compartir en Facebook' rel=\"noopener\"><span class='avia_hidden_link_text'>Compartir en Facebook<\/span><\/a><\/li><li class='av-share-link av-social-link-twitter' ><a target=\"_blank\" aria-label=\"Compartir en Twitter\" href='https:\/\/twitter.com\/share?text=Realizan%20la%20primera%20feria%20Mercado%20Campesino%20Prodesal%20en%20Puerto%20Cisnes&#038;url=https:\/\/radiorevelacionfm.cl\/?p=11316' aria-hidden='false' data-av_icon='\ue8f1' data-av_iconfont='entypo-fontello' title='' data-avia-related-tooltip='Compartir en Twitter' rel=\"noopener\"><span class='avia_hidden_link_text'>Compartir en Twitter<\/span><\/a><\/li><li class='av-share-link av-social-link-whatsapp' ><a target=\"_blank\" aria-label=\"Compartir en Whatsapp\" href='https:\/\/api.whatsapp.com\/send?text=https:\/\/radiorevelacionfm.cl\/?p=11316' aria-hidden='false' data-av_icon='\uf232' data-av_iconfont='entypo-fontello' title='' data-avia-related-tooltip='Compartir en Whatsapp' rel=\"noopener\"><span class='avia_hidden_link_text'>Compartir en Whatsapp<\/span><\/a><\/li><li class='av-share-link av-social-link-linkedin' ><a target=\"_blank\" aria-label=\"Compartir en LinkedIn\" href='https:\/\/linkedin.com\/shareArticle?mini=true&#038;title=Realizan%20la%20primera%20feria%20Mercado%20Campesino%20Prodesal%20en%20Puerto%20Cisnes&#038;url=https:\/\/radiorevelacionfm.cl\/?p=11316' aria-hidden='false' data-av_icon='\ue8fc' data-av_iconfont='entypo-fontello' title='' data-avia-related-tooltip='Compartir en LinkedIn' rel=\"noopener\"><span class='avia_hidden_link_text'>Compartir en LinkedIn<\/span><\/a><\/li><li class='av-share-link av-social-link-mail' ><a  aria-label=\"Compartir por correo\" href='mailto:?subject=Realizan%20la%20primera%20feria%20Mercado%20Campesino%20Prodesal%20en%20Puerto%20Cisnes&#038;body=https:\/\/radiorevelacionfm.cl\/?p=11316' aria-hidden='false' data-av_icon='\ue805' data-av_iconfont='entypo-fontello' title='' data-avia-related-tooltip='Compartir por correo'><span class='avia_hidden_link_text'>Compartir por correo<\/span><\/a><\/li><\/ul><\/div><\/div>\n<div  style='height:50px' class='hr hr-invisible   avia-builder-el-8  el_after_av_social_share  el_before_av_comments_list '><span class='hr-inner ' ><span class='hr-inner-style'><\/span><\/span><\/div>\n<div  class='av-buildercomment  av-blog-meta-html-info-disabled av-blog-meta-tag-disabled  '><\/div>\n","protected":false},"excerpt":{"rendered":"","protected":false},"author":1,"featured_media":11317,"comment_status":"open","ping_status":"open","sticky":false,"template":"","format":"standard","meta":{"footnotes":""},"categories":[38],"tags":[],"class_list":["post-11316","post","type-post","status-publish","format-standard","has-post-thumbnail","hentry","category-regional"],"jetpack_featured_media_url":"https:\/\/radiorevelacionfm.cl\/wp-content\/uploads\/2021\/11\/feria-cisnes-7-1-1.jpeg","_links":{"self":[{"href":"https:\/\/radiorevelacionfm.cl\/index.php?rest_route=\/wp\/v2\/posts\/11316","targetHints":{"allow":["GET"]}}],"collection":[{"href":"https:\/\/radiorevelacionfm.cl\/index.php?rest_route=\/wp\/v2\/posts"}],"about":[{"href":"https:\/\/radiorevelacionfm.cl\/index.php?rest_route=\/wp\/v2\/types\/post"}],"author":[{"embeddable":true,"href":"https:\/\/radiorevelacionfm.cl\/index.php?rest_route=\/wp\/v2\/users\/1"}],"replies":[{"embeddable":true,"href":"https:\/\/radiorevelacionfm.cl\/index.php?rest_route=%2Fwp%2Fv2%2Fcomments&post=11316"}],"version-history":[{"count":2,"href":"https:\/\/radiorevelacionfm.cl\/index.php?rest_route=\/wp\/v2\/posts\/11316\/revisions"}],"predecessor-version":[{"id":11319,"href":"https:\/\/radiorevelacionfm.cl\/index.php?rest_route=\/wp\/v2\/posts\/11316\/revisions\/11319"}],"wp:featuredmedia":[{"embeddable":true,"href":"https:\/\/radiorevelacionfm.cl\/index.php?rest_route=\/wp\/v2\/media\/11317"}],"wp:attachment":[{"href":"https:\/\/radiorevelacionfm.cl\/index.php?rest_route=%2Fwp%2Fv2%2Fmedia&parent=11316"}],"wp:term":[{"taxonomy":"category","embeddable":true,"href":"https:\/\/radiorevelacionfm.cl\/index.php?rest_route=%2Fwp%2Fv2%2Fcategories&post=11316"},{"taxonomy":"post_tag","embeddable":true,"href":"https:\/\/radiorevelacionfm.cl\/index.php?rest_route=%2Fwp%2Fv2%2Ftags&post=11316"}],"curies":[{"name":"wp","href":"https:\/\/api.w.org\/{rel}","templated":true}]}}