{"id":11304,"date":"2021-11-28T18:05:19","date_gmt":"2021-11-28T21:05:19","guid":{"rendered":"https:\/\/radiorevelacionfm.cl\/?p=11304"},"modified":"2021-11-28T18:22:37","modified_gmt":"2021-11-28T21:22:37","slug":"chile-chico-hombre-que-intento-cruzar-por-paso-no-habilitado-en-rio-jeinimeni-fue-encontrado-sin-vida","status":"publish","type":"post","link":"https:\/\/radiorevelacionfm.cl\/?p=11304","title":{"rendered":"Chile Chico: Hombre que intent\u00f3 cruzar desde Argentina por paso no habilitado en rio Jeinimeni fue encontrado sin vida"},"content":{"rendered":"<div class=\"flex_column av_one_full  flex_column_div av-zero-column-padding first  avia-builder-el-0  el_before_av_one_full  avia-builder-el-first  \" style='border-radius:0px; '><div  class='avia-image-container  av-styling-    avia-builder-el-1  avia-builder-el-no-sibling  avia-align-center '  itemprop=\"image\" itemscope=\"itemscope\" itemtype=\"https:\/\/schema.org\/ImageObject\"  ><div class='avia-image-container-inner'><div class='avia-image-overlay-wrap'><img decoding=\"async\" class='wp-image-11311 avia-img-lazy-loading-not-11311 avia_image' src=\"https:\/\/radiorevelacionfm.cl\/wp-content\/uploads\/2021\/11\/CHILECHICO28.11a-1-1.jpg\" alt='' title='CHILECHICO28.11a (1) (1)' height=\"600\" width=\"745\"  itemprop=\"thumbnailUrl\" srcset=\"https:\/\/radiorevelacionfm.cl\/wp-content\/uploads\/2021\/11\/CHILECHICO28.11a-1-1.jpg 745w, https:\/\/radiorevelacionfm.cl\/wp-content\/uploads\/2021\/11\/CHILECHICO28.11a-1-1-300x242.jpg 300w, https:\/\/radiorevelacionfm.cl\/wp-content\/uploads\/2021\/11\/CHILECHICO28.11a-1-1-495x400.jpg 495w, https:\/\/radiorevelacionfm.cl\/wp-content\/uploads\/2021\/11\/CHILECHICO28.11a-1-1-705x568.jpg 705w, https:\/\/radiorevelacionfm.cl\/wp-content\/uploads\/2021\/11\/CHILECHICO28.11a-1-1-600x483.jpg 600w\" sizes=\"(max-width: 745px) 100vw, 745px\" \/><\/div><\/div><\/div><\/div><div class=\"flex_column av_one_full  flex_column_div av-zero-column-padding first  avia-builder-el-2  el_after_av_one_full  el_before_av_one_full  column-top-margin\" style='border-radius:0px; '><section class=\"av_textblock_section \"  itemscope=\"itemscope\" itemtype=\"https:\/\/schema.org\/BlogPosting\" itemprop=\"blogPost\" ><div class='avia_textblock  '   itemprop=\"text\" ><p style=\"text-align: center;\"><strong><span style=\"font-size: 18pt;\">Chile Chico: Hombre que intent\u00f3 cruzar desde Argentina por paso no habilitado en rio Jeinimeni fue encontrado sin vida<\/span><\/strong><\/p>\n<div id=\"gtx-trans\" style=\"position: absolute; left: -50px; top: 4.31534px;\">\n<div class=\"gtx-trans-icon\"><\/div>\n<\/div>\n<\/div><\/section><\/div><\/p>\n<div class=\"flex_column av_one_full  flex_column_div av-zero-column-padding first  avia-builder-el-4  el_after_av_one_full  el_before_av_hr  column-top-margin\" style='border-radius:0px; '><section class=\"av_textblock_section \"  itemscope=\"itemscope\" itemtype=\"https:\/\/schema.org\/BlogPosting\" itemprop=\"blogPost\" ><div class='avia_textblock  '   itemprop=\"text\" ><p style=\"text-align: justify;\">Seg\u00fan los primeros antecedentes que posee el Ministerio Publico, \u201caparentemente la persona venia cruzando desde Argentina hasta la ciudad de Chile Chico, por un paso no habilitado\u201d, indic\u00f3 la fiscal Estefan\u00eda Leiva.<\/p>\n<p style=\"text-align: justify;\">Un lamentable hecho fue el que se registr\u00f3 la ma\u00f1ana de este domingo en Chile Chico, en el rio Jeinimeni, ya que el sector denominado \u201cla Puntilla\u201d y mientras intentaba cruzar desde lago Argentino, una persona sexo masculino de unos 55 a\u00f1os, falleci\u00f3.<\/p>\n<p style=\"text-align: justify;\">\u201cEn horas de la ma\u00f1ana un poblador de Chile Chico encontr\u00f3 en el rio Jeinimeni, en el sector de la Puntilla, el cuerpo de un sujeto masculino de alrededor de unos 55 a\u00f1os y dio aviso a personal de la Tercera Comisaria de Carabineros junto a ellos concurrimos al sitio del suceso, verificando dicha situaci\u00f3n\u201d, inform\u00f3 la fiscal subrogante de Chile Chico, Estefan\u00eda Leiva.<\/p>\n<p style=\"text-align: justify;\">La fiscal, agreg\u00f3 que para rescatar el cuerpo del malogrado hombre se requiri\u00f3 el apoyo de Bomberos. \u201cPara proceder al rescate de este cuerpo, solicitamos la ayuda del personal de Bomberos, quienes trabajaron en este acontecimiento, para proceder a la identificaci\u00f3n del cuerpo. Se solicit\u00f3 adem\u00e1s, la concurrencia del Servicio M\u00e9dico Legal para desarrollar la autopsia de rigor\u201d.<\/p>\n<\/div><\/section><\/div>\n<div  style='height:50px' class='hr hr-invisible   avia-builder-el-6  el_after_av_one_full  el_before_av_social_share '><span class='hr-inner ' ><span class='hr-inner-style'><\/span><\/span><\/div>\n<div  class='av-social-sharing-box  avia-builder-el-7  el_after_av_hr  el_before_av_hr  '><div class='av-share-box'><h5 class='av-share-link-description av-no-toc '>Compartir esta noticia<\/h5><ul class='av-share-box-list noLightbox'><li class='av-share-link av-social-link-facebook' ><a target=\"_blank\" aria-label=\"Compartir en Facebook\" href='https:\/\/www.facebook.com\/sharer.php?u=https:\/\/radiorevelacionfm.cl\/?p=11304&#038;t=Chile%20Chico%3A%20Hombre%20que%20intent%C3%B3%20cruzar%20desde%20Argentina%20por%20paso%20no%20habilitado%20en%20rio%20Jeinimeni%20fue%20encontrado%20sin%20vida' aria-hidden='false' data-av_icon='\ue8f3' data-av_iconfont='entypo-fontello' title='' data-avia-related-tooltip='Compartir en Facebook' rel=\"noopener\"><span class='avia_hidden_link_text'>Compartir en Facebook<\/span><\/a><\/li><li class='av-share-link av-social-link-twitter' ><a target=\"_blank\" aria-label=\"Compartir en Twitter\" href='https:\/\/twitter.com\/share?text=Chile%20Chico%3A%20Hombre%20que%20intent%C3%B3%20cruzar%20desde%20Argentina%20por%20paso%20no%20habilitado%20en%20rio%20Jeinimeni%20fue%20encontrado%20sin%20vida&#038;url=https:\/\/radiorevelacionfm.cl\/?p=11304' aria-hidden='false' data-av_icon='\ue8f1' data-av_iconfont='entypo-fontello' title='' data-avia-related-tooltip='Compartir en Twitter' rel=\"noopener\"><span class='avia_hidden_link_text'>Compartir en Twitter<\/span><\/a><\/li><li class='av-share-link av-social-link-whatsapp' ><a target=\"_blank\" aria-label=\"Compartir en Whatsapp\" href='https:\/\/api.whatsapp.com\/send?text=https:\/\/radiorevelacionfm.cl\/?p=11304' aria-hidden='false' data-av_icon='\uf232' data-av_iconfont='entypo-fontello' title='' data-avia-related-tooltip='Compartir en Whatsapp' rel=\"noopener\"><span class='avia_hidden_link_text'>Compartir en Whatsapp<\/span><\/a><\/li><li class='av-share-link av-social-link-linkedin' ><a target=\"_blank\" aria-label=\"Compartir en LinkedIn\" href='https:\/\/linkedin.com\/shareArticle?mini=true&#038;title=Chile%20Chico%3A%20Hombre%20que%20intent%C3%B3%20cruzar%20desde%20Argentina%20por%20paso%20no%20habilitado%20en%20rio%20Jeinimeni%20fue%20encontrado%20sin%20vida&#038;url=https:\/\/radiorevelacionfm.cl\/?p=11304' aria-hidden='false' data-av_icon='\ue8fc' data-av_iconfont='entypo-fontello' title='' data-avia-related-tooltip='Compartir en LinkedIn' rel=\"noopener\"><span class='avia_hidden_link_text'>Compartir en LinkedIn<\/span><\/a><\/li><li class='av-share-link av-social-link-mail' ><a  aria-label=\"Compartir por correo\" href='mailto:?subject=Chile%20Chico%3A%20Hombre%20que%20intent%C3%B3%20cruzar%20desde%20Argentina%20por%20paso%20no%20habilitado%20en%20rio%20Jeinimeni%20fue%20encontrado%20sin%20vida&#038;body=https:\/\/radiorevelacionfm.cl\/?p=11304' aria-hidden='false' data-av_icon='\ue805' data-av_iconfont='entypo-fontello' title='' data-avia-related-tooltip='Compartir por correo'><span class='avia_hidden_link_text'>Compartir por correo<\/span><\/a><\/li><\/ul><\/div><\/div>\n<div  style='height:50px' class='hr hr-invisible   avia-builder-el-8  el_after_av_social_share  el_before_av_comments_list '><span class='hr-inner ' ><span class='hr-inner-style'><\/span><\/span><\/div>\n<div  class='av-buildercomment  av-blog-meta-html-info-disabled av-blog-meta-tag-disabled  '><\/div>\n","protected":false},"excerpt":{"rendered":"","protected":false},"author":1,"featured_media":11311,"comment_status":"open","ping_status":"open","sticky":false,"template":"","format":"standard","meta":{"footnotes":""},"categories":[36],"tags":[],"class_list":["post-11304","post","type-post","status-publish","format-standard","has-post-thumbnail","hentry","category-policial"],"jetpack_featured_media_url":"https:\/\/radiorevelacionfm.cl\/wp-content\/uploads\/2021\/11\/CHILECHICO28.11a-1-1.jpg","_links":{"self":[{"href":"https:\/\/radiorevelacionfm.cl\/index.php?rest_route=\/wp\/v2\/posts\/11304","targetHints":{"allow":["GET"]}}],"collection":[{"href":"https:\/\/radiorevelacionfm.cl\/index.php?rest_route=\/wp\/v2\/posts"}],"about":[{"href":"https:\/\/radiorevelacionfm.cl\/index.php?rest_route=\/wp\/v2\/types\/post"}],"author":[{"embeddable":true,"href":"https:\/\/radiorevelacionfm.cl\/index.php?rest_route=\/wp\/v2\/users\/1"}],"replies":[{"embeddable":true,"href":"https:\/\/radiorevelacionfm.cl\/index.php?rest_route=%2Fwp%2Fv2%2Fcomments&post=11304"}],"version-history":[{"count":4,"href":"https:\/\/radiorevelacionfm.cl\/index.php?rest_route=\/wp\/v2\/posts\/11304\/revisions"}],"predecessor-version":[{"id":11309,"href":"https:\/\/radiorevelacionfm.cl\/index.php?rest_route=\/wp\/v2\/posts\/11304\/revisions\/11309"}],"wp:featuredmedia":[{"embeddable":true,"href":"https:\/\/radiorevelacionfm.cl\/index.php?rest_route=\/wp\/v2\/media\/11311"}],"wp:attachment":[{"href":"https:\/\/radiorevelacionfm.cl\/index.php?rest_route=%2Fwp%2Fv2%2Fmedia&parent=11304"}],"wp:term":[{"taxonomy":"category","embeddable":true,"href":"https:\/\/radiorevelacionfm.cl\/index.php?rest_route=%2Fwp%2Fv2%2Fcategories&post=11304"},{"taxonomy":"post_tag","embeddable":true,"href":"https:\/\/radiorevelacionfm.cl\/index.php?rest_route=%2Fwp%2Fv2%2Ftags&post=11304"}],"curies":[{"name":"wp","href":"https:\/\/api.w.org\/{rel}","templated":true}]}}