{"id":11297,"date":"2021-11-28T17:47:24","date_gmt":"2021-11-28T20:47:24","guid":{"rendered":"https:\/\/radiorevelacionfm.cl\/?p=11297"},"modified":"2021-11-28T17:47:24","modified_gmt":"2021-11-28T20:47:24","slug":"en-melinka-detienen-a-un-individuo-por-el-delito-de-femicidio-frustrado","status":"publish","type":"post","link":"https:\/\/radiorevelacionfm.cl\/?p=11297","title":{"rendered":"En Melinka detienen a un individuo por el delito de femicidio frustrado"},"content":{"rendered":"<div class=\"flex_column av_one_full  flex_column_div av-zero-column-padding first  avia-builder-el-0  el_before_av_one_full  avia-builder-el-first  \" style='border-radius:0px; '><div  class='avia-image-container  av-styling-    avia-builder-el-1  avia-builder-el-no-sibling  avia-align-center '  itemprop=\"image\" itemscope=\"itemscope\" itemtype=\"https:\/\/schema.org\/ImageObject\"  ><div class='avia-image-container-inner'><div class='avia-image-overlay-wrap'><img decoding=\"async\" class='wp-image-11298 avia-img-lazy-loading-not-11298 avia_image' src=\"https:\/\/radiorevelacionfm.cl\/wp-content\/uploads\/2021\/11\/Melinka-1-1-1.jpg\" alt='' title='Melinka-1 (1) (1)' height=\"600\" width=\"800\"  itemprop=\"thumbnailUrl\" srcset=\"https:\/\/radiorevelacionfm.cl\/wp-content\/uploads\/2021\/11\/Melinka-1-1-1.jpg 800w, https:\/\/radiorevelacionfm.cl\/wp-content\/uploads\/2021\/11\/Melinka-1-1-1-300x225.jpg 300w, https:\/\/radiorevelacionfm.cl\/wp-content\/uploads\/2021\/11\/Melinka-1-1-1-768x576.jpg 768w, https:\/\/radiorevelacionfm.cl\/wp-content\/uploads\/2021\/11\/Melinka-1-1-1-705x529.jpg 705w, https:\/\/radiorevelacionfm.cl\/wp-content\/uploads\/2021\/11\/Melinka-1-1-1-600x450.jpg 600w\" sizes=\"(max-width: 800px) 100vw, 800px\" \/><\/div><\/div><\/div><\/div><div class=\"flex_column av_one_full  flex_column_div av-zero-column-padding first  avia-builder-el-2  el_after_av_one_full  el_before_av_one_full  column-top-margin\" style='border-radius:0px; '><section class=\"av_textblock_section \"  itemscope=\"itemscope\" itemtype=\"https:\/\/schema.org\/BlogPosting\" itemprop=\"blogPost\" ><div class='avia_textblock  '   itemprop=\"text\" ><p style=\"text-align: center;\"><span style=\"font-size: 18pt;\"><strong>En Melinka detienen a un individuo por el delito de femicidio frustrado <\/strong><\/span><\/p>\n<div id=\"gtx-trans\" style=\"position: absolute; left: -50px; top: 4.31534px;\">\n<div class=\"gtx-trans-icon\"><\/div>\n<\/div>\n<\/div><\/section><\/div><div class=\"flex_column av_one_full  flex_column_div av-zero-column-padding first  avia-builder-el-4  el_after_av_one_full  el_before_av_hr  column-top-margin\" style='border-radius:0px; '><section class=\"av_textblock_section \"  itemscope=\"itemscope\" itemtype=\"https:\/\/schema.org\/BlogPosting\" itemprop=\"blogPost\" ><div class='avia_textblock  '   itemprop=\"text\" ><p class=\"v1MsoNormal\" style=\"text-align: justify;\">Una denuncia an\u00f3nima a Carabineros del Ret\u00e9n Melinka motiv\u00f3 la concurrencia del personal hasta un domicilio en la isla, lugar donde una mujer inform\u00f3 haber sido v\u00edctima de graves hechos de violencia por parte de su conviviente, quien tras diversas diligencias se entreg\u00f3 al personal, siendo detenido por femicidio frustrado.<\/p>\n<p class=\"v1MsoNormal\" style=\"text-align: justify;\">Seg\u00fan los primeros antecedentes, Carabineros concurri\u00f3 hasta calle Leucayec S\/N de esta localidad -en la comuna de Las Guaitecas en el litoral de la regi\u00f3n de Ays\u00e9n- lugar donde el personal tom\u00f3 contacto con la v\u00edctima, quien narr\u00f3 que durante toda la noche y el d\u00eda de 27 de noviembre sufri\u00f3 m\u00faltiples agresiones f\u00edsicas por parte de su conviviente, quien no conforme con lo anterior, en el transcurso de aquella tarde igualmente la roci\u00f3 con combustibles con intenciones de quemarla viva, momento que la v\u00edctima aprovech\u00f3 para ponerse a salvo y huir del lugar, seg\u00fan relat\u00f3 la mujer a Carabineros.<\/p>\n<p class=\"v1MsoNormal\" style=\"text-align: justify;\">Frente a lo anterior, el personal policial tras acoger la denuncia por el delito antes mencionado, se aboc\u00f3 al desarrollo de m\u00faltiples diligencias orientadas a dar con el paradero del individuo, antecedentes que fueron puestos en conocimiento de la Fiscal\u00eda, siendo impartida una orden de detenci\u00f3n en su contra por este hecho.<\/p>\n<p class=\"v1MsoNormal\" style=\"text-align: justify;\">En el transcurso de esta jornada, tras intensificar la b\u00fasqueda y estrechar el c\u00edrculo de las diligencias en las que particip\u00f3 la totalidad del personal policial en la isla, el sujeto se entreg\u00f3 en el Ret\u00e9n de Carabineros de la localidad.<\/p>\n<p class=\"v1MsoNormal\" style=\"text-align: justify;\">Los antecedentes del procedimiento fueron puestos en conocimiento de la Fiscal\u00eda que dirige investigaci\u00f3n por este hecho, ordenando al Laboratorio de Criminal\u00edstica de Carabineros (Labocar) la asistencia remota para el levantamiento de evidencias y fijaci\u00f3n del sitio del suceso, con la finalidad de ser remitidas a este equipo cient\u00edfico &#8211; t\u00e9cnico para su estudio y an\u00e1lisis en la ciudad de Coyhaique.<\/p>\n<p class=\"v1MsoNormal\" style=\"text-align: justify;\">Por su parte el imputado permanece detenido y en espera de instrucciones por parte de la Fiscal\u00eda que dirige investigaci\u00f3n por este hecho para pasar a la audiencia de control de detenci\u00f3n, antecedentes que igualmente fueron informados al Servicio Nacional de la Mujer y Equidad de G\u00e9nero (Sernameg).<\/p>\n<\/div><\/section><\/div><div  style='height:50px' class='hr hr-invisible   avia-builder-el-6  el_after_av_one_full  el_before_av_social_share '><span class='hr-inner ' ><span class='hr-inner-style'><\/span><\/span><\/div><\/p>\n<div  class='av-social-sharing-box  avia-builder-el-7  el_after_av_hr  el_before_av_hr  '><div class='av-share-box'><h5 class='av-share-link-description av-no-toc '>Compartir esta noticia<\/h5><ul class='av-share-box-list noLightbox'><li class='av-share-link av-social-link-facebook' ><a target=\"_blank\" aria-label=\"Compartir en Facebook\" href='https:\/\/www.facebook.com\/sharer.php?u=https:\/\/radiorevelacionfm.cl\/?p=11297&#038;t=En%20Melinka%20detienen%20a%20un%20individuo%20por%20el%20delito%20de%20femicidio%20frustrado' aria-hidden='false' data-av_icon='\ue8f3' data-av_iconfont='entypo-fontello' title='' data-avia-related-tooltip='Compartir en Facebook' rel=\"noopener\"><span class='avia_hidden_link_text'>Compartir en Facebook<\/span><\/a><\/li><li class='av-share-link av-social-link-twitter' ><a target=\"_blank\" aria-label=\"Compartir en Twitter\" href='https:\/\/twitter.com\/share?text=En%20Melinka%20detienen%20a%20un%20individuo%20por%20el%20delito%20de%20femicidio%20frustrado&#038;url=https:\/\/radiorevelacionfm.cl\/?p=11297' aria-hidden='false' data-av_icon='\ue8f1' data-av_iconfont='entypo-fontello' title='' data-avia-related-tooltip='Compartir en Twitter' rel=\"noopener\"><span class='avia_hidden_link_text'>Compartir en Twitter<\/span><\/a><\/li><li class='av-share-link av-social-link-whatsapp' ><a target=\"_blank\" aria-label=\"Compartir en Whatsapp\" href='https:\/\/api.whatsapp.com\/send?text=https:\/\/radiorevelacionfm.cl\/?p=11297' aria-hidden='false' data-av_icon='\uf232' data-av_iconfont='entypo-fontello' title='' data-avia-related-tooltip='Compartir en Whatsapp' rel=\"noopener\"><span class='avia_hidden_link_text'>Compartir en Whatsapp<\/span><\/a><\/li><li class='av-share-link av-social-link-linkedin' ><a target=\"_blank\" aria-label=\"Compartir en LinkedIn\" href='https:\/\/linkedin.com\/shareArticle?mini=true&#038;title=En%20Melinka%20detienen%20a%20un%20individuo%20por%20el%20delito%20de%20femicidio%20frustrado&#038;url=https:\/\/radiorevelacionfm.cl\/?p=11297' aria-hidden='false' data-av_icon='\ue8fc' data-av_iconfont='entypo-fontello' title='' data-avia-related-tooltip='Compartir en LinkedIn' rel=\"noopener\"><span class='avia_hidden_link_text'>Compartir en LinkedIn<\/span><\/a><\/li><li class='av-share-link av-social-link-mail' ><a  aria-label=\"Compartir por correo\" href='mailto:?subject=En%20Melinka%20detienen%20a%20un%20individuo%20por%20el%20delito%20de%20femicidio%20frustrado&#038;body=https:\/\/radiorevelacionfm.cl\/?p=11297' aria-hidden='false' data-av_icon='\ue805' data-av_iconfont='entypo-fontello' title='' data-avia-related-tooltip='Compartir por correo'><span class='avia_hidden_link_text'>Compartir por correo<\/span><\/a><\/li><\/ul><\/div><\/div>\n<div  style='height:50px' class='hr hr-invisible   avia-builder-el-8  el_after_av_social_share  el_before_av_comments_list '><span class='hr-inner ' ><span class='hr-inner-style'><\/span><\/span><\/div>\n<div  class='av-buildercomment  av-blog-meta-html-info-disabled av-blog-meta-tag-disabled  '><\/div>\n","protected":false},"excerpt":{"rendered":"","protected":false},"author":1,"featured_media":11298,"comment_status":"open","ping_status":"open","sticky":false,"template":"","format":"standard","meta":{"footnotes":""},"categories":[36],"tags":[],"class_list":["post-11297","post","type-post","status-publish","format-standard","has-post-thumbnail","hentry","category-policial"],"jetpack_featured_media_url":"https:\/\/radiorevelacionfm.cl\/wp-content\/uploads\/2021\/11\/Melinka-1-1-1.jpg","_links":{"self":[{"href":"https:\/\/radiorevelacionfm.cl\/index.php?rest_route=\/wp\/v2\/posts\/11297","targetHints":{"allow":["GET"]}}],"collection":[{"href":"https:\/\/radiorevelacionfm.cl\/index.php?rest_route=\/wp\/v2\/posts"}],"about":[{"href":"https:\/\/radiorevelacionfm.cl\/index.php?rest_route=\/wp\/v2\/types\/post"}],"author":[{"embeddable":true,"href":"https:\/\/radiorevelacionfm.cl\/index.php?rest_route=\/wp\/v2\/users\/1"}],"replies":[{"embeddable":true,"href":"https:\/\/radiorevelacionfm.cl\/index.php?rest_route=%2Fwp%2Fv2%2Fcomments&post=11297"}],"version-history":[{"count":2,"href":"https:\/\/radiorevelacionfm.cl\/index.php?rest_route=\/wp\/v2\/posts\/11297\/revisions"}],"predecessor-version":[{"id":11300,"href":"https:\/\/radiorevelacionfm.cl\/index.php?rest_route=\/wp\/v2\/posts\/11297\/revisions\/11300"}],"wp:featuredmedia":[{"embeddable":true,"href":"https:\/\/radiorevelacionfm.cl\/index.php?rest_route=\/wp\/v2\/media\/11298"}],"wp:attachment":[{"href":"https:\/\/radiorevelacionfm.cl\/index.php?rest_route=%2Fwp%2Fv2%2Fmedia&parent=11297"}],"wp:term":[{"taxonomy":"category","embeddable":true,"href":"https:\/\/radiorevelacionfm.cl\/index.php?rest_route=%2Fwp%2Fv2%2Fcategories&post=11297"},{"taxonomy":"post_tag","embeddable":true,"href":"https:\/\/radiorevelacionfm.cl\/index.php?rest_route=%2Fwp%2Fv2%2Ftags&post=11297"}],"curies":[{"name":"wp","href":"https:\/\/api.w.org\/{rel}","templated":true}]}}