{"id":11293,"date":"2021-11-28T13:35:15","date_gmt":"2021-11-28T16:35:15","guid":{"rendered":"https:\/\/radiorevelacionfm.cl\/?p=11293"},"modified":"2021-11-28T13:35:37","modified_gmt":"2021-11-28T16:35:37","slug":"gobernadora-regional-y-gremios-de-pesca-artesanal-proponen-indicaciones-a-la-modificacion-de-la-ley-de-pesca-y-acuicultura-en-el-ambito-de-los-recursos-bentonicos","status":"publish","type":"post","link":"https:\/\/radiorevelacionfm.cl\/?p=11293","title":{"rendered":"Gobernadora y gremios de pesca artesanal proponen indicaciones a la modificaci\u00f3n de la Ley de Pesca y acuicultura en el \u00e1mbito de los recursos bent\u00f3nicos"},"content":{"rendered":"<div class=\"flex_column av_one_full  flex_column_div av-zero-column-padding first  avia-builder-el-0  el_before_av_one_full  avia-builder-el-first  \" style='border-radius:0px; '><section class=\"av_textblock_section \"  itemscope=\"itemscope\" itemtype=\"https:\/\/schema.org\/BlogPosting\" itemprop=\"blogPost\" ><div class='avia_textblock  '   itemprop=\"text\" ><p style=\"text-align: center;\"><span style=\"font-size: 18pt;\"><b>Gobernadora y gremios de pesca artesanal proponen indicaciones a la modificaci\u00f3n de la Ley de Pesca y acuicultura en el \u00e1mbito de los recursos bent\u00f3nicos<\/b><\/span><\/p>\n<div id=\"gtx-trans\" style=\"position: absolute; left: -50px; top: 4.31534px;\">\n<div class=\"gtx-trans-icon\"><\/div>\n<\/div>\n<\/div><\/section><\/div><div class=\"flex_column av_one_full  flex_column_div av-zero-column-padding first  \" style='border-radius:0px; '><section class=\"av_textblock_section \"  itemscope=\"itemscope\" itemtype=\"https:\/\/schema.org\/BlogPosting\" itemprop=\"blogPost\" ><div class='avia_textblock  '   itemprop=\"text\" ><p style=\"text-align: justify;\">La iniciativa nace del trabajo en conjunto realizado por distintos actores en pos del trabajo de los recursos mar\u00edtimos de la regi\u00f3n de Ays\u00e9n.<\/p>\n<p>\u00abHemos estado muy pendientes de las modificaciones que se est\u00e1n haciendo a la Ley de Pesca y Acuicultura en el \u00e1mbito de los recursos bent\u00f3nicos creemos que nuevamente van en desmedro de nuestra regi\u00f3n. \u00bfPor qu\u00e9? Porque una vez m\u00e1s no se consideran las particularidades de nuestra regi\u00f3n y de nuestro litoral, no se comprende nuestro territorio como una zona que es diferente, que en nuestro litoral no tenemos otras oportunidades de desarrollo como si lo hay en otras regiones\u00bb, afirm\u00f3.<\/p>\n<p>Un diagn\u00f3stico similar presentaron dirigentes de la pesca artesanal y por el cual ambos mundos han ingresado una serie de indicaciones y modificaciones a la Ley de Pesca que se discute por estos d\u00edas en el Congreso.<\/p>\n<p>Para Cristian Espinoza, Presidente del Sindicato N\u00ba1 de Puerto Gala, el trabajo en conjunto al Gobierno Regional le ha resultado fundamental. \u00abEstoy gratamente sorprendido en cuanto al funcionamiento de nuestra Gobernadora Regional que realmente tiene una visi\u00f3n de un desarrollo arm\u00f3nico de la localidad\u00bb, coment\u00f3.<\/p>\n<p>Las modificaciones propuestas van en la v\u00eda de definir mejor el concepto regional de la nueva Ley, adem\u00e1s de incluir representantes del Gobierno Regional en los Comit\u00e9s de Manejo, cuesti\u00f3n fundamental ya que las nuevas autoridades regionales son las representantes electas democr\u00e1ticamente por el territorio.<\/p>\n<p>Para Daniel Caniullan Huentel, Presidente de la comunidad Pu Wapi de Guaitecas y miembro del comit\u00e9 bent\u00f3nico regional de Ays\u00e9n. \u00abValoro el tiempo que se da la Gobernadora Regional de Ays\u00e9n de poder apoyar y defender los intereses de la gente de nuestro territorio, por lo tanto, vamos a estar muy despierto con lo que se viene en la ley bent\u00f3nica que se est\u00e1 discutiendo en el Congreso. Se dieron unos plazos muy muy acotados para presentar indicaciones. Esta Ley, as\u00ed como est\u00e1, es un traje a la medida para favorecer a la pesca ilegal y a las flotas que hoy d\u00eda no tiene recursos pesqueros, por lo tanto, para nosotros es fundamental buscar y ver la sustentabilidad de nuestros recursos pesqueros de la regi\u00f3n de Ays\u00e9n\u00bb.<\/p>\n<p>Otra de las propuestas enviadas desde la regi\u00f3n de Ays\u00e9n tiene que ver con que si el Plan de manejo abarca m\u00e1s de una regi\u00f3n, tendr\u00e1 que incluir al Comit\u00e9 Cient\u00edfico a representantes cient\u00edficos de todas las regiones involucradas, siendo su decisi\u00f3n de car\u00e1cter vinculante. Esto, buscando la sustentabilidad en la explotaci\u00f3n del recurso que, hoy por hoy, no se cumplen con los par\u00e1metros de la actual Ley.<\/p>\n<p>Finalmente para la Gobernadora Mac\u00edas, el compromiso del Gobierno Regional ser\u00e1 estar presente en las indicaciones que modifique una Ley que puede significar m\u00e1s amenazas para el sector en Ays\u00e9n. \u00abReafirmamos el compromiso con el desarrollo de nuestra regi\u00f3n. El desarrollo va a hacer el d\u00eda en que todo este recurso econ\u00f3mico que se mueve a trav\u00e9s de la industria, reflote en bienestar, en calidad de vida para nuestra gente, sobre todo aquellos territorios m\u00e1s rezagados, como lo es nuestro sector litoral, puntualiz\u00f3.<\/p>\n<div><\/div>\n<\/div><\/section><\/div><div  style='height:50px' class='hr hr-invisible  '><span class='hr-inner ' ><span class='hr-inner-style'><\/span><\/span><\/div><\/p>\n<div  class='av-social-sharing-box  '><div class='av-share-box'><h5 class='av-share-link-description av-no-toc '>Compartir esta noticia<\/h5><ul class='av-share-box-list noLightbox'><li class='av-share-link av-social-link-facebook' ><a target=\"_blank\" aria-label=\"Compartir en Facebook\" href='https:\/\/www.facebook.com\/sharer.php?u=https:\/\/radiorevelacionfm.cl\/?p=11293&#038;t=Gobernadora%20y%20gremios%20de%20pesca%20artesanal%20proponen%20indicaciones%20a%20la%20modificaci%C3%B3n%20de%20la%20Ley%20de%20Pesca%20y%20acuicultura%20en%20el%20%C3%A1mbito%20de%20los%20recursos%20bent%C3%B3nicos' aria-hidden='false' data-av_icon='\ue8f3' data-av_iconfont='entypo-fontello' title='' data-avia-related-tooltip='Compartir en Facebook' rel=\"noopener\"><span class='avia_hidden_link_text'>Compartir en Facebook<\/span><\/a><\/li><li class='av-share-link av-social-link-twitter' ><a target=\"_blank\" aria-label=\"Compartir en Twitter\" href='https:\/\/twitter.com\/share?text=Gobernadora%20y%20gremios%20de%20pesca%20artesanal%20proponen%20indicaciones%20a%20la%20modificaci%C3%B3n%20de%20la%20Ley%20de%20Pesca%20y%20acuicultura%20en%20el%20%C3%A1mbito%20de%20los%20recursos%20bent%C3%B3nicos&#038;url=https:\/\/radiorevelacionfm.cl\/?p=11293' aria-hidden='false' data-av_icon='\ue8f1' data-av_iconfont='entypo-fontello' title='' data-avia-related-tooltip='Compartir en Twitter' rel=\"noopener\"><span class='avia_hidden_link_text'>Compartir en Twitter<\/span><\/a><\/li><li class='av-share-link av-social-link-whatsapp' ><a target=\"_blank\" aria-label=\"Compartir en Whatsapp\" href='https:\/\/api.whatsapp.com\/send?text=https:\/\/radiorevelacionfm.cl\/?p=11293' aria-hidden='false' data-av_icon='\uf232' data-av_iconfont='entypo-fontello' title='' data-avia-related-tooltip='Compartir en Whatsapp' rel=\"noopener\"><span class='avia_hidden_link_text'>Compartir en Whatsapp<\/span><\/a><\/li><li class='av-share-link av-social-link-linkedin' ><a target=\"_blank\" aria-label=\"Compartir en LinkedIn\" href='https:\/\/linkedin.com\/shareArticle?mini=true&#038;title=Gobernadora%20y%20gremios%20de%20pesca%20artesanal%20proponen%20indicaciones%20a%20la%20modificaci%C3%B3n%20de%20la%20Ley%20de%20Pesca%20y%20acuicultura%20en%20el%20%C3%A1mbito%20de%20los%20recursos%20bent%C3%B3nicos&#038;url=https:\/\/radiorevelacionfm.cl\/?p=11293' aria-hidden='false' data-av_icon='\ue8fc' data-av_iconfont='entypo-fontello' title='' data-avia-related-tooltip='Compartir en LinkedIn' rel=\"noopener\"><span class='avia_hidden_link_text'>Compartir en LinkedIn<\/span><\/a><\/li><li class='av-share-link av-social-link-mail' ><a  aria-label=\"Compartir por correo\" href='mailto:?subject=Gobernadora%20y%20gremios%20de%20pesca%20artesanal%20proponen%20indicaciones%20a%20la%20modificaci%C3%B3n%20de%20la%20Ley%20de%20Pesca%20y%20acuicultura%20en%20el%20%C3%A1mbito%20de%20los%20recursos%20bent%C3%B3nicos&#038;body=https:\/\/radiorevelacionfm.cl\/?p=11293' aria-hidden='false' data-av_icon='\ue805' data-av_iconfont='entypo-fontello' title='' data-avia-related-tooltip='Compartir por correo'><span class='avia_hidden_link_text'>Compartir por correo<\/span><\/a><\/li><\/ul><\/div><\/div>\n<div  style='height:50px' class='hr hr-invisible  '><span class='hr-inner ' ><span class='hr-inner-style'><\/span><\/span><\/div>\n<div  class='av-buildercomment  av-blog-meta-html-info-disabled av-blog-meta-tag-disabled  '><\/div>\n","protected":false},"excerpt":{"rendered":"","protected":false},"author":1,"featured_media":10590,"comment_status":"open","ping_status":"open","sticky":false,"template":"","format":"standard","meta":{"footnotes":""},"categories":[38],"tags":[],"class_list":["post-11293","post","type-post","status-publish","format-standard","has-post-thumbnail","hentry","category-regional"],"jetpack_featured_media_url":"https:\/\/radiorevelacionfm.cl\/wp-content\/uploads\/2021\/11\/Foto-2-1.jpeg","_links":{"self":[{"href":"https:\/\/radiorevelacionfm.cl\/index.php?rest_route=\/wp\/v2\/posts\/11293","targetHints":{"allow":["GET"]}}],"collection":[{"href":"https:\/\/radiorevelacionfm.cl\/index.php?rest_route=\/wp\/v2\/posts"}],"about":[{"href":"https:\/\/radiorevelacionfm.cl\/index.php?rest_route=\/wp\/v2\/types\/post"}],"author":[{"embeddable":true,"href":"https:\/\/radiorevelacionfm.cl\/index.php?rest_route=\/wp\/v2\/users\/1"}],"replies":[{"embeddable":true,"href":"https:\/\/radiorevelacionfm.cl\/index.php?rest_route=%2Fwp%2Fv2%2Fcomments&post=11293"}],"version-history":[{"count":3,"href":"https:\/\/radiorevelacionfm.cl\/index.php?rest_route=\/wp\/v2\/posts\/11293\/revisions"}],"predecessor-version":[{"id":11295,"href":"https:\/\/radiorevelacionfm.cl\/index.php?rest_route=\/wp\/v2\/posts\/11293\/revisions\/11295"}],"wp:featuredmedia":[{"embeddable":true,"href":"https:\/\/radiorevelacionfm.cl\/index.php?rest_route=\/wp\/v2\/media\/10590"}],"wp:attachment":[{"href":"https:\/\/radiorevelacionfm.cl\/index.php?rest_route=%2Fwp%2Fv2%2Fmedia&parent=11293"}],"wp:term":[{"taxonomy":"category","embeddable":true,"href":"https:\/\/radiorevelacionfm.cl\/index.php?rest_route=%2Fwp%2Fv2%2Fcategories&post=11293"},{"taxonomy":"post_tag","embeddable":true,"href":"https:\/\/radiorevelacionfm.cl\/index.php?rest_route=%2Fwp%2Fv2%2Ftags&post=11293"}],"curies":[{"name":"wp","href":"https:\/\/api.w.org\/{rel}","templated":true}]}}