{"id":11286,"date":"2021-11-27T12:39:28","date_gmt":"2021-11-27T15:39:28","guid":{"rendered":"https:\/\/radiorevelacionfm.cl\/?p=11286"},"modified":"2021-11-27T12:39:28","modified_gmt":"2021-11-27T15:39:28","slug":"seremi-de-energia-de-aysen-destaca-publicacion-del-plan-nacional-de-eficiencia-energetica","status":"publish","type":"post","link":"https:\/\/radiorevelacionfm.cl\/?p=11286","title":{"rendered":"Seremi de Energ\u00eda de Ays\u00e9n destaca publicaci\u00f3n del Plan Nacional de Eficiencia Energ\u00e9tica"},"content":{"rendered":"<div class=\"flex_column av_one_full  flex_column_div av-zero-column-padding first  avia-builder-el-0  el_before_av_one_full  avia-builder-el-first  \" style='border-radius:0px; '><div  class='avia-image-container  av-styling-    avia-builder-el-1  avia-builder-el-no-sibling  avia-align-center '  itemprop=\"image\" itemscope=\"itemscope\" itemtype=\"https:\/\/schema.org\/ImageObject\"  ><div class='avia-image-container-inner'><div class='avia-image-overlay-wrap'><img decoding=\"async\" class='wp-image-11287 avia-img-lazy-loading-not-11287 avia_image' src=\"https:\/\/radiorevelacionfm.cl\/wp-content\/uploads\/2021\/11\/EficEnergetica-1-1.jpg\" alt='' title='EficEnerg\u00e9tica (1) (1)' height=\"600\" width=\"1011\"  itemprop=\"thumbnailUrl\" srcset=\"https:\/\/radiorevelacionfm.cl\/wp-content\/uploads\/2021\/11\/EficEnergetica-1-1.jpg 1011w, https:\/\/radiorevelacionfm.cl\/wp-content\/uploads\/2021\/11\/EficEnergetica-1-1-300x178.jpg 300w, https:\/\/radiorevelacionfm.cl\/wp-content\/uploads\/2021\/11\/EficEnergetica-1-1-768x456.jpg 768w, https:\/\/radiorevelacionfm.cl\/wp-content\/uploads\/2021\/11\/EficEnergetica-1-1-705x418.jpg 705w, https:\/\/radiorevelacionfm.cl\/wp-content\/uploads\/2021\/11\/EficEnergetica-1-1-600x356.jpg 600w\" sizes=\"(max-width: 1011px) 100vw, 1011px\" \/><\/div><\/div><\/div><\/div><div class=\"flex_column av_one_full  flex_column_div av-zero-column-padding first  avia-builder-el-2  el_after_av_one_full  el_before_av_one_full  column-top-margin\" style='border-radius:0px; '><section class=\"av_textblock_section \"  itemscope=\"itemscope\" itemtype=\"https:\/\/schema.org\/BlogPosting\" itemprop=\"blogPost\" ><div class='avia_textblock  '   itemprop=\"text\" ><p style=\"text-align: center;\"><strong><span style=\"font-size: 18pt;\">Seremi de Energ\u00eda de Ays\u00e9n destaca publicaci\u00f3n del Plan Nacional de Eficiencia Energ\u00e9tica<\/span><\/strong><\/p>\n<div id=\"gtx-trans\" style=\"position: absolute; left: -50px; top: 4.31534px;\">\n<div class=\"gtx-trans-icon\"><\/div>\n<\/div>\n<\/div><\/section><\/div><div class=\"flex_column av_one_full  flex_column_div av-zero-column-padding first  avia-builder-el-4  el_after_av_one_full  el_before_av_hr  column-top-margin\" style='border-radius:0px; '><section class=\"av_textblock_section \"  itemscope=\"itemscope\" itemtype=\"https:\/\/schema.org\/BlogPosting\" itemprop=\"blogPost\" ><div class='avia_textblock  '   itemprop=\"text\" ><p style=\"text-align: justify;\">El Seremi de Energ\u00eda de Ays\u00e9n, Juan Luis Amen\u00e1bar, destac\u00f3 la publicaci\u00f3n del Plan Nacional de Eficiencia Energ\u00e9tica, iniciativa que se enmarca en la Ley N\u00b021.305 de Eficiencia Energ\u00e9tica promulgada en febrero de este a\u00f1o que promueve el uso racional y eficiente de los recursos energ\u00e9ticos de nuestro pa\u00eds.<\/p>\n<p style=\"text-align: justify;\">El Plan es el resultado de un trabajo colaborativo donde participaron m\u00e1s de 1.000 representantes de la sociedad civil, la academia, la industria y el sector p\u00fablico, quienes fueron claves para orientar las metas y medidas contenidas en esta nueva hoja de ruta.<\/p>\n<p style=\"text-align: justify;\">Al respecto el Seremi Amen\u00e1bar se\u00f1al\u00f3 que \u201cel objetivo del Plan Nacional de Eficiencia Energ\u00e9tica es proporcionar un marco estrat\u00e9gico para el desarrollo de la eficiencia energ\u00e9tica de nuestro pa\u00eds, y de esta manera materializar el potencial de ahorro energ\u00e9tico que nos permita alcanzar la carbono neutralidad al a\u00f1o 2050. Todo esto en l\u00ednea con las pol\u00edticas que ha desarrollado hasta el momento el Ministerio de Energ\u00eda y el Estado en general en materia de sostenibilidad\u201d.<\/p>\n<p style=\"text-align: justify;\">El nuevo instrumento que se desarrollar\u00e1 durante el per\u00edodo 2022-2026, aborda acciones concretas para los principales sectores que consumen energ\u00eda en nuestro pa\u00eds, y se espera que gracias a su implementaci\u00f3n se pueda disminuir la intensidad energ\u00e9tica de Chile respecto del a\u00f1o 2019 en un 6% al 2026, un 15% al 2035 y un 35% al 2050.<\/p>\n<p style=\"text-align: justify;\">\u201cLa eficiencia energ\u00e9tica juega un rol clave en nuestro camino hacia la carbono neutralidad, ya que genera un aporte significativo en la reducci\u00f3n de las emisiones contaminantes. Adem\u00e1s, mejora la calidad de vida de las personas, genera importantes ahorros econ\u00f3micos y aumenta la productividad y competitividad de las empresas entre otros m\u00faltiples beneficios. Por eso es clave contar con esta nueva herramienta que nos permitir\u00e1 avanzar hacia un futuro energ\u00e9tico sostenible\u201d, recalc\u00f3 la autoridad de Energ\u00eda.<\/p>\n<p style=\"text-align: justify;\">El Plan se divide en 4 sectores: productivos, transporte, edificaciones y ciudadan\u00eda. Para cada uno de estos sectores se han definido un conjunto de metas espec\u00edficas a alcanzar y 32 medidas concretas a ejecutar.<\/p>\n<p style=\"text-align: justify;\">En el caso del sector productivo las acciones principales est\u00e1n dadas por la implementaci\u00f3n de sistemas de gesti\u00f3n de energ\u00eda y la promoci\u00f3n de la electrificaci\u00f3n de usos t\u00e9rmicos y motrices en la industria y miner\u00eda. En el sector transporte, se plantea el establecimiento de la eficiencia energ\u00e9tica para veh\u00edculos y el impulso a la electromovilidad. Respecto de las edificaciones se considera la actualizaci\u00f3n de los est\u00e1ndares de eficiencia energ\u00e9tica, el impulso a la renovaci\u00f3n energ\u00e9tica y reacondicionamiento t\u00e9rmico, calificaci\u00f3n energ\u00e9tica de edificaciones y habilitaci\u00f3n de energ\u00eda distrital. Cabe se\u00f1alar, que los tres sectores anteriormente mencionados consideran transversalmente el fortalecimiento de la formaci\u00f3n de especialistas.<\/p>\n<p style=\"text-align: justify;\">Finalmente, el sector ciudadan\u00eda incorpora la difusi\u00f3n de informaci\u00f3n ciudadana, el fortalecimiento del programa educativo, actualizaci\u00f3n y ampliaci\u00f3n de etiquetado y est\u00e1ndares de artefactos.<\/p>\n<p style=\"text-align: justify;\">El Plan Nacional de Eficiencia Energ\u00e9tica se encuentra disponible para consulta p\u00fablica en la p\u00e1gina web <a href=\"http:\/\/www.energia.gob.cl\">www.energia.gob.cl<\/a> en el link Participaci\u00f3n Ciudadana, donde los interesados podr\u00e1n descargarlo y realizar observaciones y comentarios hasta el 6 de diciembre de 2021 a las 23:59 horas.<\/p>\n<\/div><\/section><\/div><div  style='height:50px' class='hr hr-invisible   avia-builder-el-6  el_after_av_one_full  el_before_av_social_share '><span class='hr-inner ' ><span class='hr-inner-style'><\/span><\/span><\/div><\/p>\n<div  class='av-social-sharing-box  avia-builder-el-7  el_after_av_hr  el_before_av_hr  '><div class='av-share-box'><h5 class='av-share-link-description av-no-toc '>Compartir esta noticia<\/h5><ul class='av-share-box-list noLightbox'><li class='av-share-link av-social-link-facebook' ><a target=\"_blank\" aria-label=\"Compartir en Facebook\" href='https:\/\/www.facebook.com\/sharer.php?u=https:\/\/radiorevelacionfm.cl\/?p=11286&#038;t=Seremi%20de%20Energ%C3%ADa%20de%20Ays%C3%A9n%20destaca%20publicaci%C3%B3n%20del%20Plan%20Nacional%20de%20Eficiencia%20Energ%C3%A9tica' aria-hidden='false' data-av_icon='\ue8f3' data-av_iconfont='entypo-fontello' title='' data-avia-related-tooltip='Compartir en Facebook' rel=\"noopener\"><span class='avia_hidden_link_text'>Compartir en Facebook<\/span><\/a><\/li><li class='av-share-link av-social-link-twitter' ><a target=\"_blank\" aria-label=\"Compartir en Twitter\" href='https:\/\/twitter.com\/share?text=Seremi%20de%20Energ%C3%ADa%20de%20Ays%C3%A9n%20destaca%20publicaci%C3%B3n%20del%20Plan%20Nacional%20de%20Eficiencia%20Energ%C3%A9tica&#038;url=https:\/\/radiorevelacionfm.cl\/?p=11286' aria-hidden='false' data-av_icon='\ue8f1' data-av_iconfont='entypo-fontello' title='' data-avia-related-tooltip='Compartir en Twitter' rel=\"noopener\"><span class='avia_hidden_link_text'>Compartir en Twitter<\/span><\/a><\/li><li class='av-share-link av-social-link-whatsapp' ><a target=\"_blank\" aria-label=\"Compartir en Whatsapp\" href='https:\/\/api.whatsapp.com\/send?text=https:\/\/radiorevelacionfm.cl\/?p=11286' aria-hidden='false' data-av_icon='\uf232' data-av_iconfont='entypo-fontello' title='' data-avia-related-tooltip='Compartir en Whatsapp' rel=\"noopener\"><span class='avia_hidden_link_text'>Compartir en Whatsapp<\/span><\/a><\/li><li class='av-share-link av-social-link-linkedin' ><a target=\"_blank\" aria-label=\"Compartir en LinkedIn\" href='https:\/\/linkedin.com\/shareArticle?mini=true&#038;title=Seremi%20de%20Energ%C3%ADa%20de%20Ays%C3%A9n%20destaca%20publicaci%C3%B3n%20del%20Plan%20Nacional%20de%20Eficiencia%20Energ%C3%A9tica&#038;url=https:\/\/radiorevelacionfm.cl\/?p=11286' aria-hidden='false' data-av_icon='\ue8fc' data-av_iconfont='entypo-fontello' title='' data-avia-related-tooltip='Compartir en LinkedIn' rel=\"noopener\"><span class='avia_hidden_link_text'>Compartir en LinkedIn<\/span><\/a><\/li><li class='av-share-link av-social-link-mail' ><a  aria-label=\"Compartir por correo\" href='mailto:?subject=Seremi%20de%20Energ%C3%ADa%20de%20Ays%C3%A9n%20destaca%20publicaci%C3%B3n%20del%20Plan%20Nacional%20de%20Eficiencia%20Energ%C3%A9tica&#038;body=https:\/\/radiorevelacionfm.cl\/?p=11286' aria-hidden='false' data-av_icon='\ue805' data-av_iconfont='entypo-fontello' title='' data-avia-related-tooltip='Compartir por correo'><span class='avia_hidden_link_text'>Compartir por correo<\/span><\/a><\/li><\/ul><\/div><\/div>\n<div  style='height:50px' class='hr hr-invisible   avia-builder-el-8  el_after_av_social_share  el_before_av_comments_list '><span class='hr-inner ' ><span class='hr-inner-style'><\/span><\/span><\/div>\n<div  class='av-buildercomment  av-blog-meta-html-info-disabled av-blog-meta-tag-disabled  '><\/div>\n","protected":false},"excerpt":{"rendered":"","protected":false},"author":1,"featured_media":11287,"comment_status":"open","ping_status":"open","sticky":false,"template":"","format":"standard","meta":{"footnotes":""},"categories":[38],"tags":[],"class_list":["post-11286","post","type-post","status-publish","format-standard","has-post-thumbnail","hentry","category-regional"],"jetpack_featured_media_url":"https:\/\/radiorevelacionfm.cl\/wp-content\/uploads\/2021\/11\/EficEnergetica-1-1.jpg","_links":{"self":[{"href":"https:\/\/radiorevelacionfm.cl\/index.php?rest_route=\/wp\/v2\/posts\/11286","targetHints":{"allow":["GET"]}}],"collection":[{"href":"https:\/\/radiorevelacionfm.cl\/index.php?rest_route=\/wp\/v2\/posts"}],"about":[{"href":"https:\/\/radiorevelacionfm.cl\/index.php?rest_route=\/wp\/v2\/types\/post"}],"author":[{"embeddable":true,"href":"https:\/\/radiorevelacionfm.cl\/index.php?rest_route=\/wp\/v2\/users\/1"}],"replies":[{"embeddable":true,"href":"https:\/\/radiorevelacionfm.cl\/index.php?rest_route=%2Fwp%2Fv2%2Fcomments&post=11286"}],"version-history":[{"count":2,"href":"https:\/\/radiorevelacionfm.cl\/index.php?rest_route=\/wp\/v2\/posts\/11286\/revisions"}],"predecessor-version":[{"id":11292,"href":"https:\/\/radiorevelacionfm.cl\/index.php?rest_route=\/wp\/v2\/posts\/11286\/revisions\/11292"}],"wp:featuredmedia":[{"embeddable":true,"href":"https:\/\/radiorevelacionfm.cl\/index.php?rest_route=\/wp\/v2\/media\/11287"}],"wp:attachment":[{"href":"https:\/\/radiorevelacionfm.cl\/index.php?rest_route=%2Fwp%2Fv2%2Fmedia&parent=11286"}],"wp:term":[{"taxonomy":"category","embeddable":true,"href":"https:\/\/radiorevelacionfm.cl\/index.php?rest_route=%2Fwp%2Fv2%2Fcategories&post=11286"},{"taxonomy":"post_tag","embeddable":true,"href":"https:\/\/radiorevelacionfm.cl\/index.php?rest_route=%2Fwp%2Fv2%2Ftags&post=11286"}],"curies":[{"name":"wp","href":"https:\/\/api.w.org\/{rel}","templated":true}]}}