{"id":11282,"date":"2021-11-27T10:39:40","date_gmt":"2021-11-27T13:39:40","guid":{"rendered":"https:\/\/radiorevelacionfm.cl\/?p=11282"},"modified":"2021-11-27T10:39:40","modified_gmt":"2021-11-27T13:39:40","slug":"imaginacion-y-creatividad-marcaron-cierre-de-concurso-escolar-desafio-saludable","status":"publish","type":"post","link":"https:\/\/radiorevelacionfm.cl\/?p=11282","title":{"rendered":"Imaginaci\u00f3n y creatividad marcaron cierre de concurso escolar \u201cDesaf\u00edo Saludable\u201d"},"content":{"rendered":"<div class=\"flex_column av_one_full  flex_column_div av-zero-column-padding first  avia-builder-el-0  el_before_av_one_full  avia-builder-el-first  \" style='border-radius:0px; '><div  class='avia-image-container  av-styling-    avia-builder-el-1  avia-builder-el-no-sibling  avia-align-center '  itemprop=\"image\" itemscope=\"itemscope\" itemtype=\"https:\/\/schema.org\/ImageObject\"  ><div class='avia-image-container-inner'><div class='avia-image-overlay-wrap'><img decoding=\"async\" class='wp-image-11283 avia-img-lazy-loading-not-11283 avia_image' src=\"https:\/\/radiorevelacionfm.cl\/wp-content\/uploads\/2021\/11\/premiacion-concurso-1-1.jpg\" alt='' title='premiaci\u00f3n concurso (1) (1)' height=\"600\" width=\"1354\"  itemprop=\"thumbnailUrl\" srcset=\"https:\/\/radiorevelacionfm.cl\/wp-content\/uploads\/2021\/11\/premiacion-concurso-1-1.jpg 1354w, https:\/\/radiorevelacionfm.cl\/wp-content\/uploads\/2021\/11\/premiacion-concurso-1-1-300x133.jpg 300w, https:\/\/radiorevelacionfm.cl\/wp-content\/uploads\/2021\/11\/premiacion-concurso-1-1-1030x456.jpg 1030w, https:\/\/radiorevelacionfm.cl\/wp-content\/uploads\/2021\/11\/premiacion-concurso-1-1-768x340.jpg 768w, https:\/\/radiorevelacionfm.cl\/wp-content\/uploads\/2021\/11\/premiacion-concurso-1-1-705x312.jpg 705w, https:\/\/radiorevelacionfm.cl\/wp-content\/uploads\/2021\/11\/premiacion-concurso-1-1-600x266.jpg 600w\" sizes=\"(max-width: 1354px) 100vw, 1354px\" \/><\/div><\/div><\/div><\/div><div class=\"flex_column av_one_full  flex_column_div av-zero-column-padding first  avia-builder-el-2  el_after_av_one_full  el_before_av_one_full  column-top-margin\" style='border-radius:0px; '><section class=\"av_textblock_section \"  itemscope=\"itemscope\" itemtype=\"https:\/\/schema.org\/BlogPosting\" itemprop=\"blogPost\" ><div class='avia_textblock  '   itemprop=\"text\" ><p style=\"text-align: center;\"><span style=\"font-size: 18pt;\"><strong>Imaginaci\u00f3n y creatividad marcaron cierre de concurso escolar \u201cDesaf\u00edo Saludable\u201d<\/strong><\/span><\/p>\n<div id=\"gtx-trans\" style=\"position: absolute; left: -50px; top: 4.31534px;\">\n<div class=\"gtx-trans-icon\"><\/div>\n<\/div>\n<\/div><\/section><\/div><div class=\"flex_column av_one_full  flex_column_div av-zero-column-padding first  avia-builder-el-4  el_after_av_one_full  el_before_av_hr  column-top-margin\" style='border-radius:0px; '><section class=\"av_textblock_section \"  itemscope=\"itemscope\" itemtype=\"https:\/\/schema.org\/BlogPosting\" itemprop=\"blogPost\" ><div class='avia_textblock  '   itemprop=\"text\" ><p style=\"text-align: justify;\">Con la participaci\u00f3n de estudiantes pertenecientes a distintos puntos de la regi\u00f3n, quienes pusieron a prueba toda su creatividad e imaginaci\u00f3n para crear recetas con alimentos que contribuyen a una alimentaci\u00f3n sana, lleg\u00f3 a t\u00e9rmino el concurso Desaf\u00edo Saludable organizado por la Seremi de Salud donde a trav\u00e9s de entretenidos videos, cado uno de los participantes realiz\u00f3 una receta y explic\u00f3, tanto los ingredientes como la preparaci\u00f3n de sus alimentos.<\/p>\n<p style=\"text-align: justify;\">La ceremonia de premiaci\u00f3n, desarrollada en la Escuela Altamira de Coyhaique, cont\u00f3 con la participaci\u00f3n de alguno de los ganadores, ya que por razones geogr\u00e1ficas varios de ellos no pudieron trasladarse hasta la capital regional. En esta oportunidad, la Directora de la Escuela Altamira, Cecilia Molina, felicit\u00f3 a los alumnos que formaron parte de este concurso. \u201cAgradezco la oportunidad de presenciar esta iniciativa, creo que esto es muy beneficioso para nuestros estudiantes, que aprendan y que participen de estos desaf\u00edos saludables, y que tambi\u00e9n tengas una vinculaci\u00f3n mucho m\u00e1s entretenida con las distintas formas de alimentarse y que son tan necesarias en estos tiempos, as\u00ed que felicitaciones a cada uno de los participantes\u201d.<\/p>\n<p style=\"text-align: justify;\">Este concurso forma parte del trabajo desarrollado a nivel local, en el marco Programa de Vigilancia de Ambientes Alimentarios Componente Educacional originado en el contexto de la implementaci\u00f3n de la Ley N\u00ba20.606, que tuvo como uno de sus objetivos fomentar estilos de vida saludable entre la poblaci\u00f3n escolar sobretodo en esta \u00e9poca de pandemia por COVID-19, donde se observ\u00f3 una disminuci\u00f3n del tiempo dedicado a la pr\u00e1ctica de actividad f\u00edsica y un aumento del consumo de alimentos con una alta densidad cal\u00f3rica.<\/p>\n<p style=\"text-align: justify;\">En este sentido, la Seremi de Salud (s), Gloria Beecher, manifest\u00f3 su satisfacci\u00f3n por la positiva respuesta de los estudiantes con este concurso. \u201cNos causa una enorme alegr\u00eda ver el entusiasmo de estos ni\u00f1os en la participaci\u00f3n de este desaf\u00edo saludable, fue maravilloso ver a los ni\u00f1os con eses entusiasmo, con esas ganas que a pesar de estar en pandemia nos da una tremenda esperanza y alegr\u00eda, esperamos que en las pr\u00f3xima oportunidad contar con m\u00e1s ni\u00f1os\u201d, puntualiz\u00f3.<\/p>\n<p style=\"text-align: justify;\">Cabe se\u00f1alar que de acuerdo a cifras del a\u00f1o 2019, a nivel regional, la prevalencia de obesidad en los menores de 6 a\u00f1os controlados en el sistema de salud p\u00fablico es de un 15,8%, lo que otorga una mayor relevancia a iniciativas de esta naturaleza que buscan generar cambios en los procesos alimenticios desde las primeras etapas escolares.<\/p>\n<p><strong>Resultados Concurso<\/strong><\/p>\n<p><u>Categor\u00eda escolar<\/u>:<\/p>\n<p>-Nicolas Ramos, Liceo Melinka<\/p>\n<p><u>Categor\u00eda preescolar: <\/u><\/p>\n<p>&#8211; Bruno Jara, Escuela Pedro Quintana Mansilla, 3 b\u00e1sico<\/p>\n<p>&#8211; Maximiliano Saldias, Escuela Altamira, 1 b\u00e1sico<\/p>\n<p>&#8211; Fabi\u00e1n Sanhueza, Colegio El Camino a la Fuente<\/p>\n<p><u>Mensajes saludables<\/u><\/p>\n<p>Ambas categor\u00edas:<\/p>\n<p>&#8211; Mar\u00eda Garrido, Liceo Melinka<\/p>\n<p>&#8211; Tatiana Rivas, Jard\u00edn Infantil Los Cipreses<\/p>\n<\/div><\/section><\/div><div  style='height:50px' class='hr hr-invisible   avia-builder-el-6  el_after_av_one_full  el_before_av_social_share '><span class='hr-inner ' ><span class='hr-inner-style'><\/span><\/span><\/div><\/p>\n<div  class='av-social-sharing-box  avia-builder-el-7  el_after_av_hr  el_before_av_hr  '><div class='av-share-box'><h5 class='av-share-link-description av-no-toc '>Compartir esta noticia<\/h5><ul class='av-share-box-list noLightbox'><li class='av-share-link av-social-link-facebook' ><a target=\"_blank\" aria-label=\"Compartir en Facebook\" href='https:\/\/www.facebook.com\/sharer.php?u=https:\/\/radiorevelacionfm.cl\/?p=11282&#038;t=Imaginaci%C3%B3n%20y%20creatividad%20marcaron%20cierre%20de%20concurso%20escolar%20%E2%80%9CDesaf%C3%ADo%20Saludable%E2%80%9D' aria-hidden='false' data-av_icon='\ue8f3' data-av_iconfont='entypo-fontello' title='' data-avia-related-tooltip='Compartir en Facebook' rel=\"noopener\"><span class='avia_hidden_link_text'>Compartir en Facebook<\/span><\/a><\/li><li class='av-share-link av-social-link-twitter' ><a target=\"_blank\" aria-label=\"Compartir en Twitter\" href='https:\/\/twitter.com\/share?text=Imaginaci%C3%B3n%20y%20creatividad%20marcaron%20cierre%20de%20concurso%20escolar%20%E2%80%9CDesaf%C3%ADo%20Saludable%E2%80%9D&#038;url=https:\/\/radiorevelacionfm.cl\/?p=11282' aria-hidden='false' data-av_icon='\ue8f1' data-av_iconfont='entypo-fontello' title='' data-avia-related-tooltip='Compartir en Twitter' rel=\"noopener\"><span class='avia_hidden_link_text'>Compartir en Twitter<\/span><\/a><\/li><li class='av-share-link av-social-link-whatsapp' ><a target=\"_blank\" aria-label=\"Compartir en Whatsapp\" href='https:\/\/api.whatsapp.com\/send?text=https:\/\/radiorevelacionfm.cl\/?p=11282' aria-hidden='false' data-av_icon='\uf232' data-av_iconfont='entypo-fontello' title='' data-avia-related-tooltip='Compartir en Whatsapp' rel=\"noopener\"><span class='avia_hidden_link_text'>Compartir en Whatsapp<\/span><\/a><\/li><li class='av-share-link av-social-link-linkedin' ><a target=\"_blank\" aria-label=\"Compartir en LinkedIn\" href='https:\/\/linkedin.com\/shareArticle?mini=true&#038;title=Imaginaci%C3%B3n%20y%20creatividad%20marcaron%20cierre%20de%20concurso%20escolar%20%E2%80%9CDesaf%C3%ADo%20Saludable%E2%80%9D&#038;url=https:\/\/radiorevelacionfm.cl\/?p=11282' aria-hidden='false' data-av_icon='\ue8fc' data-av_iconfont='entypo-fontello' title='' data-avia-related-tooltip='Compartir en LinkedIn' rel=\"noopener\"><span class='avia_hidden_link_text'>Compartir en LinkedIn<\/span><\/a><\/li><li class='av-share-link av-social-link-mail' ><a  aria-label=\"Compartir por correo\" href='mailto:?subject=Imaginaci%C3%B3n%20y%20creatividad%20marcaron%20cierre%20de%20concurso%20escolar%20%E2%80%9CDesaf%C3%ADo%20Saludable%E2%80%9D&#038;body=https:\/\/radiorevelacionfm.cl\/?p=11282' aria-hidden='false' data-av_icon='\ue805' data-av_iconfont='entypo-fontello' title='' data-avia-related-tooltip='Compartir por correo'><span class='avia_hidden_link_text'>Compartir por correo<\/span><\/a><\/li><\/ul><\/div><\/div>\n<div  style='height:50px' class='hr hr-invisible   avia-builder-el-8  el_after_av_social_share  el_before_av_comments_list '><span class='hr-inner ' ><span class='hr-inner-style'><\/span><\/span><\/div>\n<div  class='av-buildercomment  av-blog-meta-html-info-disabled av-blog-meta-tag-disabled  '><\/div>\n","protected":false},"excerpt":{"rendered":"","protected":false},"author":1,"featured_media":11283,"comment_status":"open","ping_status":"open","sticky":false,"template":"","format":"standard","meta":{"footnotes":""},"categories":[46],"tags":[],"class_list":["post-11282","post","type-post","status-publish","format-standard","has-post-thumbnail","hentry","category-salud"],"jetpack_featured_media_url":"https:\/\/radiorevelacionfm.cl\/wp-content\/uploads\/2021\/11\/premiacion-concurso-1-1.jpg","_links":{"self":[{"href":"https:\/\/radiorevelacionfm.cl\/index.php?rest_route=\/wp\/v2\/posts\/11282","targetHints":{"allow":["GET"]}}],"collection":[{"href":"https:\/\/radiorevelacionfm.cl\/index.php?rest_route=\/wp\/v2\/posts"}],"about":[{"href":"https:\/\/radiorevelacionfm.cl\/index.php?rest_route=\/wp\/v2\/types\/post"}],"author":[{"embeddable":true,"href":"https:\/\/radiorevelacionfm.cl\/index.php?rest_route=\/wp\/v2\/users\/1"}],"replies":[{"embeddable":true,"href":"https:\/\/radiorevelacionfm.cl\/index.php?rest_route=%2Fwp%2Fv2%2Fcomments&post=11282"}],"version-history":[{"count":2,"href":"https:\/\/radiorevelacionfm.cl\/index.php?rest_route=\/wp\/v2\/posts\/11282\/revisions"}],"predecessor-version":[{"id":11285,"href":"https:\/\/radiorevelacionfm.cl\/index.php?rest_route=\/wp\/v2\/posts\/11282\/revisions\/11285"}],"wp:featuredmedia":[{"embeddable":true,"href":"https:\/\/radiorevelacionfm.cl\/index.php?rest_route=\/wp\/v2\/media\/11283"}],"wp:attachment":[{"href":"https:\/\/radiorevelacionfm.cl\/index.php?rest_route=%2Fwp%2Fv2%2Fmedia&parent=11282"}],"wp:term":[{"taxonomy":"category","embeddable":true,"href":"https:\/\/radiorevelacionfm.cl\/index.php?rest_route=%2Fwp%2Fv2%2Fcategories&post=11282"},{"taxonomy":"post_tag","embeddable":true,"href":"https:\/\/radiorevelacionfm.cl\/index.php?rest_route=%2Fwp%2Fv2%2Ftags&post=11282"}],"curies":[{"name":"wp","href":"https:\/\/api.w.org\/{rel}","templated":true}]}}