{"id":11279,"date":"2021-11-27T11:16:59","date_gmt":"2021-11-27T14:16:59","guid":{"rendered":"https:\/\/radiorevelacionfm.cl\/?p=11279"},"modified":"2021-11-27T11:16:59","modified_gmt":"2021-11-27T14:16:59","slug":"bidema-aysen-se-capacita-sobre-los-fenomenos-de-la-criosfera","status":"publish","type":"post","link":"https:\/\/radiorevelacionfm.cl\/?p=11279","title":{"rendered":"BIDEMA Ays\u00e9n se capacita sobre los fen\u00f3menos de la cri\u00f3sfera"},"content":{"rendered":"<div class=\"flex_column av_one_full  flex_column_div av-zero-column-padding first  avia-builder-el-0  el_before_av_one_full  avia-builder-el-first  \" style='border-radius:0px; '><div  class='avia-image-container  av-styling-    avia-builder-el-1  avia-builder-el-no-sibling  avia-align-center '  itemprop=\"image\" itemscope=\"itemscope\" itemtype=\"https:\/\/schema.org\/ImageObject\"  ><div class='avia-image-container-inner'><div class='avia-image-overlay-wrap'><img decoding=\"async\" class='wp-image-11280 avia-img-lazy-loading-not-11280 avia_image' src=\"https:\/\/radiorevelacionfm.cl\/wp-content\/uploads\/2021\/11\/capacitacion-criosfera-001-1_optimized.jpg\" alt='' title='capacitaci\u00f3n-cri\u00f3sfera-001-(1)_optimized' height=\"600\" width=\"1066\"  itemprop=\"thumbnailUrl\" srcset=\"https:\/\/radiorevelacionfm.cl\/wp-content\/uploads\/2021\/11\/capacitacion-criosfera-001-1_optimized.jpg 1066w, https:\/\/radiorevelacionfm.cl\/wp-content\/uploads\/2021\/11\/capacitacion-criosfera-001-1_optimized-300x169.jpg 300w, https:\/\/radiorevelacionfm.cl\/wp-content\/uploads\/2021\/11\/capacitacion-criosfera-001-1_optimized-1030x580.jpg 1030w, https:\/\/radiorevelacionfm.cl\/wp-content\/uploads\/2021\/11\/capacitacion-criosfera-001-1_optimized-768x432.jpg 768w, https:\/\/radiorevelacionfm.cl\/wp-content\/uploads\/2021\/11\/capacitacion-criosfera-001-1_optimized-705x397.jpg 705w, https:\/\/radiorevelacionfm.cl\/wp-content\/uploads\/2021\/11\/capacitacion-criosfera-001-1_optimized-600x338.jpg 600w\" sizes=\"(max-width: 1066px) 100vw, 1066px\" \/><\/div><\/div><\/div><\/div><div class=\"flex_column av_one_full  flex_column_div av-zero-column-padding first  avia-builder-el-2  el_after_av_one_full  el_before_av_one_full  column-top-margin\" style='border-radius:0px; '><section class=\"av_textblock_section \"  itemscope=\"itemscope\" itemtype=\"https:\/\/schema.org\/BlogPosting\" itemprop=\"blogPost\" ><div class='avia_textblock  '   itemprop=\"text\" ><p style=\"text-align: center;\"><span style=\"font-size: 18pt;\"><strong>BIDEMA Ays\u00e9n se capacita sobre los fen\u00f3menos de la cri\u00f3sfera<\/strong><\/span><\/p>\n<div id=\"gtx-trans\" style=\"position: absolute; left: -50px; top: 4.31534px;\">\n<div class=\"gtx-trans-icon\"><\/div>\n<\/div>\n<\/div><\/section><\/div><div class=\"flex_column av_one_full  flex_column_div av-zero-column-padding first  avia-builder-el-4  el_after_av_one_full  el_before_av_hr  column-top-margin\" style='border-radius:0px; '><section class=\"av_textblock_section \"  itemscope=\"itemscope\" itemtype=\"https:\/\/schema.org\/BlogPosting\" itemprop=\"blogPost\" ><div class='avia_textblock  '   itemprop=\"text\" ><p style=\"text-align: justify;\">El martes 23 de noviembre, detectives de la Brigada Investigadora de Delitos del Medio Ambiente y Patrimonio Cultural Ays\u00e9n se capacitaron junto a acad\u00e9micos de las Universidades de Chile y La Frontera sobre temas de cambio clim\u00e1tico y su afectaci\u00f3n a los glaciares de la Patagonia chilena.<\/p>\n<p style=\"text-align: justify;\">Este es el inicio de un ciclo de capacitaciones para la especializaci\u00f3n de los detectives e integrantes de la PDI en materias medioambientales para la protecci\u00f3n de la principal fuente de agua dulce de Am\u00e9rica Latina: la Patagonia Chilena, zona que posee una superficie total de glaciares que suman alrededor de 20.000 km<sup>2<\/sup>, siendo Campo de Hielo Sur la segunda masa de hielo continua y extrapolar m\u00e1s extensa del mundo.<\/p>\n<p style=\"text-align: justify;\">No obstante, la preocupaci\u00f3n radica en el fuerte retroceso de estos cuerpos y c\u00f3mo, a trav\u00e9s del an\u00e1lisis e investigaci\u00f3n criminal, la PDI puede aportar en la preservaci\u00f3n de los glaciares a la espera de las facultades y recursos legales para la persecuci\u00f3n penal en estas materias que podr\u00eda aportar el proyecto de protecci\u00f3n de glaciares en discusi\u00f3n en el Congreso Nacional.<\/p>\n<p style=\"text-align: justify;\">En ese sentido, esta primera actividad denominada \u201cLa cri\u00f3sfera est\u00e1 cambiando\u201d tuvo como finalidad acercar conocimientos b\u00e1sicos sobre los glaciares y sensibilizar sobre la problem\u00e1tica del retroceso de los mismos, abordando una visi\u00f3n general, sus diferentes tipos, su din\u00e1mica, su hidrolog\u00eda, servicios ecosist\u00e9micos y su papel como indicadores del cambio clim\u00e1tico.<\/p>\n<p style=\"text-align: justify;\">Las exposiciones estuvieron a cargo de los Doctores en Recursos Naturales Carolina Merino, Ignacio Jofr\u00e9 y Francisco N\u00e1jera, investigadores y docentes de las Universidades de La Frontera y de Chile.<\/p>\n<p style=\"text-align: justify;\">Esta iniciativa impulsada por la Regi\u00f3n Policial de Ays\u00e9n fue planificada, coordinada y ejecutada por la BIDEMA Ays\u00e9n, extendiendo la invitaci\u00f3n a todas las unidades especializadas en medio ambiente a nivel nacional, contando con la participaci\u00f3n de integrantes de las BIDEMAS de distintos puntos del pa\u00eds.<\/p>\n<p style=\"text-align: justify;\">Sobre la importancia de abordar estos fen\u00f3menos el jefe regional, prefecto Delf\u00edn Olgu\u00edn, destac\u00f3 que este tipo de acciones son relevantes para el fortalecimiento del capital humano y el desarrollo de nuevas capacidades profesionales. Asimismo, el prefecto Olgu\u00edn valor\u00f3 la vinculaci\u00f3n con el mundo acad\u00e9mico para potenciar estas iniciativas que permiten la generaci\u00f3n de nuevos conocimientos en detectives que tienen dedicaci\u00f3n exclusiva en la investigaci\u00f3n de los delitos medioambientales, generando un v\u00ednculo virtuoso entre distintas entidades que permitir\u00e1 en el futuro integrar a otros actores que tienen competencias en estas materias.<\/p>\n<p style=\"text-align: justify;\">En ese sentido, el subprefecto Claudio Reyes, jefe de la BIDEMA Ays\u00e9n, puntualiz\u00f3 que \u201ccon este tipo de capacitaciones podemos enriquecer nuestros conocimientos para obtener mayor expertise y plasmar los conocimientos adquiridos en futuras investigaciones con la finalidad de estar a la vanguardia de la evoluci\u00f3n de los delitos y este tipo de fen\u00f3menos\u201d.<\/p>\n<p style=\"text-align: justify;\">Adem\u00e1s, el jefe de la unidad especializada se\u00f1al\u00f3 que \u201cel cambio clim\u00e1tico es un hecho que est\u00e1 afectando a nuestro planeta y nosotros como BIDEMA estamos preocupados y nos hacemos cargo de estas materias, por ello realizamos esta coordinaci\u00f3n con el equipo de investigaci\u00f3n que se pudo materializar en esta jornada donde se capacit\u00f3 a todos los integrantes de la BIDEMA Ays\u00e9n y de las BIDEMAS a lo largo del pa\u00eds, quienes se nutrieron de conocimientos para ser a\u00fan m\u00e1s profesionales en investigaciones medioambientales ligadas a sucesos con ocurrencia en la Patagonia de Ays\u00e9n\u201d.<\/p>\n<p style=\"text-align: justify;\">Por su parte, en representaci\u00f3n del mundo acad\u00e9mico, la Dra. Carolina Merino de la Universidad de la Frontera, indic\u00f3 que \u201cagradecemos la invitaci\u00f3n que nos hizo la PDI para poder mostrarles y contarles lo que nosotros hacemos en nuestro trabajo y nuestras investigaciones para que no quede solamente en cuatro paredes, en las aulas o en los laboratorios\u201d. La experta agreg\u00f3 que es fundamental \u201chacer la difusi\u00f3n de la ciencia, acercar el conocimiento a la comunidad y a las instituciones sobre un tema tan relevante como los glaciares, el secuestro de carbono y el calentamiento global que nos afecta\u201d.<\/p>\n<\/div><\/section><\/div><div  style='height:50px' class='hr hr-invisible   avia-builder-el-6  el_after_av_one_full  el_before_av_social_share '><span class='hr-inner ' ><span class='hr-inner-style'><\/span><\/span><\/div><\/p>\n<div  class='av-social-sharing-box  avia-builder-el-7  el_after_av_hr  el_before_av_hr  '><div class='av-share-box'><h5 class='av-share-link-description av-no-toc '>Compartir esta noticia<\/h5><ul class='av-share-box-list noLightbox'><li class='av-share-link av-social-link-facebook' ><a target=\"_blank\" aria-label=\"Compartir en Facebook\" href='https:\/\/www.facebook.com\/sharer.php?u=https:\/\/radiorevelacionfm.cl\/?p=11279&#038;t=BIDEMA%20Ays%C3%A9n%20se%20capacita%20sobre%20los%20fen%C3%B3menos%20de%20la%20cri%C3%B3sfera' aria-hidden='false' data-av_icon='\ue8f3' data-av_iconfont='entypo-fontello' title='' data-avia-related-tooltip='Compartir en Facebook' rel=\"noopener\"><span class='avia_hidden_link_text'>Compartir en Facebook<\/span><\/a><\/li><li class='av-share-link av-social-link-twitter' ><a target=\"_blank\" aria-label=\"Compartir en Twitter\" href='https:\/\/twitter.com\/share?text=BIDEMA%20Ays%C3%A9n%20se%20capacita%20sobre%20los%20fen%C3%B3menos%20de%20la%20cri%C3%B3sfera&#038;url=https:\/\/radiorevelacionfm.cl\/?p=11279' aria-hidden='false' data-av_icon='\ue8f1' data-av_iconfont='entypo-fontello' title='' data-avia-related-tooltip='Compartir en Twitter' rel=\"noopener\"><span class='avia_hidden_link_text'>Compartir en Twitter<\/span><\/a><\/li><li class='av-share-link av-social-link-whatsapp' ><a target=\"_blank\" aria-label=\"Compartir en Whatsapp\" href='https:\/\/api.whatsapp.com\/send?text=https:\/\/radiorevelacionfm.cl\/?p=11279' aria-hidden='false' data-av_icon='\uf232' data-av_iconfont='entypo-fontello' title='' data-avia-related-tooltip='Compartir en Whatsapp' rel=\"noopener\"><span class='avia_hidden_link_text'>Compartir en Whatsapp<\/span><\/a><\/li><li class='av-share-link av-social-link-linkedin' ><a target=\"_blank\" aria-label=\"Compartir en LinkedIn\" href='https:\/\/linkedin.com\/shareArticle?mini=true&#038;title=BIDEMA%20Ays%C3%A9n%20se%20capacita%20sobre%20los%20fen%C3%B3menos%20de%20la%20cri%C3%B3sfera&#038;url=https:\/\/radiorevelacionfm.cl\/?p=11279' aria-hidden='false' data-av_icon='\ue8fc' data-av_iconfont='entypo-fontello' title='' data-avia-related-tooltip='Compartir en LinkedIn' rel=\"noopener\"><span class='avia_hidden_link_text'>Compartir en LinkedIn<\/span><\/a><\/li><li class='av-share-link av-social-link-mail' ><a  aria-label=\"Compartir por correo\" href='mailto:?subject=BIDEMA%20Ays%C3%A9n%20se%20capacita%20sobre%20los%20fen%C3%B3menos%20de%20la%20cri%C3%B3sfera&#038;body=https:\/\/radiorevelacionfm.cl\/?p=11279' aria-hidden='false' data-av_icon='\ue805' data-av_iconfont='entypo-fontello' title='' data-avia-related-tooltip='Compartir por correo'><span class='avia_hidden_link_text'>Compartir por correo<\/span><\/a><\/li><\/ul><\/div><\/div>\n<div  style='height:50px' class='hr hr-invisible   avia-builder-el-8  el_after_av_social_share  el_before_av_comments_list '><span class='hr-inner ' ><span class='hr-inner-style'><\/span><\/span><\/div>\n<div  class='av-buildercomment  av-blog-meta-html-info-disabled av-blog-meta-tag-disabled  '><\/div>\n","protected":false},"excerpt":{"rendered":"","protected":false},"author":1,"featured_media":11280,"comment_status":"open","ping_status":"open","sticky":false,"template":"","format":"standard","meta":{"footnotes":""},"categories":[36],"tags":[],"class_list":["post-11279","post","type-post","status-publish","format-standard","has-post-thumbnail","hentry","category-policial"],"jetpack_featured_media_url":"https:\/\/radiorevelacionfm.cl\/wp-content\/uploads\/2021\/11\/capacitacion-criosfera-001-1_optimized.jpg","_links":{"self":[{"href":"https:\/\/radiorevelacionfm.cl\/index.php?rest_route=\/wp\/v2\/posts\/11279","targetHints":{"allow":["GET"]}}],"collection":[{"href":"https:\/\/radiorevelacionfm.cl\/index.php?rest_route=\/wp\/v2\/posts"}],"about":[{"href":"https:\/\/radiorevelacionfm.cl\/index.php?rest_route=\/wp\/v2\/types\/post"}],"author":[{"embeddable":true,"href":"https:\/\/radiorevelacionfm.cl\/index.php?rest_route=\/wp\/v2\/users\/1"}],"replies":[{"embeddable":true,"href":"https:\/\/radiorevelacionfm.cl\/index.php?rest_route=%2Fwp%2Fv2%2Fcomments&post=11279"}],"version-history":[{"count":2,"href":"https:\/\/radiorevelacionfm.cl\/index.php?rest_route=\/wp\/v2\/posts\/11279\/revisions"}],"predecessor-version":[{"id":11289,"href":"https:\/\/radiorevelacionfm.cl\/index.php?rest_route=\/wp\/v2\/posts\/11279\/revisions\/11289"}],"wp:featuredmedia":[{"embeddable":true,"href":"https:\/\/radiorevelacionfm.cl\/index.php?rest_route=\/wp\/v2\/media\/11280"}],"wp:attachment":[{"href":"https:\/\/radiorevelacionfm.cl\/index.php?rest_route=%2Fwp%2Fv2%2Fmedia&parent=11279"}],"wp:term":[{"taxonomy":"category","embeddable":true,"href":"https:\/\/radiorevelacionfm.cl\/index.php?rest_route=%2Fwp%2Fv2%2Fcategories&post=11279"},{"taxonomy":"post_tag","embeddable":true,"href":"https:\/\/radiorevelacionfm.cl\/index.php?rest_route=%2Fwp%2Fv2%2Ftags&post=11279"}],"curies":[{"name":"wp","href":"https:\/\/api.w.org\/{rel}","templated":true}]}}