{"id":11273,"date":"2021-11-27T12:04:17","date_gmt":"2021-11-27T15:04:17","guid":{"rendered":"https:\/\/radiorevelacionfm.cl\/?p=11273"},"modified":"2021-11-27T12:04:17","modified_gmt":"2021-11-27T15:04:17","slug":"en-pos-de-la-atencion-oportuna-a-mujeres-que-viven-violencia-avanza-convenio-de-sernameg-y-fosis","status":"publish","type":"post","link":"https:\/\/radiorevelacionfm.cl\/?p=11273","title":{"rendered":"En pos de la atenci\u00f3n oportuna a mujeres que viven violencia avanza convenio de SernamEG y FOSIS"},"content":{"rendered":"<div class=\"flex_column av_one_full  flex_column_div av-zero-column-padding first  avia-builder-el-0  el_before_av_one_full  avia-builder-el-first  \" style='border-radius:0px; '><div  class='avia-image-container  av-styling-    avia-builder-el-1  avia-builder-el-no-sibling  avia-align-center '  itemprop=\"image\" itemscope=\"itemscope\" itemtype=\"https:\/\/schema.org\/ImageObject\"  ><div class='avia-image-container-inner'><div class='avia-image-overlay-wrap'><img decoding=\"async\" class='wp-image-11274 avia-img-lazy-loading-not-11274 avia_image' src=\"https:\/\/radiorevelacionfm.cl\/wp-content\/uploads\/2021\/11\/seguimiento-convenio-SernamEG-FOSIS-1-1.jpg\" alt='' title='seguimiento convenio SernamEG FOSIS (1) (1)' height=\"600\" width=\"1282\"  itemprop=\"thumbnailUrl\" srcset=\"https:\/\/radiorevelacionfm.cl\/wp-content\/uploads\/2021\/11\/seguimiento-convenio-SernamEG-FOSIS-1-1.jpg 1282w, https:\/\/radiorevelacionfm.cl\/wp-content\/uploads\/2021\/11\/seguimiento-convenio-SernamEG-FOSIS-1-1-300x140.jpg 300w, https:\/\/radiorevelacionfm.cl\/wp-content\/uploads\/2021\/11\/seguimiento-convenio-SernamEG-FOSIS-1-1-1030x482.jpg 1030w, https:\/\/radiorevelacionfm.cl\/wp-content\/uploads\/2021\/11\/seguimiento-convenio-SernamEG-FOSIS-1-1-768x359.jpg 768w, https:\/\/radiorevelacionfm.cl\/wp-content\/uploads\/2021\/11\/seguimiento-convenio-SernamEG-FOSIS-1-1-705x330.jpg 705w, https:\/\/radiorevelacionfm.cl\/wp-content\/uploads\/2021\/11\/seguimiento-convenio-SernamEG-FOSIS-1-1-600x281.jpg 600w\" sizes=\"(max-width: 1282px) 100vw, 1282px\" \/><\/div><\/div><\/div><\/div><div class=\"flex_column av_one_full  flex_column_div av-zero-column-padding first  avia-builder-el-2  el_after_av_one_full  el_before_av_one_full  column-top-margin\" style='border-radius:0px; '><section class=\"av_textblock_section \"  itemscope=\"itemscope\" itemtype=\"https:\/\/schema.org\/BlogPosting\" itemprop=\"blogPost\" ><div class='avia_textblock  '   itemprop=\"text\" ><p style=\"text-align: center;\"><strong><span style=\"font-size: 18pt;\">En pos de la atenci\u00f3n oportuna a mujeres que viven violencia avanza convenio de SernamEG y FOSIS<\/span><\/strong><\/p>\n<div id=\"gtx-trans\" style=\"position: absolute; left: -50px; top: 4.31534px;\">\n<div class=\"gtx-trans-icon\"><\/div>\n<\/div>\n<\/div><\/section><\/div><div class=\"flex_column av_one_full  flex_column_div av-zero-column-padding first  avia-builder-el-4  el_after_av_one_full  el_before_av_hr  column-top-margin\" style='border-radius:0px; '><section class=\"av_textblock_section \"  itemscope=\"itemscope\" itemtype=\"https:\/\/schema.org\/BlogPosting\" itemprop=\"blogPost\" ><div class='avia_textblock  '   itemprop=\"text\" ><p style=\"font-weight: 400; text-align: justify;\">En el marco del Mes de la Eliminaci\u00f3n de la Violencia contra las Mujeres, se realiz\u00f3 una reuni\u00f3n de seguimiento del convenio suscrito entre el Servicio Nacional de la Mujer y la Equidad de G\u00e9nero, SernamEG, y el Fondo de Solidaridad e Inversi\u00f3n Social, FOSIS. Acuerdo que tiene por objetivo fortalecer el trabajo que ambas instituciones gubernamentales desarrollan en beneficio de las mujeres, en especial, de aquellas v\u00edctimas de violencia de g\u00e9nero por parte de sus parejas; para que puedan superar la pobreza y situaci\u00f3n de vulnerabilidad social que las afecta. De tal forma que se pueda contribuir a disminuir el da\u00f1o psicosocial provocado por las situaciones de violencia, y al mismo tiempo, cuenten con herramientas de empoderamiento y apoyo a su capacidad emprendedora, favoreciendo su autonom\u00eda econ\u00f3mica.<\/p>\n<p style=\"font-weight: 400; text-align: justify;\">La Directora Regional de SernamEG, Elizabeth Guti\u00e9rrez Eggers, dijo: \u201ces importante destacar que este convenio fue firmado el D\u00eda Internacional de la Mujer y en forma posterior se conform\u00f3 una mesa de trabajo que ha realizado una tremenda labor durante estos meses, lo que demuestra el compromiso y la motivaci\u00f3n en incorporar pr\u00e1cticas innovadoras en la gesti\u00f3n conjunta; para la intervenci\u00f3n coordinada y eficiente en materia de violencia contra las mujeres. Este es un desaf\u00edo permanente que tenemos como instituci\u00f3n que se enmarca en la transversalizaci\u00f3n del enfoque de g\u00e9nero en el quehacer de todos los organismos p\u00fablicos. Por lo tanto, conocer como la implementaci\u00f3n de este convenio est\u00e1 avanzando es tremendamente satisfactorio\u201d.<\/p>\n<p style=\"font-weight: 400; text-align: justify;\">Por su parte, la Directora Regional de FOSIS, Dominique Br\u00e4utigam Lagomarsino, sostuvo que \u201cdesde FOSIS siempre estamos trabajando en el territorio, en esta oportunidad queremos fortalecer el trabajo desarrollado junto a SernamEG; el que se enmarca en el D\u00eda Internacional de la Eliminaci\u00f3n de la Violencia contra las Mujeres. Hemos fortalecido el protocolo de derivaci\u00f3n con el objetivo de poder atender a tiempo a aquellas mujeres que se sienten o que est\u00e1n pasando un proceso de vulnerabilidad asociado a lo que es la Violencia. Asimismo, venimos desarrollando un trabajo colaborativo con el prop\u00f3sito de disminuir las brechas de vulnerabilidad y poder llegar a tiempo a aquellas mujeres que m\u00e1s lo necesitan. Las mujeres que sufren violencia intrafamiliar son un grupo prioritario dentro de las pol\u00edticas p\u00fablicas de FOSIS Ays\u00e9n\u201d.<\/p>\n<p style=\"font-weight: 400; text-align: justify;\">Durante la reuni\u00f3n, las y los profesionales que conforman la Mesa de trabajo del Convenio SernamEG \u2013 FOSIS dieron a conocer los avances respecto a los 13 puntos que contempla el acuerdo entre las instituciones. En especial, respecto a la ficha de derivaci\u00f3n y registro de car\u00e1cter confidencial, como parte del protocolo interno y expedito de la informaci\u00f3n, que permita la pesquisa y derivaci\u00f3n a SernamEG de mujeres v\u00edctimas de violencia dom\u00e9stica, en el contexto de relaciones de pareja actuales o pasadas. Finalmente, otro de los puntos comprometidos entre ambas instituciones es la presentaci\u00f3n oportuna de sus ofertas program\u00e1ticas; y en el caso de SernamEG, contempla la transferencia de competencias en materia de equidad de g\u00e9nero.<\/p>\n<\/div><\/section><\/div><div  style='height:50px' class='hr hr-invisible   avia-builder-el-6  el_after_av_one_full  el_before_av_social_share '><span class='hr-inner ' ><span class='hr-inner-style'><\/span><\/span><\/div><\/p>\n<div  class='av-social-sharing-box  avia-builder-el-7  el_after_av_hr  el_before_av_hr  '><div class='av-share-box'><h5 class='av-share-link-description av-no-toc '>Compartir esta noticia<\/h5><ul class='av-share-box-list noLightbox'><li class='av-share-link av-social-link-facebook' ><a target=\"_blank\" aria-label=\"Compartir en Facebook\" href='https:\/\/www.facebook.com\/sharer.php?u=https:\/\/radiorevelacionfm.cl\/?p=11273&#038;t=En%20pos%20de%20la%20atenci%C3%B3n%20oportuna%20a%20mujeres%20que%20viven%20violencia%20avanza%20convenio%20de%20SernamEG%20y%20FOSIS' aria-hidden='false' data-av_icon='\ue8f3' data-av_iconfont='entypo-fontello' title='' data-avia-related-tooltip='Compartir en Facebook' rel=\"noopener\"><span class='avia_hidden_link_text'>Compartir en Facebook<\/span><\/a><\/li><li class='av-share-link av-social-link-twitter' ><a target=\"_blank\" aria-label=\"Compartir en Twitter\" href='https:\/\/twitter.com\/share?text=En%20pos%20de%20la%20atenci%C3%B3n%20oportuna%20a%20mujeres%20que%20viven%20violencia%20avanza%20convenio%20de%20SernamEG%20y%20FOSIS&#038;url=https:\/\/radiorevelacionfm.cl\/?p=11273' aria-hidden='false' data-av_icon='\ue8f1' data-av_iconfont='entypo-fontello' title='' data-avia-related-tooltip='Compartir en Twitter' rel=\"noopener\"><span class='avia_hidden_link_text'>Compartir en Twitter<\/span><\/a><\/li><li class='av-share-link av-social-link-whatsapp' ><a target=\"_blank\" aria-label=\"Compartir en Whatsapp\" href='https:\/\/api.whatsapp.com\/send?text=https:\/\/radiorevelacionfm.cl\/?p=11273' aria-hidden='false' data-av_icon='\uf232' data-av_iconfont='entypo-fontello' title='' data-avia-related-tooltip='Compartir en Whatsapp' rel=\"noopener\"><span class='avia_hidden_link_text'>Compartir en Whatsapp<\/span><\/a><\/li><li class='av-share-link av-social-link-linkedin' ><a target=\"_blank\" aria-label=\"Compartir en LinkedIn\" href='https:\/\/linkedin.com\/shareArticle?mini=true&#038;title=En%20pos%20de%20la%20atenci%C3%B3n%20oportuna%20a%20mujeres%20que%20viven%20violencia%20avanza%20convenio%20de%20SernamEG%20y%20FOSIS&#038;url=https:\/\/radiorevelacionfm.cl\/?p=11273' aria-hidden='false' data-av_icon='\ue8fc' data-av_iconfont='entypo-fontello' title='' data-avia-related-tooltip='Compartir en LinkedIn' rel=\"noopener\"><span class='avia_hidden_link_text'>Compartir en LinkedIn<\/span><\/a><\/li><li class='av-share-link av-social-link-mail' ><a  aria-label=\"Compartir por correo\" href='mailto:?subject=En%20pos%20de%20la%20atenci%C3%B3n%20oportuna%20a%20mujeres%20que%20viven%20violencia%20avanza%20convenio%20de%20SernamEG%20y%20FOSIS&#038;body=https:\/\/radiorevelacionfm.cl\/?p=11273' aria-hidden='false' data-av_icon='\ue805' data-av_iconfont='entypo-fontello' title='' data-avia-related-tooltip='Compartir por correo'><span class='avia_hidden_link_text'>Compartir por correo<\/span><\/a><\/li><\/ul><\/div><\/div>\n<div  style='height:50px' class='hr hr-invisible   avia-builder-el-8  el_after_av_social_share  el_before_av_comments_list '><span class='hr-inner ' ><span class='hr-inner-style'><\/span><\/span><\/div>\n<div  class='av-buildercomment  av-blog-meta-html-info-disabled av-blog-meta-tag-disabled  '><\/div>\n","protected":false},"excerpt":{"rendered":"","protected":false},"author":1,"featured_media":11274,"comment_status":"open","ping_status":"open","sticky":false,"template":"","format":"standard","meta":{"footnotes":""},"categories":[38],"tags":[],"class_list":["post-11273","post","type-post","status-publish","format-standard","has-post-thumbnail","hentry","category-regional"],"jetpack_featured_media_url":"https:\/\/radiorevelacionfm.cl\/wp-content\/uploads\/2021\/11\/seguimiento-convenio-SernamEG-FOSIS-1-1.jpg","_links":{"self":[{"href":"https:\/\/radiorevelacionfm.cl\/index.php?rest_route=\/wp\/v2\/posts\/11273","targetHints":{"allow":["GET"]}}],"collection":[{"href":"https:\/\/radiorevelacionfm.cl\/index.php?rest_route=\/wp\/v2\/posts"}],"about":[{"href":"https:\/\/radiorevelacionfm.cl\/index.php?rest_route=\/wp\/v2\/types\/post"}],"author":[{"embeddable":true,"href":"https:\/\/radiorevelacionfm.cl\/index.php?rest_route=\/wp\/v2\/users\/1"}],"replies":[{"embeddable":true,"href":"https:\/\/radiorevelacionfm.cl\/index.php?rest_route=%2Fwp%2Fv2%2Fcomments&post=11273"}],"version-history":[{"count":2,"href":"https:\/\/radiorevelacionfm.cl\/index.php?rest_route=\/wp\/v2\/posts\/11273\/revisions"}],"predecessor-version":[{"id":11291,"href":"https:\/\/radiorevelacionfm.cl\/index.php?rest_route=\/wp\/v2\/posts\/11273\/revisions\/11291"}],"wp:featuredmedia":[{"embeddable":true,"href":"https:\/\/radiorevelacionfm.cl\/index.php?rest_route=\/wp\/v2\/media\/11274"}],"wp:attachment":[{"href":"https:\/\/radiorevelacionfm.cl\/index.php?rest_route=%2Fwp%2Fv2%2Fmedia&parent=11273"}],"wp:term":[{"taxonomy":"category","embeddable":true,"href":"https:\/\/radiorevelacionfm.cl\/index.php?rest_route=%2Fwp%2Fv2%2Fcategories&post=11273"},{"taxonomy":"post_tag","embeddable":true,"href":"https:\/\/radiorevelacionfm.cl\/index.php?rest_route=%2Fwp%2Fv2%2Ftags&post=11273"}],"curies":[{"name":"wp","href":"https:\/\/api.w.org\/{rel}","templated":true}]}}