{"id":11270,"date":"2021-11-27T11:24:25","date_gmt":"2021-11-27T14:24:25","guid":{"rendered":"https:\/\/radiorevelacionfm.cl\/?p=11270"},"modified":"2021-11-27T11:24:25","modified_gmt":"2021-11-27T14:24:25","slug":"encuesta-a-mipes-levanta-diagnostico-sobre-necesidades-de-capacitacion-y-desafios-productivos-a-lo-largo-de-la-region-de-aysen","status":"publish","type":"post","link":"https:\/\/radiorevelacionfm.cl\/?p=11270","title":{"rendered":"Encuesta a MIPES levanta diagn\u00f3stico sobre necesidades de capacitaci\u00f3n y desaf\u00edos productivos a lo largo de la regi\u00f3n de Ays\u00e9n"},"content":{"rendered":"<div class=\"flex_column av_one_full  flex_column_div av-zero-column-padding first  avia-builder-el-0  el_before_av_one_full  avia-builder-el-first  \" style='border-radius:0px; '><div  class='avia-image-container  av-styling-    avia-builder-el-1  avia-builder-el-no-sibling  avia-align-center '  itemprop=\"image\" itemscope=\"itemscope\" itemtype=\"https:\/\/schema.org\/ImageObject\"  ><div class='avia-image-container-inner'><div class='avia-image-overlay-wrap'><img decoding=\"async\" class='wp-image-11271 avia-img-lazy-loading-not-11271 avia_image' src=\"https:\/\/radiorevelacionfm.cl\/wp-content\/uploads\/2021\/11\/MYPES-OLAYSEN-1-1.jpeg\" alt='' title='MYPES OLAYSEN (1) (1)' height=\"600\" width=\"899\"  itemprop=\"thumbnailUrl\" srcset=\"https:\/\/radiorevelacionfm.cl\/wp-content\/uploads\/2021\/11\/MYPES-OLAYSEN-1-1.jpeg 899w, https:\/\/radiorevelacionfm.cl\/wp-content\/uploads\/2021\/11\/MYPES-OLAYSEN-1-1-300x200.jpeg 300w, https:\/\/radiorevelacionfm.cl\/wp-content\/uploads\/2021\/11\/MYPES-OLAYSEN-1-1-768x513.jpeg 768w, https:\/\/radiorevelacionfm.cl\/wp-content\/uploads\/2021\/11\/MYPES-OLAYSEN-1-1-705x471.jpeg 705w, https:\/\/radiorevelacionfm.cl\/wp-content\/uploads\/2021\/11\/MYPES-OLAYSEN-1-1-600x400.jpeg 600w\" sizes=\"(max-width: 899px) 100vw, 899px\" \/><\/div><\/div><\/div><\/div><div class=\"flex_column av_one_full  flex_column_div av-zero-column-padding first  avia-builder-el-2  el_after_av_one_full  el_before_av_one_full  column-top-margin\" style='border-radius:0px; '><section class=\"av_textblock_section \"  itemscope=\"itemscope\" itemtype=\"https:\/\/schema.org\/BlogPosting\" itemprop=\"blogPost\" ><div class='avia_textblock  '   itemprop=\"text\" ><p style=\"text-align: center;\"><span style=\"font-size: 18pt;\"><strong>Encuesta a MIPES levanta diagn\u00f3stico sobre necesidades de capacitaci\u00f3n y desaf\u00edos productivos a lo largo de la regi\u00f3n de Ays\u00e9n<\/strong><\/span><\/p>\n<div id=\"gtx-trans\" style=\"position: absolute; left: -50px; top: 4.31534px;\">\n<div class=\"gtx-trans-icon\"><\/div>\n<\/div>\n<\/div><\/section><\/div><div class=\"flex_column av_one_full  flex_column_div av-zero-column-padding first  avia-builder-el-4  el_after_av_one_full  el_before_av_hr  column-top-margin\" style='border-radius:0px; '><section class=\"av_textblock_section \"  itemscope=\"itemscope\" itemtype=\"https:\/\/schema.org\/BlogPosting\" itemprop=\"blogPost\" ><div class='avia_textblock  '   itemprop=\"text\" ><p style=\"text-align: justify;\">Este instrumento estad\u00edstico es aplicado por el Observatorio Laboral Ays\u00e9n, proyecto financiado por SENCE y ejecutado por la Universidad de Ays\u00e9n, el levantamiento consider\u00f3 266 micro y peque\u00f1as empresas formalizadas y distribuidas en las cuatro provincias de la regi\u00f3n. La encuesta pretende entregar un diagn\u00f3stico sobre las necesidades de capacitaci\u00f3n y desaf\u00edos productivos de las micro y peque\u00f1as empresas de los distintos sectores econ\u00f3micos del territorio regional. Entre las actividades econ\u00f3micas resaltan las \u00e1reas de Turismo, Construcci\u00f3n, Transporte, Pesca, Comercio, entre otras. Dentro de los factores que influyen en esta encuesta, podemos encontrar la visi\u00f3n de los actores, gremios, asociaciones y l\u00edderes sectoriales, esto con el fin de aportar con datos y estad\u00edsticas a la reactivaci\u00f3n econ\u00f3mica para el a\u00f1o 2022 y 2023. El estudio incorpora los efectos de la crisis sanitaria Covid-19 y fue aplicado a 266 empresas locales de diferentes caracter\u00edsticas, donde se obtendr\u00e1 informaci\u00f3n sobre el efecto de la pandemia en sus operaciones y las preferencias empresariales de capacitaci\u00f3n.<\/p>\n<p style=\"text-align: justify;\">El Director del Observatorio Laboral Ays\u00e9n, Marcio Villouta, expres\u00f3 \u201cNo es dif\u00edcil observar en los datos que la pandemia ha dejado a muchas Pymes en nuestra regi\u00f3n con complicaciones y otras sin ventas o movimientos en meses, pero adem\u00e1s de la dr\u00e1stica reducci\u00f3n de ventas que supusieron los confinamientos estrictos y la ca\u00edda en la actividad, a la fecha a\u00fan vemos como bajo la participaci\u00f3n femenina en el mercado laboral y adem\u00e1s un aumento en la informalidad laboral, situaci\u00f3n a la cual a\u00fan deben seguir\u00a0 enfrent\u00e1ndose. El desaf\u00edo por tanto no solo es generar empleo, sino que este se formalice y adem\u00e1s respete los derechos de los trabajadores\u201d.<\/p>\n<p style=\"text-align: justify;\">Se desarrollaron 126 encuestas en la provincia de Coyhaique, 60 en la provincia de Ays\u00e9n, 40 en la provincia de Capit\u00e1n Prat y 40 en la provincia de General Carrera. El objetivo de esta encuesta, aplicada por el Observatorio Laboral Ays\u00e9n, es convertirse en una herramienta relevante para, en primera instancia, conocer las necesidades de los principales sectores productivos de la regi\u00f3n, que permita atender sus demandas de capacitaci\u00f3n y proyectar una oferta id\u00f3nea a los desaf\u00edos productivos que estos presentan.<\/p>\n<p style=\"text-align: justify;\">En tal sentido, el Soci\u00f3logo y Analista Cuantitativo del observatorio Laboral Ays\u00e9n, Nicol\u00e1s Cifuentes, se\u00f1al\u00f3 \u201cEl principal aporte a la din\u00e1mica econ\u00f3mica de la regi\u00f3n que presenta esta encuesta, es que levanta desde primera fuente, acerca de c\u00f3mo se encuentran las peque\u00f1as y medianas empresa la regi\u00f3n de Ays\u00e9n, conocer c\u00f3mo fue su situaci\u00f3n a partir de la crisis social y la pandemia y con cuales proyecciones cuenta para los pr\u00f3ximos a\u00f1os. A partir de eso, nosotros hoy d\u00eda levantamos informaci\u00f3n acerca de las necesidades y requerimientos que tienen esas peque\u00f1as y medianas empresas, diversa distintos rubros, acerca de c\u00f3mo podr\u00eda el estado, mediante la capacitaci\u00f3n, otorgarles herramientas que les permitan primero subsistir en el tiempo, mejorar y crecer a medida que pasen los a\u00f1os con su emprendimiento\u201d.<\/p>\n<p style=\"text-align: justify;\">SENCE contar\u00e1 con antecedentes para la elaboraci\u00f3n y dise\u00f1o de una oferta program\u00e1tica adecuada y enfocada para cada \u00e1rea, potenciando y aportando datos en el sector productivo del Turismo que genera una gran cantidad de empleo relevante para nuestra regi\u00f3n. Los sectores a encuestar representan casi la mitad de los ocupados de la regi\u00f3n, por tanto, la informaci\u00f3n recogida ser\u00e1 enormemente \u00fatil, especialmente en el contexto actual de pandemia, para enfocar y anticipar la demanda por posibles programas de capacitaci\u00f3n y aportar al desarrollo de nuevas pol\u00edticas p\u00fablicas que apoyen la recuperaci\u00f3n econ\u00f3mica y fortalezcan la oferta de las micro y peque\u00f1as empresas regionales.<\/p>\n<\/div><\/section><\/div><div  style='height:50px' class='hr hr-invisible   avia-builder-el-6  el_after_av_one_full  el_before_av_social_share '><span class='hr-inner ' ><span class='hr-inner-style'><\/span><\/span><\/div><\/p>\n<div  class='av-social-sharing-box  avia-builder-el-7  el_after_av_hr  el_before_av_hr  '><div class='av-share-box'><h5 class='av-share-link-description av-no-toc '>Compartir esta noticia<\/h5><ul class='av-share-box-list noLightbox'><li class='av-share-link av-social-link-facebook' ><a target=\"_blank\" aria-label=\"Compartir en Facebook\" href='https:\/\/www.facebook.com\/sharer.php?u=https:\/\/radiorevelacionfm.cl\/?p=11270&#038;t=Encuesta%20a%20MIPES%20levanta%20diagn%C3%B3stico%20sobre%20necesidades%20de%20capacitaci%C3%B3n%20y%20desaf%C3%ADos%20productivos%20a%20lo%20largo%20de%20la%20regi%C3%B3n%20de%20Ays%C3%A9n' aria-hidden='false' data-av_icon='\ue8f3' data-av_iconfont='entypo-fontello' title='' data-avia-related-tooltip='Compartir en Facebook' rel=\"noopener\"><span class='avia_hidden_link_text'>Compartir en Facebook<\/span><\/a><\/li><li class='av-share-link av-social-link-twitter' ><a target=\"_blank\" aria-label=\"Compartir en Twitter\" href='https:\/\/twitter.com\/share?text=Encuesta%20a%20MIPES%20levanta%20diagn%C3%B3stico%20sobre%20necesidades%20de%20capacitaci%C3%B3n%20y%20desaf%C3%ADos%20productivos%20a%20lo%20largo%20de%20la%20regi%C3%B3n%20de%20Ays%C3%A9n&#038;url=https:\/\/radiorevelacionfm.cl\/?p=11270' aria-hidden='false' data-av_icon='\ue8f1' data-av_iconfont='entypo-fontello' title='' data-avia-related-tooltip='Compartir en Twitter' rel=\"noopener\"><span class='avia_hidden_link_text'>Compartir en Twitter<\/span><\/a><\/li><li class='av-share-link av-social-link-whatsapp' ><a target=\"_blank\" aria-label=\"Compartir en Whatsapp\" href='https:\/\/api.whatsapp.com\/send?text=https:\/\/radiorevelacionfm.cl\/?p=11270' aria-hidden='false' data-av_icon='\uf232' data-av_iconfont='entypo-fontello' title='' data-avia-related-tooltip='Compartir en Whatsapp' rel=\"noopener\"><span class='avia_hidden_link_text'>Compartir en Whatsapp<\/span><\/a><\/li><li class='av-share-link av-social-link-linkedin' ><a target=\"_blank\" aria-label=\"Compartir en LinkedIn\" href='https:\/\/linkedin.com\/shareArticle?mini=true&#038;title=Encuesta%20a%20MIPES%20levanta%20diagn%C3%B3stico%20sobre%20necesidades%20de%20capacitaci%C3%B3n%20y%20desaf%C3%ADos%20productivos%20a%20lo%20largo%20de%20la%20regi%C3%B3n%20de%20Ays%C3%A9n&#038;url=https:\/\/radiorevelacionfm.cl\/?p=11270' aria-hidden='false' data-av_icon='\ue8fc' data-av_iconfont='entypo-fontello' title='' data-avia-related-tooltip='Compartir en LinkedIn' rel=\"noopener\"><span class='avia_hidden_link_text'>Compartir en LinkedIn<\/span><\/a><\/li><li class='av-share-link av-social-link-mail' ><a  aria-label=\"Compartir por correo\" href='mailto:?subject=Encuesta%20a%20MIPES%20levanta%20diagn%C3%B3stico%20sobre%20necesidades%20de%20capacitaci%C3%B3n%20y%20desaf%C3%ADos%20productivos%20a%20lo%20largo%20de%20la%20regi%C3%B3n%20de%20Ays%C3%A9n&#038;body=https:\/\/radiorevelacionfm.cl\/?p=11270' aria-hidden='false' data-av_icon='\ue805' data-av_iconfont='entypo-fontello' title='' data-avia-related-tooltip='Compartir por correo'><span class='avia_hidden_link_text'>Compartir por correo<\/span><\/a><\/li><\/ul><\/div><\/div>\n<div  style='height:50px' class='hr hr-invisible   avia-builder-el-8  el_after_av_social_share  el_before_av_comments_list '><span class='hr-inner ' ><span class='hr-inner-style'><\/span><\/span><\/div>\n<div  class='av-buildercomment  av-blog-meta-html-info-disabled av-blog-meta-tag-disabled  '><\/div>\n","protected":false},"excerpt":{"rendered":"","protected":false},"author":1,"featured_media":11271,"comment_status":"open","ping_status":"open","sticky":false,"template":"","format":"standard","meta":{"footnotes":""},"categories":[45],"tags":[],"class_list":["post-11270","post","type-post","status-publish","format-standard","has-post-thumbnail","hentry","category-comercio"],"jetpack_featured_media_url":"https:\/\/radiorevelacionfm.cl\/wp-content\/uploads\/2021\/11\/MYPES-OLAYSEN-1-1.jpeg","_links":{"self":[{"href":"https:\/\/radiorevelacionfm.cl\/index.php?rest_route=\/wp\/v2\/posts\/11270","targetHints":{"allow":["GET"]}}],"collection":[{"href":"https:\/\/radiorevelacionfm.cl\/index.php?rest_route=\/wp\/v2\/posts"}],"about":[{"href":"https:\/\/radiorevelacionfm.cl\/index.php?rest_route=\/wp\/v2\/types\/post"}],"author":[{"embeddable":true,"href":"https:\/\/radiorevelacionfm.cl\/index.php?rest_route=\/wp\/v2\/users\/1"}],"replies":[{"embeddable":true,"href":"https:\/\/radiorevelacionfm.cl\/index.php?rest_route=%2Fwp%2Fv2%2Fcomments&post=11270"}],"version-history":[{"count":2,"href":"https:\/\/radiorevelacionfm.cl\/index.php?rest_route=\/wp\/v2\/posts\/11270\/revisions"}],"predecessor-version":[{"id":11290,"href":"https:\/\/radiorevelacionfm.cl\/index.php?rest_route=\/wp\/v2\/posts\/11270\/revisions\/11290"}],"wp:featuredmedia":[{"embeddable":true,"href":"https:\/\/radiorevelacionfm.cl\/index.php?rest_route=\/wp\/v2\/media\/11271"}],"wp:attachment":[{"href":"https:\/\/radiorevelacionfm.cl\/index.php?rest_route=%2Fwp%2Fv2%2Fmedia&parent=11270"}],"wp:term":[{"taxonomy":"category","embeddable":true,"href":"https:\/\/radiorevelacionfm.cl\/index.php?rest_route=%2Fwp%2Fv2%2Fcategories&post=11270"},{"taxonomy":"post_tag","embeddable":true,"href":"https:\/\/radiorevelacionfm.cl\/index.php?rest_route=%2Fwp%2Fv2%2Ftags&post=11270"}],"curies":[{"name":"wp","href":"https:\/\/api.w.org\/{rel}","templated":true}]}}