{"id":11265,"date":"2021-11-26T20:12:42","date_gmt":"2021-11-26T23:12:42","guid":{"rendered":"https:\/\/radiorevelacionfm.cl\/?p=11265"},"modified":"2021-11-26T20:12:42","modified_gmt":"2021-11-26T23:12:42","slug":"cuarenta-microempresarios-de-rio-ibanez-reciben-equipos-compraqui-del-bancoestado","status":"publish","type":"post","link":"https:\/\/radiorevelacionfm.cl\/?p=11265","title":{"rendered":"Cuarenta microempresarios de R\u00edo Ib\u00e1\u00f1ez reciben equipos Compraqu\u00ed del BancoEstado"},"content":{"rendered":"<div class=\"flex_column av_one_full  flex_column_div av-zero-column-padding first  avia-builder-el-0  el_before_av_one_full  avia-builder-el-first  \" style='border-radius:0px; '><div  class='avia-image-container  av-styling-    avia-builder-el-1  avia-builder-el-no-sibling  avia-align-center '  itemprop=\"image\" itemscope=\"itemscope\" itemtype=\"https:\/\/schema.org\/ImageObject\"  ><div class='avia-image-container-inner'><div class='avia-image-overlay-wrap'><img decoding=\"async\" class='wp-image-11266 avia-img-lazy-loading-not-11266 avia_image' src=\"https:\/\/radiorevelacionfm.cl\/wp-content\/uploads\/2021\/11\/img-4085-1-1_optimized.jpg\" alt='' title='img-4085-(1)-(1)_optimized' height=\"600\" width=\"800\"  itemprop=\"thumbnailUrl\" srcset=\"https:\/\/radiorevelacionfm.cl\/wp-content\/uploads\/2021\/11\/img-4085-1-1_optimized.jpg 800w, https:\/\/radiorevelacionfm.cl\/wp-content\/uploads\/2021\/11\/img-4085-1-1_optimized-300x225.jpg 300w, https:\/\/radiorevelacionfm.cl\/wp-content\/uploads\/2021\/11\/img-4085-1-1_optimized-768x576.jpg 768w, https:\/\/radiorevelacionfm.cl\/wp-content\/uploads\/2021\/11\/img-4085-1-1_optimized-705x529.jpg 705w, https:\/\/radiorevelacionfm.cl\/wp-content\/uploads\/2021\/11\/img-4085-1-1_optimized-600x450.jpg 600w\" sizes=\"(max-width: 800px) 100vw, 800px\" \/><\/div><\/div><\/div><\/div><div class=\"flex_column av_one_full  flex_column_div av-zero-column-padding first  avia-builder-el-2  el_after_av_one_full  el_before_av_one_full  column-top-margin\" style='border-radius:0px; '><section class=\"av_textblock_section \"  itemscope=\"itemscope\" itemtype=\"https:\/\/schema.org\/BlogPosting\" itemprop=\"blogPost\" ><div class='avia_textblock  '   itemprop=\"text\" ><p style=\"text-align: center;\"><strong><span style=\"font-size: 18pt;\">Cuarenta microempresarios de R\u00edo Ib\u00e1\u00f1ez reciben equipos Compraqu\u00ed del BancoEstado<\/span><\/strong><\/p>\n<div id=\"gtx-trans\" style=\"position: absolute; left: -50px; top: 4.31534px;\">\n<div class=\"gtx-trans-icon\"><\/div>\n<\/div>\n<\/div><\/section><\/div><div class=\"flex_column av_one_full  flex_column_div av-zero-column-padding first  avia-builder-el-4  el_after_av_one_full  el_before_av_hr  column-top-margin\" style='border-radius:0px; '><section class=\"av_textblock_section \"  itemscope=\"itemscope\" itemtype=\"https:\/\/schema.org\/BlogPosting\" itemprop=\"blogPost\" ><div class='avia_textblock  '   itemprop=\"text\" ><p style=\"font-weight: 400; text-align: justify;\">La pandemia ha tra\u00eddo diferentes desaf\u00edos y cambios en c\u00f3mo se desarrolla la sociedad, una de ellas ha sido el tema de los negocios. En la actualidad, la mayor\u00eda de los pagos se realizan con tarjetas para evitar cualquier tipo de contagio. Por esta raz\u00f3n, la Municipalidad de R\u00edo Ib\u00e1\u00f1ez gestion\u00f3 junto al BancoEstado la adquisici\u00f3n de 40 equipos de Compraqu\u00ed para ser distribuidos a comerciantes de la comuna.<\/p>\n<p style=\"font-weight: 400; text-align: justify;\">Estos dispositivos est\u00e1n siendo entregados a microempresarios de las cinco localidades de R\u00edo Ib\u00e1\u00f1ez, que les permitir\u00e1 aceptar pagos con tarjeta de d\u00e9bito, cr\u00e9dito Visa y Mastercard. Asimismo, ser\u00e1 de gran utilidad para la \u00e9poca tur\u00edstica y de ferias costumbristas que se vienen para la regi\u00f3n.<\/p>\n<p style=\"font-weight: 400; text-align: justify;\">Sobre esto, el alcalde de R\u00edo Ib\u00e1\u00f1ez, Marcelo Santana expres\u00f3 que \u201cpara nosotros era s\u00faper importante apoyar a nuestras Pymes, microempresas que tenemos en la comuna. Hoy en d\u00eda existe una necesidad grande de tener pagos electr\u00f3nicos, que podamos tener acceso a pagos con tarjeta. Pudimos conseguir 40 dispositivos de pago con tarjeta, que se denominan Compraqu\u00ed\u201d.<\/p>\n<p style=\"font-weight: 400; text-align: justify;\">Adem\u00e1s, el jefe comunal afirm\u00f3 que \u201ccon esto se va a poder acceder y mejorar la forma de pago que ellos-microempresarios- tienen en sus distintos emprendimientos, y de esta manera se apoya el desarrollo econ\u00f3mico local, puesto que muchas veces los turistas no tienen el efectivo necesario para poder adquirir los productos en cada una de las microempresas que tenemos en la comuna\u201d.<\/p>\n<p style=\"font-weight: 400; text-align: justify;\">Por su parte, una de las beneficiadas, Olga Aldauc, due\u00f1a y creadora del taller de reciclado,\u00a0 Rancho Naranja, manifest\u00f3 su felicidad por obtener este equipo. \u201cEsta m\u00e1quina viene del cielo porque arrancamos con temporadas de feria y todos sabemos que muy pocas personas cargan con efectivo. Agradecida\u201d, se\u00f1al\u00f3.<\/p>\n<p style=\"font-weight: 400; text-align: justify;\">Otra de las personas favorecidas, fue Elizabeth Telles, administradora de Caba\u00f1as Lo de Carlos, quien manifest\u00f3 que ser\u00e1 de gran ayuda, sobre todo por la \u00e9poca de turismo que se avecina:<\/p>\n<p style=\"font-weight: 400; text-align: justify;\">\u201cExcelente, es una muy buena iniciativa para las Pymes, porque esto nos facilita demasiado la atenci\u00f3n con nuestros clientes que cada d\u00eda va llegando. Hoy nosotros ya sabemos que por pandemia no se ocupa mucho el dinero en efectivo, siendo la operaci\u00f3n en tarjeta la m\u00e1s usada\u201d, declar\u00f3.<\/p>\n<p style=\"font-weight: 400; text-align: justify;\">Cabe destacar que este es uno de los dos convenios que ha adquirido la municipalidad con el BancoEstado. Hace unos d\u00edas atr\u00e1s, la entidad bancaria inaugur\u00f3 un t\u00f3tem de modelo autoservicio y atenci\u00f3n en R\u00edo Ib\u00e1\u00f1ez.<\/p>\n<\/div><\/section><\/div><div  style='height:50px' class='hr hr-invisible   avia-builder-el-6  el_after_av_one_full  el_before_av_social_share '><span class='hr-inner ' ><span class='hr-inner-style'><\/span><\/span><\/div><\/p>\n<div  class='av-social-sharing-box  avia-builder-el-7  el_after_av_hr  el_before_av_hr  '><div class='av-share-box'><h5 class='av-share-link-description av-no-toc '>Compartir esta noticia<\/h5><ul class='av-share-box-list noLightbox'><li class='av-share-link av-social-link-facebook' ><a target=\"_blank\" aria-label=\"Compartir en Facebook\" href='https:\/\/www.facebook.com\/sharer.php?u=https:\/\/radiorevelacionfm.cl\/?p=11265&#038;t=Cuarenta%20microempresarios%20de%20R%C3%ADo%20Ib%C3%A1%C3%B1ez%20reciben%20equipos%20Compraqu%C3%AD%20del%20BancoEstado' aria-hidden='false' data-av_icon='\ue8f3' data-av_iconfont='entypo-fontello' title='' data-avia-related-tooltip='Compartir en Facebook' rel=\"noopener\"><span class='avia_hidden_link_text'>Compartir en Facebook<\/span><\/a><\/li><li class='av-share-link av-social-link-twitter' ><a target=\"_blank\" aria-label=\"Compartir en Twitter\" href='https:\/\/twitter.com\/share?text=Cuarenta%20microempresarios%20de%20R%C3%ADo%20Ib%C3%A1%C3%B1ez%20reciben%20equipos%20Compraqu%C3%AD%20del%20BancoEstado&#038;url=https:\/\/radiorevelacionfm.cl\/?p=11265' aria-hidden='false' data-av_icon='\ue8f1' data-av_iconfont='entypo-fontello' title='' data-avia-related-tooltip='Compartir en Twitter' rel=\"noopener\"><span class='avia_hidden_link_text'>Compartir en Twitter<\/span><\/a><\/li><li class='av-share-link av-social-link-whatsapp' ><a target=\"_blank\" aria-label=\"Compartir en Whatsapp\" href='https:\/\/api.whatsapp.com\/send?text=https:\/\/radiorevelacionfm.cl\/?p=11265' aria-hidden='false' data-av_icon='\uf232' data-av_iconfont='entypo-fontello' title='' data-avia-related-tooltip='Compartir en Whatsapp' rel=\"noopener\"><span class='avia_hidden_link_text'>Compartir en Whatsapp<\/span><\/a><\/li><li class='av-share-link av-social-link-linkedin' ><a target=\"_blank\" aria-label=\"Compartir en LinkedIn\" href='https:\/\/linkedin.com\/shareArticle?mini=true&#038;title=Cuarenta%20microempresarios%20de%20R%C3%ADo%20Ib%C3%A1%C3%B1ez%20reciben%20equipos%20Compraqu%C3%AD%20del%20BancoEstado&#038;url=https:\/\/radiorevelacionfm.cl\/?p=11265' aria-hidden='false' data-av_icon='\ue8fc' data-av_iconfont='entypo-fontello' title='' data-avia-related-tooltip='Compartir en LinkedIn' rel=\"noopener\"><span class='avia_hidden_link_text'>Compartir en LinkedIn<\/span><\/a><\/li><li class='av-share-link av-social-link-mail' ><a  aria-label=\"Compartir por correo\" href='mailto:?subject=Cuarenta%20microempresarios%20de%20R%C3%ADo%20Ib%C3%A1%C3%B1ez%20reciben%20equipos%20Compraqu%C3%AD%20del%20BancoEstado&#038;body=https:\/\/radiorevelacionfm.cl\/?p=11265' aria-hidden='false' data-av_icon='\ue805' data-av_iconfont='entypo-fontello' title='' data-avia-related-tooltip='Compartir por correo'><span class='avia_hidden_link_text'>Compartir por correo<\/span><\/a><\/li><\/ul><\/div><\/div>\n<div  style='height:50px' class='hr hr-invisible   avia-builder-el-8  el_after_av_social_share  el_before_av_comments_list '><span class='hr-inner ' ><span class='hr-inner-style'><\/span><\/span><\/div>\n<div  class='av-buildercomment  av-blog-meta-html-info-disabled av-blog-meta-tag-disabled  '><\/div>\n","protected":false},"excerpt":{"rendered":"","protected":false},"author":1,"featured_media":11266,"comment_status":"open","ping_status":"open","sticky":false,"template":"","format":"standard","meta":{"footnotes":""},"categories":[38],"tags":[],"class_list":["post-11265","post","type-post","status-publish","format-standard","has-post-thumbnail","hentry","category-regional"],"jetpack_featured_media_url":"https:\/\/radiorevelacionfm.cl\/wp-content\/uploads\/2021\/11\/img-4085-1-1_optimized.jpg","_links":{"self":[{"href":"https:\/\/radiorevelacionfm.cl\/index.php?rest_route=\/wp\/v2\/posts\/11265","targetHints":{"allow":["GET"]}}],"collection":[{"href":"https:\/\/radiorevelacionfm.cl\/index.php?rest_route=\/wp\/v2\/posts"}],"about":[{"href":"https:\/\/radiorevelacionfm.cl\/index.php?rest_route=\/wp\/v2\/types\/post"}],"author":[{"embeddable":true,"href":"https:\/\/radiorevelacionfm.cl\/index.php?rest_route=\/wp\/v2\/users\/1"}],"replies":[{"embeddable":true,"href":"https:\/\/radiorevelacionfm.cl\/index.php?rest_route=%2Fwp%2Fv2%2Fcomments&post=11265"}],"version-history":[{"count":2,"href":"https:\/\/radiorevelacionfm.cl\/index.php?rest_route=\/wp\/v2\/posts\/11265\/revisions"}],"predecessor-version":[{"id":11268,"href":"https:\/\/radiorevelacionfm.cl\/index.php?rest_route=\/wp\/v2\/posts\/11265\/revisions\/11268"}],"wp:featuredmedia":[{"embeddable":true,"href":"https:\/\/radiorevelacionfm.cl\/index.php?rest_route=\/wp\/v2\/media\/11266"}],"wp:attachment":[{"href":"https:\/\/radiorevelacionfm.cl\/index.php?rest_route=%2Fwp%2Fv2%2Fmedia&parent=11265"}],"wp:term":[{"taxonomy":"category","embeddable":true,"href":"https:\/\/radiorevelacionfm.cl\/index.php?rest_route=%2Fwp%2Fv2%2Fcategories&post=11265"},{"taxonomy":"post_tag","embeddable":true,"href":"https:\/\/radiorevelacionfm.cl\/index.php?rest_route=%2Fwp%2Fv2%2Ftags&post=11265"}],"curies":[{"name":"wp","href":"https:\/\/api.w.org\/{rel}","templated":true}]}}