{"id":11260,"date":"2021-11-26T19:40:39","date_gmt":"2021-11-26T22:40:39","guid":{"rendered":"https:\/\/radiorevelacionfm.cl\/?p=11260"},"modified":"2021-11-26T19:40:39","modified_gmt":"2021-11-26T22:40:39","slug":"diputado-alinco-anuncia-solicitud-de-comision-investigadora-por-conectividad-en-el-lago-general-carrera","status":"publish","type":"post","link":"https:\/\/radiorevelacionfm.cl\/?p=11260","title":{"rendered":"Diputado Alinco anuncia solicitud de comisi\u00f3n investigadora por conectividad en el Lago General Carrera"},"content":{"rendered":"<div class=\"flex_column av_one_full  flex_column_div av-zero-column-padding first  avia-builder-el-0  el_before_av_one_full  avia-builder-el-first  \" style='border-radius:0px; '><div  class='avia-image-container  av-styling-    avia-builder-el-1  avia-builder-el-no-sibling  avia-align-center '  itemprop=\"image\" itemscope=\"itemscope\" itemtype=\"https:\/\/schema.org\/ImageObject\"  ><div class='avia-image-container-inner'><div class='avia-image-overlay-wrap'><img decoding=\"async\" class='wp-image-8943 avia-img-lazy-loading-not-8943 avia_image' src=\"https:\/\/radiorevelacionfm.cl\/wp-content\/uploads\/2021\/09\/DIPUTADO-2-1-1.jpeg\" alt='' title='DIPUTADO 2 (1) (1)' height=\"600\" width=\"859\"  itemprop=\"thumbnailUrl\" srcset=\"https:\/\/radiorevelacionfm.cl\/wp-content\/uploads\/2021\/09\/DIPUTADO-2-1-1.jpeg 859w, https:\/\/radiorevelacionfm.cl\/wp-content\/uploads\/2021\/09\/DIPUTADO-2-1-1-300x210.jpeg 300w, https:\/\/radiorevelacionfm.cl\/wp-content\/uploads\/2021\/09\/DIPUTADO-2-1-1-768x536.jpeg 768w, https:\/\/radiorevelacionfm.cl\/wp-content\/uploads\/2021\/09\/DIPUTADO-2-1-1-705x492.jpeg 705w, https:\/\/radiorevelacionfm.cl\/wp-content\/uploads\/2021\/09\/DIPUTADO-2-1-1-600x419.jpeg 600w\" sizes=\"(max-width: 859px) 100vw, 859px\" \/><\/div><\/div><\/div><\/div><div class=\"flex_column av_one_full  flex_column_div av-zero-column-padding first  avia-builder-el-2  el_after_av_one_full  el_before_av_one_full  column-top-margin\" style='border-radius:0px; '><section class=\"av_textblock_section \"  itemscope=\"itemscope\" itemtype=\"https:\/\/schema.org\/BlogPosting\" itemprop=\"blogPost\" ><div class='avia_textblock  '   itemprop=\"text\" ><p style=\"text-align: center;\"><strong><span style=\"font-size: 18pt;\">Diputado Alinco anuncia solicitud de comisi\u00f3n investigadora por conectividad en el Lago General Carrera <\/span><\/strong><\/p>\n<div id=\"gtx-trans\" style=\"position: absolute; left: -50px; top: 4.31534px;\">\n<div class=\"gtx-trans-icon\"><\/div>\n<\/div>\n<\/div><\/section><\/div><div class=\"flex_column av_one_full  flex_column_div av-zero-column-padding first  avia-builder-el-4  el_after_av_one_full  el_before_av_hr  column-top-margin\" style='border-radius:0px; '><section class=\"av_textblock_section \"  itemscope=\"itemscope\" itemtype=\"https:\/\/schema.org\/BlogPosting\" itemprop=\"blogPost\" ><div class='avia_textblock  '   itemprop=\"text\" ><p style=\"text-align: justify;\">Tras diferentes problemas que se han presentado en la comuna de Chile Chico en cuanto a la conectividad lacustre que la conecta con R\u00edo Ib\u00e1\u00f1ez y el resto de la regi\u00f3n, el parlamentario aysenino, Ren\u00e9 Alinco Bustos, se mostr\u00f3 disconforme con las \u201csoluciones parche\u201d que ha entregado el Gobierno en la regi\u00f3n y a nivel nacional a los vecinos de la zona que deben esperar las reparaciones de las barcazas o realizar viajes largos v\u00eda terrestre.<\/p>\n<p style=\"text-align: justify;\">En ese sentido el diputado cuestion\u00f3 el cumplimiento del contrato por parte de la empresa Somarco. \u201cen conversaci\u00f3n telef\u00f3nica, le dije al seremi de Transportes que aplique las garant\u00edas correspondientes y me dijo que no las pod\u00edan aplicar y que ten\u00eda que consultar a Santiago\u201d, inform\u00f3 el diputado, refiri\u00e9ndose a un extracto del contrato del servicio respecto de los informes que se deben presentar cuando ocurren desperfectos, \u201clos hemos solicitado y hasta el d\u00eda de hoy no ha llegado a nuestro poder\u201d, ante lo cual Alinco desliz\u00f3, \u201cme da la impresi\u00f3n de que la empresa nunca ha remitido esto por la mantenci\u00f3n de la barcaza Tehuelche y la Pilchero, a quien corresponde\u201d.<\/p>\n<p style=\"text-align: justify;\">Asimismo, el diputado coment\u00f3 que existen millonarias p\u00f3lizas de seguro comprometidas, \u201cla Tehuelche tiene un monto de 3 mil millones de pesos y la Pilchero de 450 millones de pesos\u201d. En esa misma l\u00ednea, Alinco Bustos indic\u00f3 que durante la siguiente semana se reunir\u00e1 con los ministros de Obras P\u00fablicas y de Transportes, \u201cpara informar que aqu\u00ed no se est\u00e1 cumpliendo el contrato\u201d, dijo el parlamentario.<\/p>\n<p style=\"text-align: justify;\"><strong>Comisi\u00f3n Investigadora<\/strong><\/p>\n<p style=\"text-align: justify;\">\u201cLa pr\u00f3xima semana voy a solicitar a la C\u00e1mara de Diputados la creaci\u00f3n de una comisi\u00f3n investigadora referente a este contrato que tiene la empresa Somarco en la conectividad del lago General Carrera. Vamos a pedir revisi\u00f3n de estos contratos millonarios, por lo tanto, vamos a pedir una investigaci\u00f3n de los contratos de esta empresa con el Estado chileno\u2026\u201d, inform\u00f3 el diputado.<\/p>\n<p style=\"text-align: justify;\">En esa l\u00ednea, el parlamentario coment\u00f3 que al parecer personajes de la pol\u00edtica nacional tienen v\u00ednculos con la mencionada empresa. \u201cYo espero que la comisi\u00f3n investigadora aclare esta situaci\u00f3n. Es hora de que aqu\u00ed se aclaren las situaciones\u201d, finaliz\u00f3 el diputado Ren\u00e9 Alinco Bustos.<\/p>\n<\/div><\/section><\/div><div  style='height:50px' class='hr hr-invisible   avia-builder-el-6  el_after_av_one_full  el_before_av_social_share '><span class='hr-inner ' ><span class='hr-inner-style'><\/span><\/span><\/div><\/p>\n<div  class='av-social-sharing-box  avia-builder-el-7  el_after_av_hr  el_before_av_hr  '><div class='av-share-box'><h5 class='av-share-link-description av-no-toc '>Compartir esta noticia<\/h5><ul class='av-share-box-list noLightbox'><li class='av-share-link av-social-link-facebook' ><a target=\"_blank\" aria-label=\"Compartir en Facebook\" href='https:\/\/www.facebook.com\/sharer.php?u=https:\/\/radiorevelacionfm.cl\/?p=11260&#038;t=Diputado%20Alinco%20anuncia%20solicitud%20de%20comisi%C3%B3n%20investigadora%20por%20conectividad%20en%20el%20Lago%20General%20Carrera' aria-hidden='false' data-av_icon='\ue8f3' data-av_iconfont='entypo-fontello' title='' data-avia-related-tooltip='Compartir en Facebook' rel=\"noopener\"><span class='avia_hidden_link_text'>Compartir en Facebook<\/span><\/a><\/li><li class='av-share-link av-social-link-twitter' ><a target=\"_blank\" aria-label=\"Compartir en Twitter\" href='https:\/\/twitter.com\/share?text=Diputado%20Alinco%20anuncia%20solicitud%20de%20comisi%C3%B3n%20investigadora%20por%20conectividad%20en%20el%20Lago%20General%20Carrera&#038;url=https:\/\/radiorevelacionfm.cl\/?p=11260' aria-hidden='false' data-av_icon='\ue8f1' data-av_iconfont='entypo-fontello' title='' data-avia-related-tooltip='Compartir en Twitter' rel=\"noopener\"><span class='avia_hidden_link_text'>Compartir en Twitter<\/span><\/a><\/li><li class='av-share-link av-social-link-whatsapp' ><a target=\"_blank\" aria-label=\"Compartir en Whatsapp\" href='https:\/\/api.whatsapp.com\/send?text=https:\/\/radiorevelacionfm.cl\/?p=11260' aria-hidden='false' data-av_icon='\uf232' data-av_iconfont='entypo-fontello' title='' data-avia-related-tooltip='Compartir en Whatsapp' rel=\"noopener\"><span class='avia_hidden_link_text'>Compartir en Whatsapp<\/span><\/a><\/li><li class='av-share-link av-social-link-linkedin' ><a target=\"_blank\" aria-label=\"Compartir en LinkedIn\" href='https:\/\/linkedin.com\/shareArticle?mini=true&#038;title=Diputado%20Alinco%20anuncia%20solicitud%20de%20comisi%C3%B3n%20investigadora%20por%20conectividad%20en%20el%20Lago%20General%20Carrera&#038;url=https:\/\/radiorevelacionfm.cl\/?p=11260' aria-hidden='false' data-av_icon='\ue8fc' data-av_iconfont='entypo-fontello' title='' data-avia-related-tooltip='Compartir en LinkedIn' rel=\"noopener\"><span class='avia_hidden_link_text'>Compartir en LinkedIn<\/span><\/a><\/li><li class='av-share-link av-social-link-mail' ><a  aria-label=\"Compartir por correo\" href='mailto:?subject=Diputado%20Alinco%20anuncia%20solicitud%20de%20comisi%C3%B3n%20investigadora%20por%20conectividad%20en%20el%20Lago%20General%20Carrera&#038;body=https:\/\/radiorevelacionfm.cl\/?p=11260' aria-hidden='false' data-av_icon='\ue805' data-av_iconfont='entypo-fontello' title='' data-avia-related-tooltip='Compartir por correo'><span class='avia_hidden_link_text'>Compartir por correo<\/span><\/a><\/li><\/ul><\/div><\/div>\n<div  style='height:50px' class='hr hr-invisible   avia-builder-el-8  el_after_av_social_share  el_before_av_comments_list '><span class='hr-inner ' ><span class='hr-inner-style'><\/span><\/span><\/div>\n<div  class='av-buildercomment  av-blog-meta-html-info-disabled av-blog-meta-tag-disabled  '><\/div>\n","protected":false},"excerpt":{"rendered":"","protected":false},"author":1,"featured_media":8943,"comment_status":"open","ping_status":"open","sticky":false,"template":"","format":"standard","meta":{"footnotes":""},"categories":[35],"tags":[],"class_list":["post-11260","post","type-post","status-publish","format-standard","has-post-thumbnail","hentry","category-politica"],"jetpack_featured_media_url":"https:\/\/radiorevelacionfm.cl\/wp-content\/uploads\/2021\/09\/DIPUTADO-2-1-1.jpeg","_links":{"self":[{"href":"https:\/\/radiorevelacionfm.cl\/index.php?rest_route=\/wp\/v2\/posts\/11260","targetHints":{"allow":["GET"]}}],"collection":[{"href":"https:\/\/radiorevelacionfm.cl\/index.php?rest_route=\/wp\/v2\/posts"}],"about":[{"href":"https:\/\/radiorevelacionfm.cl\/index.php?rest_route=\/wp\/v2\/types\/post"}],"author":[{"embeddable":true,"href":"https:\/\/radiorevelacionfm.cl\/index.php?rest_route=\/wp\/v2\/users\/1"}],"replies":[{"embeddable":true,"href":"https:\/\/radiorevelacionfm.cl\/index.php?rest_route=%2Fwp%2Fv2%2Fcomments&post=11260"}],"version-history":[{"count":2,"href":"https:\/\/radiorevelacionfm.cl\/index.php?rest_route=\/wp\/v2\/posts\/11260\/revisions"}],"predecessor-version":[{"id":11264,"href":"https:\/\/radiorevelacionfm.cl\/index.php?rest_route=\/wp\/v2\/posts\/11260\/revisions\/11264"}],"wp:featuredmedia":[{"embeddable":true,"href":"https:\/\/radiorevelacionfm.cl\/index.php?rest_route=\/wp\/v2\/media\/8943"}],"wp:attachment":[{"href":"https:\/\/radiorevelacionfm.cl\/index.php?rest_route=%2Fwp%2Fv2%2Fmedia&parent=11260"}],"wp:term":[{"taxonomy":"category","embeddable":true,"href":"https:\/\/radiorevelacionfm.cl\/index.php?rest_route=%2Fwp%2Fv2%2Fcategories&post=11260"},{"taxonomy":"post_tag","embeddable":true,"href":"https:\/\/radiorevelacionfm.cl\/index.php?rest_route=%2Fwp%2Fv2%2Ftags&post=11260"}],"curies":[{"name":"wp","href":"https:\/\/api.w.org\/{rel}","templated":true}]}}