{"id":11256,"date":"2021-11-26T19:27:39","date_gmt":"2021-11-26T22:27:39","guid":{"rendered":"https:\/\/radiorevelacionfm.cl\/?p=11256"},"modified":"2021-11-26T19:27:39","modified_gmt":"2021-11-26T22:27:39","slug":"cochrane-colision-entre-motocicletas-dejo-a-cuatro-menores-lesionados-uno-de-los-cuales-resulto-grave","status":"publish","type":"post","link":"https:\/\/radiorevelacionfm.cl\/?p=11256","title":{"rendered":"Cochrane: Colisi\u00f3n entre motocicletas dej\u00f3 a cuatro menores lesionados, uno de los cuales result\u00f3 grave"},"content":{"rendered":"<div class=\"flex_column av_one_full  flex_column_div av-zero-column-padding first  avia-builder-el-0  el_before_av_one_full  avia-builder-el-first  \" style='border-radius:0px; '><div  class='avia-image-container  av-styling-    avia-builder-el-1  avia-builder-el-no-sibling  avia-align-center '  itemprop=\"image\" itemscope=\"itemscope\" itemtype=\"https:\/\/schema.org\/ImageObject\"  ><div class='avia-image-container-inner'><div class='avia-image-overlay-wrap'><img decoding=\"async\" class='wp-image-11257 avia-img-lazy-loading-not-11257 avia_image' src=\"https:\/\/radiorevelacionfm.cl\/wp-content\/uploads\/2021\/11\/cochrane1-2-1-1.jpg\" alt='' title='cochrane1 (2) (1) (1)' height=\"600\" width=\"1075\"  itemprop=\"thumbnailUrl\" srcset=\"https:\/\/radiorevelacionfm.cl\/wp-content\/uploads\/2021\/11\/cochrane1-2-1-1.jpg 1075w, https:\/\/radiorevelacionfm.cl\/wp-content\/uploads\/2021\/11\/cochrane1-2-1-1-300x167.jpg 300w, https:\/\/radiorevelacionfm.cl\/wp-content\/uploads\/2021\/11\/cochrane1-2-1-1-1030x575.jpg 1030w, https:\/\/radiorevelacionfm.cl\/wp-content\/uploads\/2021\/11\/cochrane1-2-1-1-768x429.jpg 768w, https:\/\/radiorevelacionfm.cl\/wp-content\/uploads\/2021\/11\/cochrane1-2-1-1-705x393.jpg 705w, https:\/\/radiorevelacionfm.cl\/wp-content\/uploads\/2021\/11\/cochrane1-2-1-1-600x335.jpg 600w\" sizes=\"(max-width: 1075px) 100vw, 1075px\" \/><\/div><\/div><\/div><\/div><div class=\"flex_column av_one_full  flex_column_div av-zero-column-padding first  avia-builder-el-2  el_after_av_one_full  el_before_av_one_full  column-top-margin\" style='border-radius:0px; '><section class=\"av_textblock_section \"  itemscope=\"itemscope\" itemtype=\"https:\/\/schema.org\/BlogPosting\" itemprop=\"blogPost\" ><div class='avia_textblock  '   itemprop=\"text\" ><p style=\"text-align: center;\"><span style=\"font-size: 18pt;\"><b>Cochrane: Colisi\u00f3n entre motocicletas dej\u00f3 a cuatro menores lesionados, uno de los cuales result\u00f3 grave<\/b><\/span><\/p>\n<div id=\"gtx-trans\" style=\"position: absolute; left: -50px; top: 4.31534px;\">\n<div class=\"gtx-trans-icon\"><\/div>\n<\/div>\n<\/div><\/section><\/div><div class=\"flex_column av_one_full  flex_column_div av-zero-column-padding first  avia-builder-el-4  el_after_av_one_full  el_before_av_hr  column-top-margin\" style='border-radius:0px; '><section class=\"av_textblock_section \"  itemscope=\"itemscope\" itemtype=\"https:\/\/schema.org\/BlogPosting\" itemprop=\"blogPost\" ><div class='avia_textblock  '   itemprop=\"text\" ><p class=\"v1MsoNormal\" style=\"text-align: justify;\">Cuatro menores lesionados \u2013uno de ellos grave- dej\u00f3 como resultado una colisi\u00f3n entre dos motocicletas, accidente registrado a pasos de la Plaza de Armas en la ciudad de Cochrane, lugar hasta donde lleg\u00f3 personal de Carabineros de la Cuarta Comisar\u00eda (F) brindando el auxilio y cooperaci\u00f3n a los adolescentes, solicitando la concurrencia de una ambulancia al lugar.<\/p>\n<p class=\"v1MsoNormal\" style=\"text-align: justify;\">El Subcomisario Administrativo de esta Unidad, Teniente Diego Lira Bensa indic\u00f3 que el hecho se registr\u00f3 alrededor de las 02:00 horas del viernes, momento en que dos menores viajaban a bordo de cada motocicleta. \u00abAl parecer andaban haciendo carreras y producto de la velocidad que llevaban, no habr\u00edan alcanzado a girar en una esquina lo que habr\u00eda provocado la colisi\u00f3n. Se arrastraron varios metros y de los cuatro (ocupantes), uno termin\u00f3 con lesiones graves siendo trasladado a Coyhaique sin riesgo vital\u00bb, expres\u00f3 el Oficial, quien dijo que esta hip\u00f3tesis del accidente est\u00e1 siendo investigada.<\/p>\n<p class=\"v1MsoNormal\" style=\"text-align: justify;\">Asimismo indic\u00f3 que otro menor result\u00f3 con lesiones menos graves y otros dos con lesiones leves.<\/p>\n<p class=\"v1MsoNormal\" style=\"text-align: justify;\">\u00abTras tomar conocimiento del hecho, Carabineros concurri\u00f3 al lugar, prest\u00f3 el auxilio y tom\u00f3 contacto con el hospital solicitando la ambulancia. Se descart\u00f3 la ingesta de alcohol, se les hizo la alcoholemia- y ninguno arroj\u00f3 signos de haber bebido\u00bb, destac\u00f3.<\/p>\n<p class=\"v1MsoNormal\" style=\"text-align: justify;\">Los antecedentes del procedimiento fueron puestos en conocimiento de la Fiscal\u00eda local de esta ciudad, quedando uno de los conductores en espera de citaci\u00f3n por este hecho, en tanto que Carabineros dio cuenta al Juzgado de Familia por vulneraci\u00f3n de derecho al tratarse de menores de edad.<\/p>\n<p class=\"v1MsoNormal\" style=\"text-align: justify;\">Finalmente el Teniente Diego Lira reiter\u00f3 las recomendaciones a los padres con la finalidad de prestar la debida atenci\u00f3n, toda vez que los adolescentes no cuentan con la edad legal para la conducci\u00f3n de este tipo de veh\u00edculos motorizados, evitando que participen de carreras en la v\u00eda p\u00fablica, expres\u00f3 el Oficial, quien resalt\u00f3 que por fortuna no se registr\u00f3 una desgracia mayor tras el accidente.<\/p>\n<\/div><\/section><\/div><div  style='height:50px' class='hr hr-invisible   avia-builder-el-6  el_after_av_one_full  el_before_av_social_share '><span class='hr-inner ' ><span class='hr-inner-style'><\/span><\/span><\/div><\/p>\n<div  class='av-social-sharing-box  avia-builder-el-7  el_after_av_hr  el_before_av_hr  '><div class='av-share-box'><h5 class='av-share-link-description av-no-toc '>Compartir esta noticia<\/h5><ul class='av-share-box-list noLightbox'><li class='av-share-link av-social-link-facebook' ><a target=\"_blank\" aria-label=\"Compartir en Facebook\" href='https:\/\/www.facebook.com\/sharer.php?u=https:\/\/radiorevelacionfm.cl\/?p=11256&#038;t=Cochrane%3A%20Colisi%C3%B3n%20entre%20motocicletas%20dej%C3%B3%20a%20cuatro%20menores%20lesionados%2C%20uno%20de%20los%20cuales%20result%C3%B3%20grave' aria-hidden='false' data-av_icon='\ue8f3' data-av_iconfont='entypo-fontello' title='' data-avia-related-tooltip='Compartir en Facebook' rel=\"noopener\"><span class='avia_hidden_link_text'>Compartir en Facebook<\/span><\/a><\/li><li class='av-share-link av-social-link-twitter' ><a target=\"_blank\" aria-label=\"Compartir en Twitter\" href='https:\/\/twitter.com\/share?text=Cochrane%3A%20Colisi%C3%B3n%20entre%20motocicletas%20dej%C3%B3%20a%20cuatro%20menores%20lesionados%2C%20uno%20de%20los%20cuales%20result%C3%B3%20grave&#038;url=https:\/\/radiorevelacionfm.cl\/?p=11256' aria-hidden='false' data-av_icon='\ue8f1' data-av_iconfont='entypo-fontello' title='' data-avia-related-tooltip='Compartir en Twitter' rel=\"noopener\"><span class='avia_hidden_link_text'>Compartir en Twitter<\/span><\/a><\/li><li class='av-share-link av-social-link-whatsapp' ><a target=\"_blank\" aria-label=\"Compartir en Whatsapp\" href='https:\/\/api.whatsapp.com\/send?text=https:\/\/radiorevelacionfm.cl\/?p=11256' aria-hidden='false' data-av_icon='\uf232' data-av_iconfont='entypo-fontello' title='' data-avia-related-tooltip='Compartir en Whatsapp' rel=\"noopener\"><span class='avia_hidden_link_text'>Compartir en Whatsapp<\/span><\/a><\/li><li class='av-share-link av-social-link-linkedin' ><a target=\"_blank\" aria-label=\"Compartir en LinkedIn\" href='https:\/\/linkedin.com\/shareArticle?mini=true&#038;title=Cochrane%3A%20Colisi%C3%B3n%20entre%20motocicletas%20dej%C3%B3%20a%20cuatro%20menores%20lesionados%2C%20uno%20de%20los%20cuales%20result%C3%B3%20grave&#038;url=https:\/\/radiorevelacionfm.cl\/?p=11256' aria-hidden='false' data-av_icon='\ue8fc' data-av_iconfont='entypo-fontello' title='' data-avia-related-tooltip='Compartir en LinkedIn' rel=\"noopener\"><span class='avia_hidden_link_text'>Compartir en LinkedIn<\/span><\/a><\/li><li class='av-share-link av-social-link-mail' ><a  aria-label=\"Compartir por correo\" href='mailto:?subject=Cochrane%3A%20Colisi%C3%B3n%20entre%20motocicletas%20dej%C3%B3%20a%20cuatro%20menores%20lesionados%2C%20uno%20de%20los%20cuales%20result%C3%B3%20grave&#038;body=https:\/\/radiorevelacionfm.cl\/?p=11256' aria-hidden='false' data-av_icon='\ue805' data-av_iconfont='entypo-fontello' title='' data-avia-related-tooltip='Compartir por correo'><span class='avia_hidden_link_text'>Compartir por correo<\/span><\/a><\/li><\/ul><\/div><\/div>\n<div  style='height:50px' class='hr hr-invisible   avia-builder-el-8  el_after_av_social_share  el_before_av_comments_list '><span class='hr-inner ' ><span class='hr-inner-style'><\/span><\/span><\/div>\n<div  class='av-buildercomment  av-blog-meta-html-info-disabled av-blog-meta-tag-disabled  '><\/div>\n","protected":false},"excerpt":{"rendered":"","protected":false},"author":1,"featured_media":11257,"comment_status":"open","ping_status":"open","sticky":false,"template":"","format":"standard","meta":{"footnotes":""},"categories":[36],"tags":[],"class_list":["post-11256","post","type-post","status-publish","format-standard","has-post-thumbnail","hentry","category-policial"],"jetpack_featured_media_url":"https:\/\/radiorevelacionfm.cl\/wp-content\/uploads\/2021\/11\/cochrane1-2-1-1.jpg","_links":{"self":[{"href":"https:\/\/radiorevelacionfm.cl\/index.php?rest_route=\/wp\/v2\/posts\/11256","targetHints":{"allow":["GET"]}}],"collection":[{"href":"https:\/\/radiorevelacionfm.cl\/index.php?rest_route=\/wp\/v2\/posts"}],"about":[{"href":"https:\/\/radiorevelacionfm.cl\/index.php?rest_route=\/wp\/v2\/types\/post"}],"author":[{"embeddable":true,"href":"https:\/\/radiorevelacionfm.cl\/index.php?rest_route=\/wp\/v2\/users\/1"}],"replies":[{"embeddable":true,"href":"https:\/\/radiorevelacionfm.cl\/index.php?rest_route=%2Fwp%2Fv2%2Fcomments&post=11256"}],"version-history":[{"count":2,"href":"https:\/\/radiorevelacionfm.cl\/index.php?rest_route=\/wp\/v2\/posts\/11256\/revisions"}],"predecessor-version":[{"id":11259,"href":"https:\/\/radiorevelacionfm.cl\/index.php?rest_route=\/wp\/v2\/posts\/11256\/revisions\/11259"}],"wp:featuredmedia":[{"embeddable":true,"href":"https:\/\/radiorevelacionfm.cl\/index.php?rest_route=\/wp\/v2\/media\/11257"}],"wp:attachment":[{"href":"https:\/\/radiorevelacionfm.cl\/index.php?rest_route=%2Fwp%2Fv2%2Fmedia&parent=11256"}],"wp:term":[{"taxonomy":"category","embeddable":true,"href":"https:\/\/radiorevelacionfm.cl\/index.php?rest_route=%2Fwp%2Fv2%2Fcategories&post=11256"},{"taxonomy":"post_tag","embeddable":true,"href":"https:\/\/radiorevelacionfm.cl\/index.php?rest_route=%2Fwp%2Fv2%2Ftags&post=11256"}],"curies":[{"name":"wp","href":"https:\/\/api.w.org\/{rel}","templated":true}]}}