{"id":11252,"date":"2021-11-26T19:16:49","date_gmt":"2021-11-26T22:16:49","guid":{"rendered":"https:\/\/radiorevelacionfm.cl\/?p=11252"},"modified":"2021-11-26T19:16:49","modified_gmt":"2021-11-26T22:16:49","slug":"importantes-avances-presentan-proyectos-de-mejoramiento-en-establecimientos-dem-en-puerto-aysen","status":"publish","type":"post","link":"https:\/\/radiorevelacionfm.cl\/?p=11252","title":{"rendered":"Importantes avances presentan proyectos de mejoramiento en establecimientos DEM en Puerto Ays\u00e9n"},"content":{"rendered":"<div class=\"flex_column av_one_full  flex_column_div av-zero-column-padding first  avia-builder-el-0  el_before_av_one_full  avia-builder-el-first  \" style='border-radius:0px; '><div  class='avia-image-container  av-styling-    avia-builder-el-1  avia-builder-el-no-sibling  avia-align-center '  itemprop=\"image\" itemscope=\"itemscope\" itemtype=\"https:\/\/schema.org\/ImageObject\"  ><div class='avia-image-container-inner'><div class='avia-image-overlay-wrap'><img decoding=\"async\" class='wp-image-11253 avia-img-lazy-loading-not-11253 avia_image' src=\"https:\/\/radiorevelacionfm.cl\/wp-content\/uploads\/2021\/11\/ach4-1_optimized.jpg\" alt='' title='ach4-(1)_optimized' height=\"600\" width=\"800\"  itemprop=\"thumbnailUrl\" srcset=\"https:\/\/radiorevelacionfm.cl\/wp-content\/uploads\/2021\/11\/ach4-1_optimized.jpg 800w, https:\/\/radiorevelacionfm.cl\/wp-content\/uploads\/2021\/11\/ach4-1_optimized-300x225.jpg 300w, https:\/\/radiorevelacionfm.cl\/wp-content\/uploads\/2021\/11\/ach4-1_optimized-768x576.jpg 768w, https:\/\/radiorevelacionfm.cl\/wp-content\/uploads\/2021\/11\/ach4-1_optimized-705x529.jpg 705w, https:\/\/radiorevelacionfm.cl\/wp-content\/uploads\/2021\/11\/ach4-1_optimized-600x450.jpg 600w\" sizes=\"(max-width: 800px) 100vw, 800px\" \/><\/div><\/div><\/div><\/div><div class=\"flex_column av_one_full  flex_column_div av-zero-column-padding first  avia-builder-el-2  el_after_av_one_full  el_before_av_one_full  column-top-margin\" style='border-radius:0px; '><section class=\"av_textblock_section \"  itemscope=\"itemscope\" itemtype=\"https:\/\/schema.org\/BlogPosting\" itemprop=\"blogPost\" ><div class='avia_textblock  '   itemprop=\"text\" ><p style=\"text-align: center;\"><span style=\"font-size: 18pt;\"><strong>Importantes avances presentan proyectos de mejoramiento en establecimientos DEM en Puerto Ays\u00e9n<\/strong><\/span><\/p>\n<div id=\"gtx-trans\" style=\"position: absolute; left: -50px; top: 4.31534px;\">\n<div class=\"gtx-trans-icon\"><\/div>\n<\/div>\n<\/div><\/section><\/div><div class=\"flex_column av_one_full  flex_column_div av-zero-column-padding first  avia-builder-el-4  el_after_av_one_full  el_before_av_hr  column-top-margin\" style='border-radius:0px; '><section class=\"av_textblock_section \"  itemscope=\"itemscope\" itemtype=\"https:\/\/schema.org\/BlogPosting\" itemprop=\"blogPost\" ><div class='avia_textblock  '   itemprop=\"text\" ><p style=\"text-align: justify;\">M\u00e1s de un 60 por ciento de avance presentan las iniciativas de mejoramiento en el jard\u00edn infantil y sala cuna Ays\u00e9n Chiquito; y la escuela Litoral Austral, que este jueves fueron visitadas por la directora de Educaci\u00f3n Municipal, Tamara Villegas y la encargada de la unidad de Proyectos DEM, Karen Faundes.<\/p>\n<p style=\"text-align: justify;\">De esta manera, junto a la directora del establecimiento preb\u00e1sico, Ver\u00f3nica Z\u00fa\u00f1iga, iniciaron el recorrido en el sector Pedro Aguirre Cerda, en que se lleva a cabo el mejoramiento de la infraestructura del Ays\u00e9n Chiquito, y cuya inversi\u00f3n signific\u00f3 un monto superior a los $320 millones, provenientes de la Junta Nacional de Jardines Infantiles, JUNJI, a trav\u00e9s del Subt\u00edtulo 33.<\/p>\n<p style=\"text-align: justify;\">Al respecto, satisfecha se mostr\u00f3 la directora del jard\u00edn VTF, quien relev\u00f3 este proyecto que incorpora, entre otros, cambios de revestimiento interior y exterior, incorporaci\u00f3n de aislaci\u00f3n t\u00e9rmica, cambios de ventanas y puertas, reposici\u00f3n de cubierta y normalizaci\u00f3n de rampas y ba\u00f1os. \u201cLa visita ha sido bastante satisfactoria, las salas que est\u00e1n preciosas, los colores, los espacios, el mejoramiento t\u00e9rmico, que es una de las principales cosas que a\u00f1o a a\u00f1o nos afectaban, el tema de goteras en techumbres que estaban bastante deterioradas, los espacios que vamos a utilizar el pr\u00f3ximo a\u00f1o est\u00e1n definidos, as\u00ed que contentos esperando que pronto nos lo entreguen para que podamos ya estar funcionando con nuevos y mejores espacios de aprendizajes para los ni\u00f1os y ni\u00f1as\u201d, manifest\u00f3 Ver\u00f3nica Z\u00fa\u00f1iga.<\/p>\n<p style=\"text-align: justify;\">Por su parte, la profesional responsable de Proyectos de la Direcci\u00f3n de Educaci\u00f3n Municipal, Karen Faundes, enfatiz\u00f3 en que el mejoramiento general del establecimiento permitir\u00e1 prolongar la vida \u00fatil del edificio, para as\u00ed asegurar el bienestar de toda la comunidad educativa. \u201cEstimamos que durante el mes de marzo vamos a estar operativos para poner cambiarnos a este establecimiento, que busca mejorar todos y cada uno de sus espacios.\u00a0 Tambi\u00e9n hicimos el trabajo de colocar a cada sala su color, que sean colores m\u00e1s adecuados para un jard\u00edn porque generalmente uno tiene recursos solamente para ir reparando e ir adecuando de acuerdo a lo existente, pero en este caso tuvimos la posibilidad, con un monto mayor de adem\u00e1s de mejorar lo necesario, poder entregar de espacios m\u00e1s adecuados y pertinentes para todos los niveles que forman parte de este jard\u00edn infantil\u201d.<\/p>\n<p style=\"text-align: justify;\"><strong>LITORAL AUSTRAL<\/strong><\/p>\n<p style=\"text-align: justify;\">Posteriormente, se trasladaron hasta la escuela Litoral Austral, donde fueron recibidos por el director de este establecimiento, Carlos Alarc\u00f3n para apreciar en terreno el progreso que ha tenido la obra de mejoramiento durante su ejecuci\u00f3n. Iniciativa financiada por la Subsecretar\u00eda de Desarrollo Regional y Administrativo a trav\u00e9s del Programa de Mejoramiento Urbano, PMU, por un monto superior a los 56 millones de pesos, y que viene a complementar otras intervenciones impulsadas desde el DEM, como son el sistema de calefacci\u00f3n central, y reposici\u00f3n de ventanas y puertas.<\/p>\n<p style=\"text-align: justify;\">\u201cMuy contentos porque este es un proyecto que anhel\u00e1bamos por las condiciones en que se encontraba el revestimiento, as\u00ed que agradecemos la visita, que adem\u00e1s nos permite hacer presente otras situaciones, pensando en el mejor funcionamiento de la escuela, y hemos recibido bastante apoyo en todos aquellos requerimientos\u201d, se\u00f1al\u00f3 Alarc\u00f3n Carrillo agregando que \u201cmuchas veces nos pas\u00f3 que gente que no conoc\u00eda el establecimiento ingresaba y nos dec\u00eda que lindo por dentro, y nos hac\u00edan la observaci\u00f3n sobre el frontis, los costados y su deterioro. Cost\u00f3 mucho conseguir los recursos, y finalmente se pudo, as\u00ed que aprovechar la instancia para agradecer a los profesionales del DEM, a Gabriela y Karen, que siempre han estado muy pendientes de la realizaci\u00f3n de estos trabajos. Estamos muy confiados que en marzo partiremos con una escuela hermosa\u201d.<\/p>\n<p style=\"text-align: justify;\">Finalmente, la directora DEM, Tamara Villegas destac\u00f3 ambas iniciativas que apuntan a un objetivo en com\u00fan, como es mejorar la calidad de vida de alumnos y alumnas al tener mejores condiciones de infraestructura. \u201cEste 60 por ciento de avance es muy importante porque significa que estamos m\u00e1s cerca de, en el caso del jard\u00edn infantil, mejorar sustancialmente sus condiciones de habitabilidad y seguridad, con miras a obtener el reconocimiento oficial, certificando as\u00ed su calidad. En el caso de la escuela Litoral Austral, nos alegra que ese tipo de proyectos y estos mejoramientos de nuestros espacios p\u00fablicos de formaci\u00f3n para ni\u00f1os y ni\u00f1as de la comuna, se puedan llevar a cabo porque, en definitiva, beneficiar\u00e1 a la totalidad de la comunidad educativa\u201d.<\/p>\n<\/div><\/section><\/div><div  style='height:50px' class='hr hr-invisible   avia-builder-el-6  el_after_av_one_full  el_before_av_social_share '><span class='hr-inner ' ><span class='hr-inner-style'><\/span><\/span><\/div><\/p>\n<div  class='av-social-sharing-box  avia-builder-el-7  el_after_av_hr  el_before_av_hr  '><div class='av-share-box'><h5 class='av-share-link-description av-no-toc '>Compartir esta noticia<\/h5><ul class='av-share-box-list noLightbox'><li class='av-share-link av-social-link-facebook' ><a target=\"_blank\" aria-label=\"Compartir en Facebook\" href='https:\/\/www.facebook.com\/sharer.php?u=https:\/\/radiorevelacionfm.cl\/?p=11252&#038;t=Importantes%20avances%20presentan%20proyectos%20de%20mejoramiento%20en%20establecimientos%20DEM%20en%20Puerto%20Ays%C3%A9n' aria-hidden='false' data-av_icon='\ue8f3' data-av_iconfont='entypo-fontello' title='' data-avia-related-tooltip='Compartir en Facebook' rel=\"noopener\"><span class='avia_hidden_link_text'>Compartir en Facebook<\/span><\/a><\/li><li class='av-share-link av-social-link-twitter' ><a target=\"_blank\" aria-label=\"Compartir en Twitter\" href='https:\/\/twitter.com\/share?text=Importantes%20avances%20presentan%20proyectos%20de%20mejoramiento%20en%20establecimientos%20DEM%20en%20Puerto%20Ays%C3%A9n&#038;url=https:\/\/radiorevelacionfm.cl\/?p=11252' aria-hidden='false' data-av_icon='\ue8f1' data-av_iconfont='entypo-fontello' title='' data-avia-related-tooltip='Compartir en Twitter' rel=\"noopener\"><span class='avia_hidden_link_text'>Compartir en Twitter<\/span><\/a><\/li><li class='av-share-link av-social-link-whatsapp' ><a target=\"_blank\" aria-label=\"Compartir en Whatsapp\" href='https:\/\/api.whatsapp.com\/send?text=https:\/\/radiorevelacionfm.cl\/?p=11252' aria-hidden='false' data-av_icon='\uf232' data-av_iconfont='entypo-fontello' title='' data-avia-related-tooltip='Compartir en Whatsapp' rel=\"noopener\"><span class='avia_hidden_link_text'>Compartir en Whatsapp<\/span><\/a><\/li><li class='av-share-link av-social-link-linkedin' ><a target=\"_blank\" aria-label=\"Compartir en LinkedIn\" href='https:\/\/linkedin.com\/shareArticle?mini=true&#038;title=Importantes%20avances%20presentan%20proyectos%20de%20mejoramiento%20en%20establecimientos%20DEM%20en%20Puerto%20Ays%C3%A9n&#038;url=https:\/\/radiorevelacionfm.cl\/?p=11252' aria-hidden='false' data-av_icon='\ue8fc' data-av_iconfont='entypo-fontello' title='' data-avia-related-tooltip='Compartir en LinkedIn' rel=\"noopener\"><span class='avia_hidden_link_text'>Compartir en LinkedIn<\/span><\/a><\/li><li class='av-share-link av-social-link-mail' ><a  aria-label=\"Compartir por correo\" href='mailto:?subject=Importantes%20avances%20presentan%20proyectos%20de%20mejoramiento%20en%20establecimientos%20DEM%20en%20Puerto%20Ays%C3%A9n&#038;body=https:\/\/radiorevelacionfm.cl\/?p=11252' aria-hidden='false' data-av_icon='\ue805' data-av_iconfont='entypo-fontello' title='' data-avia-related-tooltip='Compartir por correo'><span class='avia_hidden_link_text'>Compartir por correo<\/span><\/a><\/li><\/ul><\/div><\/div>\n<div  style='height:50px' class='hr hr-invisible   avia-builder-el-8  el_after_av_social_share  el_before_av_comments_list '><span class='hr-inner ' ><span class='hr-inner-style'><\/span><\/span><\/div>\n<div  class='av-buildercomment  av-blog-meta-html-info-disabled av-blog-meta-tag-disabled  '><\/div>\n","protected":false},"excerpt":{"rendered":"","protected":false},"author":1,"featured_media":11253,"comment_status":"open","ping_status":"open","sticky":false,"template":"","format":"standard","meta":{"footnotes":""},"categories":[49],"tags":[],"class_list":["post-11252","post","type-post","status-publish","format-standard","has-post-thumbnail","hentry","category-educacion"],"jetpack_featured_media_url":"https:\/\/radiorevelacionfm.cl\/wp-content\/uploads\/2021\/11\/ach4-1_optimized.jpg","_links":{"self":[{"href":"https:\/\/radiorevelacionfm.cl\/index.php?rest_route=\/wp\/v2\/posts\/11252","targetHints":{"allow":["GET"]}}],"collection":[{"href":"https:\/\/radiorevelacionfm.cl\/index.php?rest_route=\/wp\/v2\/posts"}],"about":[{"href":"https:\/\/radiorevelacionfm.cl\/index.php?rest_route=\/wp\/v2\/types\/post"}],"author":[{"embeddable":true,"href":"https:\/\/radiorevelacionfm.cl\/index.php?rest_route=\/wp\/v2\/users\/1"}],"replies":[{"embeddable":true,"href":"https:\/\/radiorevelacionfm.cl\/index.php?rest_route=%2Fwp%2Fv2%2Fcomments&post=11252"}],"version-history":[{"count":2,"href":"https:\/\/radiorevelacionfm.cl\/index.php?rest_route=\/wp\/v2\/posts\/11252\/revisions"}],"predecessor-version":[{"id":11255,"href":"https:\/\/radiorevelacionfm.cl\/index.php?rest_route=\/wp\/v2\/posts\/11252\/revisions\/11255"}],"wp:featuredmedia":[{"embeddable":true,"href":"https:\/\/radiorevelacionfm.cl\/index.php?rest_route=\/wp\/v2\/media\/11253"}],"wp:attachment":[{"href":"https:\/\/radiorevelacionfm.cl\/index.php?rest_route=%2Fwp%2Fv2%2Fmedia&parent=11252"}],"wp:term":[{"taxonomy":"category","embeddable":true,"href":"https:\/\/radiorevelacionfm.cl\/index.php?rest_route=%2Fwp%2Fv2%2Fcategories&post=11252"},{"taxonomy":"post_tag","embeddable":true,"href":"https:\/\/radiorevelacionfm.cl\/index.php?rest_route=%2Fwp%2Fv2%2Ftags&post=11252"}],"curies":[{"name":"wp","href":"https:\/\/api.w.org\/{rel}","templated":true}]}}