{"id":11248,"date":"2021-11-26T18:59:30","date_gmt":"2021-11-26T21:59:30","guid":{"rendered":"https:\/\/radiorevelacionfm.cl\/?p=11248"},"modified":"2021-11-26T18:59:30","modified_gmt":"2021-11-26T21:59:30","slug":"agrupacion-de-derechos-humanos-rinde-un-nuevo-homenaje-a-la-memoria-de-jorge-orlando-vilugron-reyes-en-puerto-cisnes","status":"publish","type":"post","link":"https:\/\/radiorevelacionfm.cl\/?p=11248","title":{"rendered":"Agrupaci\u00f3n de Derechos Humanos rinde un nuevo homenaje a la Memoria de Jorge Orlando Vilugr\u00f3n Reyes en Puerto Cisnes"},"content":{"rendered":"<div class=\"flex_column av_one_full  flex_column_div av-zero-column-padding first  avia-builder-el-0  el_before_av_one_full  avia-builder-el-first  \" style='border-radius:0px; '><div  class='avia-image-container  av-styling-    avia-builder-el-1  avia-builder-el-no-sibling  avia-align-center '  itemprop=\"image\" itemscope=\"itemscope\" itemtype=\"https:\/\/schema.org\/ImageObject\"  ><div class='avia-image-container-inner'><div class='avia-image-overlay-wrap'><img decoding=\"async\" class='wp-image-11249 avia-img-lazy-loading-not-11249 avia_image' src=\"https:\/\/radiorevelacionfm.cl\/wp-content\/uploads\/2021\/11\/Homenaje-a-Jorge-Vilugron_27nov2021a-1-1.jpg\" alt='' title='Homenaje a Jorge Vilugr\u00f3n_27nov2021a (1) (1)' height=\"600\" width=\"1142\"  itemprop=\"thumbnailUrl\" srcset=\"https:\/\/radiorevelacionfm.cl\/wp-content\/uploads\/2021\/11\/Homenaje-a-Jorge-Vilugron_27nov2021a-1-1.jpg 1142w, https:\/\/radiorevelacionfm.cl\/wp-content\/uploads\/2021\/11\/Homenaje-a-Jorge-Vilugron_27nov2021a-1-1-300x158.jpg 300w, https:\/\/radiorevelacionfm.cl\/wp-content\/uploads\/2021\/11\/Homenaje-a-Jorge-Vilugron_27nov2021a-1-1-1030x541.jpg 1030w, https:\/\/radiorevelacionfm.cl\/wp-content\/uploads\/2021\/11\/Homenaje-a-Jorge-Vilugron_27nov2021a-1-1-768x404.jpg 768w, https:\/\/radiorevelacionfm.cl\/wp-content\/uploads\/2021\/11\/Homenaje-a-Jorge-Vilugron_27nov2021a-1-1-705x370.jpg 705w, https:\/\/radiorevelacionfm.cl\/wp-content\/uploads\/2021\/11\/Homenaje-a-Jorge-Vilugron_27nov2021a-1-1-600x315.jpg 600w\" sizes=\"(max-width: 1142px) 100vw, 1142px\" \/><\/div><\/div><\/div><\/div><div class=\"flex_column av_one_full  flex_column_div av-zero-column-padding first  avia-builder-el-2  el_after_av_one_full  el_before_av_one_full  column-top-margin\" style='border-radius:0px; '><section class=\"av_textblock_section \"  itemscope=\"itemscope\" itemtype=\"https:\/\/schema.org\/BlogPosting\" itemprop=\"blogPost\" ><div class='avia_textblock  '   itemprop=\"text\" ><p style=\"text-align: center;\"><strong><span style=\"font-size: 18pt;\">Agrupaci\u00f3n de Derechos Humanos rinde un nuevo homenaje a la Memoria de Jorge Orlando Vilugr\u00f3n Reyes en Puerto Cisnes<\/span><\/strong><\/p>\n<div id=\"gtx-trans\" style=\"position: absolute; left: -50px; top: 4.31534px;\">\n<div class=\"gtx-trans-icon\"><\/div>\n<\/div>\n<\/div><\/section><\/div><div class=\"flex_column av_one_full  flex_column_div av-zero-column-padding first  avia-builder-el-4  el_after_av_one_full  el_before_av_hr  column-top-margin\" style='border-radius:0px; '><section class=\"av_textblock_section \"  itemscope=\"itemscope\" itemtype=\"https:\/\/schema.org\/BlogPosting\" itemprop=\"blogPost\" ><div class='avia_textblock  '   itemprop=\"text\" ><p style=\"font-weight: 400; text-align: justify;\">\u201cNecesitamos construir la memoria desde la defensa de los derechos humanos\u201d.<\/p>\n<p style=\"font-weight: 400; text-align: justify;\">Este s\u00e1bado 27 de noviembre a las 15.00 horas en Puerto Cisnes se realizar\u00e1 el Homenaje al educador popular, obrero y socialista, Jorge Orlando Vilugr\u00f3n Reyes.<\/p>\n<p style=\"font-weight: 400; text-align: justify;\">Se trata de la re-instalaci\u00f3n por tercera vez de una placa recordatoria en una piedra a orilla del muelle de Puerto Cisnes.<\/p>\n<p style=\"font-weight: 400; text-align: justify;\">\u201cEl objetivo es mantener viva la memoria y que cada localidad sepa lo que sucedi\u00f3 en nuestro pa\u00eds, para que las futuras generaciones sepan lo que sucedi\u00f3 hace ya casi 50 a\u00f1os. Necesitamos construir la memoria desde la defensa de los derechos humanos\u201d, declara Mar\u00eda Erita Vera, presidenta de la Agrupaci\u00f3n de Derechos Humanos de Coyhaique.<\/p>\n<p style=\"font-weight: 400; text-align: justify;\">La primera placa recordatoria fue instalada en noviembre de 2019 por la Agrupaci\u00f3n de Derechos Humanos de Coyhaique, como parte del proyecto \u201cM\u00e1s memoria, mejores derechos, m\u00e1s ciudadan\u00eda\u201d.<\/p>\n<p style=\"font-weight: 400; text-align: justify;\">Jorge Orlando Vilugr\u00f3n Reyes fue detenido el 31 de septiembre de 1973 en la localidad de La Junta. Posteriormente, trasladado en muy malas condiciones a Puerto Cisnes, donde fue fusilado en la Costanera un 8 de octubre de 1973 a las 07:00 horas, por un Pelot\u00f3n de Carabineros. Con 27 a\u00f1os de edad, su cuerpo fue arrojado en el fiordo Puyuhuapi.<\/p>\n<p style=\"font-weight: 400; text-align: justify;\">Este homenaje es una de las actividades que estar\u00e1 realizando la Agrupaci\u00f3n en el Proyecto \u201cLa Ruta de la Memoria\u201d, actividad que es financiada por la Unidad de Cultura, Memoria y Derechos Humanos del Ministerio de las Culturas, las Artes y el Patrimonio.<\/p>\n<\/div><\/section><\/div><div  style='height:50px' class='hr hr-invisible   avia-builder-el-6  el_after_av_one_full  el_before_av_social_share '><span class='hr-inner ' ><span class='hr-inner-style'><\/span><\/span><\/div><\/p>\n<div  class='av-social-sharing-box  avia-builder-el-7  el_after_av_hr  el_before_av_hr  '><div class='av-share-box'><h5 class='av-share-link-description av-no-toc '>Compartir esta noticia<\/h5><ul class='av-share-box-list noLightbox'><li class='av-share-link av-social-link-facebook' ><a target=\"_blank\" aria-label=\"Compartir en Facebook\" href='https:\/\/www.facebook.com\/sharer.php?u=https:\/\/radiorevelacionfm.cl\/?p=11248&#038;t=Agrupaci%C3%B3n%20de%20Derechos%20Humanos%20rinde%20un%20nuevo%20homenaje%20a%20la%20Memoria%20de%20Jorge%20Orlando%20Vilugr%C3%B3n%20Reyes%20en%20Puerto%20Cisnes' aria-hidden='false' data-av_icon='\ue8f3' data-av_iconfont='entypo-fontello' title='' data-avia-related-tooltip='Compartir en Facebook' rel=\"noopener\"><span class='avia_hidden_link_text'>Compartir en Facebook<\/span><\/a><\/li><li class='av-share-link av-social-link-twitter' ><a target=\"_blank\" aria-label=\"Compartir en Twitter\" href='https:\/\/twitter.com\/share?text=Agrupaci%C3%B3n%20de%20Derechos%20Humanos%20rinde%20un%20nuevo%20homenaje%20a%20la%20Memoria%20de%20Jorge%20Orlando%20Vilugr%C3%B3n%20Reyes%20en%20Puerto%20Cisnes&#038;url=https:\/\/radiorevelacionfm.cl\/?p=11248' aria-hidden='false' data-av_icon='\ue8f1' data-av_iconfont='entypo-fontello' title='' data-avia-related-tooltip='Compartir en Twitter' rel=\"noopener\"><span class='avia_hidden_link_text'>Compartir en Twitter<\/span><\/a><\/li><li class='av-share-link av-social-link-whatsapp' ><a target=\"_blank\" aria-label=\"Compartir en Whatsapp\" href='https:\/\/api.whatsapp.com\/send?text=https:\/\/radiorevelacionfm.cl\/?p=11248' aria-hidden='false' data-av_icon='\uf232' data-av_iconfont='entypo-fontello' title='' data-avia-related-tooltip='Compartir en Whatsapp' rel=\"noopener\"><span class='avia_hidden_link_text'>Compartir en Whatsapp<\/span><\/a><\/li><li class='av-share-link av-social-link-linkedin' ><a target=\"_blank\" aria-label=\"Compartir en LinkedIn\" href='https:\/\/linkedin.com\/shareArticle?mini=true&#038;title=Agrupaci%C3%B3n%20de%20Derechos%20Humanos%20rinde%20un%20nuevo%20homenaje%20a%20la%20Memoria%20de%20Jorge%20Orlando%20Vilugr%C3%B3n%20Reyes%20en%20Puerto%20Cisnes&#038;url=https:\/\/radiorevelacionfm.cl\/?p=11248' aria-hidden='false' data-av_icon='\ue8fc' data-av_iconfont='entypo-fontello' title='' data-avia-related-tooltip='Compartir en LinkedIn' rel=\"noopener\"><span class='avia_hidden_link_text'>Compartir en LinkedIn<\/span><\/a><\/li><li class='av-share-link av-social-link-mail' ><a  aria-label=\"Compartir por correo\" href='mailto:?subject=Agrupaci%C3%B3n%20de%20Derechos%20Humanos%20rinde%20un%20nuevo%20homenaje%20a%20la%20Memoria%20de%20Jorge%20Orlando%20Vilugr%C3%B3n%20Reyes%20en%20Puerto%20Cisnes&#038;body=https:\/\/radiorevelacionfm.cl\/?p=11248' aria-hidden='false' data-av_icon='\ue805' data-av_iconfont='entypo-fontello' title='' data-avia-related-tooltip='Compartir por correo'><span class='avia_hidden_link_text'>Compartir por correo<\/span><\/a><\/li><\/ul><\/div><\/div>\n<div  style='height:50px' class='hr hr-invisible   avia-builder-el-8  el_after_av_social_share  el_before_av_comments_list '><span class='hr-inner ' ><span class='hr-inner-style'><\/span><\/span><\/div>\n<div  class='av-buildercomment  av-blog-meta-html-info-disabled av-blog-meta-tag-disabled  '><\/div>\n","protected":false},"excerpt":{"rendered":"","protected":false},"author":1,"featured_media":11249,"comment_status":"open","ping_status":"open","sticky":false,"template":"","format":"standard","meta":{"footnotes":""},"categories":[52],"tags":[],"class_list":["post-11248","post","type-post","status-publish","format-standard","has-post-thumbnail","hentry","category-cultura"],"jetpack_featured_media_url":"https:\/\/radiorevelacionfm.cl\/wp-content\/uploads\/2021\/11\/Homenaje-a-Jorge-Vilugron_27nov2021a-1-1.jpg","_links":{"self":[{"href":"https:\/\/radiorevelacionfm.cl\/index.php?rest_route=\/wp\/v2\/posts\/11248","targetHints":{"allow":["GET"]}}],"collection":[{"href":"https:\/\/radiorevelacionfm.cl\/index.php?rest_route=\/wp\/v2\/posts"}],"about":[{"href":"https:\/\/radiorevelacionfm.cl\/index.php?rest_route=\/wp\/v2\/types\/post"}],"author":[{"embeddable":true,"href":"https:\/\/radiorevelacionfm.cl\/index.php?rest_route=\/wp\/v2\/users\/1"}],"replies":[{"embeddable":true,"href":"https:\/\/radiorevelacionfm.cl\/index.php?rest_route=%2Fwp%2Fv2%2Fcomments&post=11248"}],"version-history":[{"count":2,"href":"https:\/\/radiorevelacionfm.cl\/index.php?rest_route=\/wp\/v2\/posts\/11248\/revisions"}],"predecessor-version":[{"id":11251,"href":"https:\/\/radiorevelacionfm.cl\/index.php?rest_route=\/wp\/v2\/posts\/11248\/revisions\/11251"}],"wp:featuredmedia":[{"embeddable":true,"href":"https:\/\/radiorevelacionfm.cl\/index.php?rest_route=\/wp\/v2\/media\/11249"}],"wp:attachment":[{"href":"https:\/\/radiorevelacionfm.cl\/index.php?rest_route=%2Fwp%2Fv2%2Fmedia&parent=11248"}],"wp:term":[{"taxonomy":"category","embeddable":true,"href":"https:\/\/radiorevelacionfm.cl\/index.php?rest_route=%2Fwp%2Fv2%2Fcategories&post=11248"},{"taxonomy":"post_tag","embeddable":true,"href":"https:\/\/radiorevelacionfm.cl\/index.php?rest_route=%2Fwp%2Fv2%2Ftags&post=11248"}],"curies":[{"name":"wp","href":"https:\/\/api.w.org\/{rel}","templated":true}]}}